{"id":35428,"date":"2022-09-22T21:52:38","date_gmt":"2022-09-23T00:52:38","guid":{"rendered":"https:\/\/temucotelevision.cl\/web\/?p=35428"},"modified":"2022-09-22T21:53:19","modified_gmt":"2022-09-23T00:53:19","slug":"huawei-reafirma-su-compromiso-con-america-latina-y-confirma-operaciones-de-tercer-data-center-en-chile-en-2023","status":"publish","type":"post","link":"https:\/\/temucotelevision.cl\/web\/2022\/09\/22\/huawei-reafirma-su-compromiso-con-america-latina-y-confirma-operaciones-de-tercer-data-center-en-chile-en-2023\/","title":{"rendered":"Huawei reafirma su compromiso con Am\u00e9rica Latina y\u00a0confirma operaciones de tercer data center en Chile en 2023"},"content":{"rendered":"<div class=\"pvc_clear\"><\/div><p id=\"pvc_stats_35428\" class=\"pvc_stats total_only  \" data-element-id=\"35428\" style=\"\"><i class=\"pvc-stats-icon large\" aria-hidden=\"true\"><svg aria-hidden=\"true\" focusable=\"false\" data-prefix=\"far\" data-icon=\"chart-bar\" role=\"img\" xmlns=\"http:\/\/www.w3.org\/2000\/svg\" viewBox=\"0 0 512 512\" class=\"svg-inline--fa fa-chart-bar fa-w-16 fa-2x\"><path fill=\"currentColor\" d=\"M396.8 352h22.4c6.4 0 12.8-6.4 12.8-12.8V108.8c0-6.4-6.4-12.8-12.8-12.8h-22.4c-6.4 0-12.8 6.4-12.8 12.8v230.4c0 6.4 6.4 12.8 12.8 12.8zm-192 0h22.4c6.4 0 12.8-6.4 12.8-12.8V140.8c0-6.4-6.4-12.8-12.8-12.8h-22.4c-6.4 0-12.8 6.4-12.8 12.8v198.4c0 6.4 6.4 12.8 12.8 12.8zm96 0h22.4c6.4 0 12.8-6.4 12.8-12.8V204.8c0-6.4-6.4-12.8-12.8-12.8h-22.4c-6.4 0-12.8 6.4-12.8 12.8v134.4c0 6.4 6.4 12.8 12.8 12.8zM496 400H48V80c0-8.84-7.16-16-16-16H16C7.16 64 0 71.16 0 80v336c0 17.67 14.33 32 32 32h464c8.84 0 16-7.16 16-16v-16c0-8.84-7.16-16-16-16zm-387.2-48h22.4c6.4 0 12.8-6.4 12.8-12.8v-70.4c0-6.4-6.4-12.8-12.8-12.8h-22.4c-6.4 0-12.8 6.4-12.8 12.8v70.4c0 6.4 6.4 12.8 12.8 12.8z\" class=\"\"><\/path><\/svg><\/i> <img loading=\"lazy\" decoding=\"async\" width=\"16\" height=\"16\" alt=\"Loading\" src=\"https:\/\/temucotelevision.cl\/web\/wp-content\/plugins\/page-views-count\/ajax-loader-2x.gif\" border=0 \/><\/p><div class=\"pvc_clear\"><\/div>\n<ul class=\"wp-block-list\"><li><strong><em>El gigante chino ya tiene seis centros de datos en Latam y sumar\u00e1 un s\u00e9ptimo en Colombia el pr\u00f3ximo a\u00f1o.&nbsp;<\/em><\/strong><strong><em><\/em><\/strong><\/li><\/ul>\n\n\n\n<p>&nbsp;&nbsp;&nbsp;&nbsp;&nbsp;&nbsp;&nbsp;&nbsp;&nbsp;&nbsp;&nbsp;&nbsp;&nbsp;&nbsp;&nbsp;&nbsp;&nbsp;&nbsp;Buscando impulsar el crecimiento y el uso de la nube en Am\u00e9rica Latina para hacer el trabajo m\u00e1s sencillo a las empresas y servicios, Huawei present\u00f3 su estrategia en el Cloud Summit Latam 2022, en R\u00edo de Janeiro.&nbsp;&nbsp;&nbsp;&nbsp;&nbsp;&nbsp;&nbsp;<\/p>\n\n\n\n<p>El presidente de Huawei Cloud Latinoam\u00e9rica, Fernando Liu, expres\u00f3 que \u201cnuestra estrategia para respaldar el negocio de Am\u00e9rica Latina es adoptar la nube p\u00fablica y para eso estamos enfocados en profundizar nuestra presencia aqu\u00ed. Ya contamos con seis centros de datos y sumaremos uno nuevo en Colombia, lo que nos permitir\u00e1 seguir creciendo y profundizando nuestros servicios; asimismo, nuestro tercer data center en Chile estar\u00e1 operativo en 2023\u201d.<\/p>\n\n\n\n<p>&nbsp;&nbsp;&nbsp;&nbsp;&nbsp;Para fin de a\u00f1o, Huawei ya habr\u00e1 implementado 29 regiones y 75 zonas de disponibilidad. Su servicio en la nube est\u00e1 disponible en m\u00e1s de 170 pa\u00edses en todo el mundo. En tanto, en Am\u00e9rica Latina ya se encuentra en tres regiones: M\u00e9xico, Chile y Brasil; y zonas locales disponibles en Argentina y Per\u00fa. Por otra parte, Huawei Cloud se compromete a construir una red global que permita acceder a los servicios de Huawei Cloud en 50 milisegundos desde cualquier parte del mundo.&nbsp;<\/p>\n\n\n\n<p>&nbsp;&nbsp;&nbsp;&nbsp;&nbsp;&nbsp;\u201cHasta ahora, somos el \u00fanico proveedor de la nube que puede proporcionar una latencia tan baja al cliente de Am\u00e9rica Latina, que es la clave para que el cliente adopte y se pase a la nube f\u00e1cilmente. Huawei Cloud construir\u00e1 y cuidar\u00e1 la infraestructura: los servidores, el almacenamiento, las redes, la redundancia, la seguridad y todo lo dem\u00e1s, para que los clientes no necesiten construir sus propios centros de datos. Con una conexi\u00f3n local a nuestra nube, solo se necesita un clic para obtener Infraestructura como servicio\u201d, indic\u00f3 Liu.<\/p>\n\n\n\n<p>\u00a0\u00a0\u00a0\u00a0\u00a0\u00a0\u00a0\u00a0\u00a0\u00a0El gigante asiatico continuar\u00e1 impulsando a las industrias a trav\u00e9s de infraestructura como servicio, tecnolog\u00eda como servicio y experiencia como servicio, para dar rienda suelta a lo digital con todo como servicio y construir la base de la nube para fomentar un mundo inteligente.\u00a0<\/p>\n\n\n\n<figure class=\"wp-block-image size-large\"><img loading=\"lazy\" decoding=\"async\" width=\"1024\" height=\"681\" src=\"https:\/\/temucotelevision.cl\/web\/wp-content\/uploads\/2022\/09\/REI9598-1024x681.jpg\" alt=\"\" class=\"wp-image-35431\" srcset=\"https:\/\/temucotelevision.cl\/web\/wp-content\/uploads\/2022\/09\/REI9598-1024x681.jpg 1024w, https:\/\/temucotelevision.cl\/web\/wp-content\/uploads\/2022\/09\/REI9598-768x511.jpg 768w, https:\/\/temucotelevision.cl\/web\/wp-content\/uploads\/2022\/09\/REI9598-1536x1022.jpg 1536w, https:\/\/temucotelevision.cl\/web\/wp-content\/uploads\/2022\/09\/REI9598-2048x1363.jpg 2048w\" sizes=\"auto, (max-width: 1024px) 100vw, 1024px\" \/><\/figure>\n","protected":false},"excerpt":{"rendered":"<div class=\"pvc_clear\"><\/div>\n<p id=\"pvc_stats_35428\" class=\"pvc_stats total_only  \" data-element-id=\"35428\" style=\"\"><i class=\"pvc-stats-icon large\" aria-hidden=\"true\"><svg aria-hidden=\"true\" focusable=\"false\" data-prefix=\"far\" data-icon=\"chart-bar\" role=\"img\" xmlns=\"http:\/\/www.w3.org\/2000\/svg\" viewBox=\"0 0 512 512\" class=\"svg-inline--fa fa-chart-bar fa-w-16 fa-2x\"><path fill=\"currentColor\" d=\"M396.8 352h22.4c6.4 0 12.8-6.4 12.8-12.8V108.8c0-6.4-6.4-12.8-12.8-12.8h-22.4c-6.4 0-12.8 6.4-12.8 12.8v230.4c0 6.4 6.4 12.8 12.8 12.8zm-192 0h22.4c6.4 0 12.8-6.4 12.8-12.8V140.8c0-6.4-6.4-12.8-12.8-12.8h-22.4c-6.4 0-12.8 6.4-12.8 12.8v198.4c0 6.4 6.4 12.8 12.8 12.8zm96 0h22.4c6.4 0 12.8-6.4 12.8-12.8V204.8c0-6.4-6.4-12.8-12.8-12.8h-22.4c-6.4 0-12.8 6.4-12.8 12.8v134.4c0 6.4 6.4 12.8 12.8 12.8zM496 400H48V80c0-8.84-7.16-16-16-16H16C7.16 64 0 71.16 0 80v336c0 17.67 14.33 32 32 32h464c8.84 0 16-7.16 16-16v-16c0-8.84-7.16-16-16-16zm-387.2-48h22.4c6.4 0 12.8-6.4 12.8-12.8v-70.4c0-6.4-6.4-12.8-12.8-12.8h-22.4c-6.4 0-12.8 6.4-12.8 12.8v70.4c0 6.4 6.4 12.8 12.8 12.8z\" class=\"\"><\/path><\/svg><\/i> <img loading=\"lazy\" decoding=\"async\" width=\"16\" height=\"16\" alt=\"Loading\" src=\"https:\/\/temucotelevision.cl\/web\/wp-content\/plugins\/page-views-count\/ajax-loader-2x.gif\" border=0 \/><\/p>\n<div class=\"pvc_clear\"><\/div>\n<p>El gigante chino ya tiene seis centros de datos en Latam y sumar\u00e1 un s\u00e9ptimo en Colombia el pr\u00f3ximo a\u00f1o.&nbsp;<\/p>\n","protected":false},"author":1,"featured_media":35429,"comment_status":"open","ping_status":"open","sticky":false,"template":"","format":"standard","meta":{"colormag_page_container_layout":"default_layout","colormag_page_sidebar_layout":"default_layout","footnotes":""},"categories":[101],"tags":[5644,105,2739,2622,1821],"class_list":["post-35428","post","type-post","status-publish","format-standard","has-post-thumbnail","hentry","category-actualidad","tag-center","tag-chile","tag-data","tag-datos","tag-huawei"],"a3_pvc":{"activated":true,"total_views":56,"today_views":0},"_links":{"self":[{"href":"https:\/\/temucotelevision.cl\/web\/wp-json\/wp\/v2\/posts\/35428","targetHints":{"allow":["GET"]}}],"collection":[{"href":"https:\/\/temucotelevision.cl\/web\/wp-json\/wp\/v2\/posts"}],"about":[{"href":"https:\/\/temucotelevision.cl\/web\/wp-json\/wp\/v2\/types\/post"}],"author":[{"embeddable":true,"href":"https:\/\/temucotelevision.cl\/web\/wp-json\/wp\/v2\/users\/1"}],"replies":[{"embeddable":true,"href":"https:\/\/temucotelevision.cl\/web\/wp-json\/wp\/v2\/comments?post=35428"}],"version-history":[{"count":2,"href":"https:\/\/temucotelevision.cl\/web\/wp-json\/wp\/v2\/posts\/35428\/revisions"}],"predecessor-version":[{"id":35432,"href":"https:\/\/temucotelevision.cl\/web\/wp-json\/wp\/v2\/posts\/35428\/revisions\/35432"}],"wp:featuredmedia":[{"embeddable":true,"href":"https:\/\/temucotelevision.cl\/web\/wp-json\/wp\/v2\/media\/35429"}],"wp:attachment":[{"href":"https:\/\/temucotelevision.cl\/web\/wp-json\/wp\/v2\/media?parent=35428"}],"wp:term":[{"taxonomy":"category","embeddable":true,"href":"https:\/\/temucotelevision.cl\/web\/wp-json\/wp\/v2\/categories?post=35428"},{"taxonomy":"post_tag","embeddable":true,"href":"https:\/\/temucotelevision.cl\/web\/wp-json\/wp\/v2\/tags?post=35428"}],"curies":[{"name":"wp","href":"https:\/\/api.w.org\/{rel}","templated":true}]}}