{"id":35423,"date":"2022-09-22T21:43:26","date_gmt":"2022-09-23T00:43:26","guid":{"rendered":"https:\/\/temucotelevision.cl\/web\/?p=35423"},"modified":"2022-09-22T21:46:55","modified_gmt":"2022-09-23T00:46:55","slug":"diputado-becker-y-hackeo-masivo-se-debe-investigar-a-fondo-y-saber-cual-es-la-responsabilidad-del-ministerio-de-defensa","status":"publish","type":"post","link":"https:\/\/temucotelevision.cl\/web\/2022\/09\/22\/diputado-becker-y-hackeo-masivo-se-debe-investigar-a-fondo-y-saber-cual-es-la-responsabilidad-del-ministerio-de-defensa\/","title":{"rendered":"Diputado Becker y hackeo masivo: &#8220;se debe investigar a fondo y saber cu\u00e1l es la responsabilidad del Ministerio de Defensa&#8221;"},"content":{"rendered":"<div class=\"pvc_clear\"><\/div><p id=\"pvc_stats_35423\" class=\"pvc_stats total_only  \" data-element-id=\"35423\" style=\"\"><i class=\"pvc-stats-icon large\" aria-hidden=\"true\"><svg aria-hidden=\"true\" focusable=\"false\" data-prefix=\"far\" data-icon=\"chart-bar\" role=\"img\" xmlns=\"http:\/\/www.w3.org\/2000\/svg\" viewBox=\"0 0 512 512\" class=\"svg-inline--fa fa-chart-bar fa-w-16 fa-2x\"><path fill=\"currentColor\" d=\"M396.8 352h22.4c6.4 0 12.8-6.4 12.8-12.8V108.8c0-6.4-6.4-12.8-12.8-12.8h-22.4c-6.4 0-12.8 6.4-12.8 12.8v230.4c0 6.4 6.4 12.8 12.8 12.8zm-192 0h22.4c6.4 0 12.8-6.4 12.8-12.8V140.8c0-6.4-6.4-12.8-12.8-12.8h-22.4c-6.4 0-12.8 6.4-12.8 12.8v198.4c0 6.4 6.4 12.8 12.8 12.8zm96 0h22.4c6.4 0 12.8-6.4 12.8-12.8V204.8c0-6.4-6.4-12.8-12.8-12.8h-22.4c-6.4 0-12.8 6.4-12.8 12.8v134.4c0 6.4 6.4 12.8 12.8 12.8zM496 400H48V80c0-8.84-7.16-16-16-16H16C7.16 64 0 71.16 0 80v336c0 17.67 14.33 32 32 32h464c8.84 0 16-7.16 16-16v-16c0-8.84-7.16-16-16-16zm-387.2-48h22.4c6.4 0 12.8-6.4 12.8-12.8v-70.4c0-6.4-6.4-12.8-12.8-12.8h-22.4c-6.4 0-12.8 6.4-12.8 12.8v70.4c0 6.4 6.4 12.8 12.8 12.8z\" class=\"\"><\/path><\/svg><\/i> <img loading=\"lazy\" decoding=\"async\" width=\"16\" height=\"16\" alt=\"Loading\" src=\"https:\/\/temucotelevision.cl\/web\/wp-content\/plugins\/page-views-count\/ajax-loader-2x.gif\" border=0 \/><\/p><div class=\"pvc_clear\"><\/div>\n<p>El diputado de Renovaci\u00f3n Nacional, Miguel Becker, se refiri\u00f3 al hackeo masivo que afect\u00f3 al Estado Mayor Conjunto y conllev\u00f3 la renuncia del General Guillermo Paiva, la cual se dio a conocer durante esta jornada.<\/p>\n\n\n\n<p><br>Becker, quien adem\u00e1s integra la comisi\u00f3n de Defensa, se\u00f1al\u00f3 que &#8220;la renuncia del General Guillermo Paiva va a permitir investigar a fondo la situaci\u00f3n de los correos electr\u00f3nicos que hoy d\u00eda la comunidad est\u00e1 conociendo. Pero tambi\u00e9n queremos saber cu\u00e1l es la responsabilidad de la Ministra de Defensa y de la subsecretar\u00eda de Guerra que est\u00e1n tambi\u00e9n relacionados con este tema&#8221;.&nbsp;<\/p>\n\n\n\n<p><br>El diputado representante del distrito 23, agreg\u00f3 que &#8220;pese a las inversiones que se han hecho en este \u00faltimo tiempo, ha habido una grave intervenci\u00f3n en los asuntos secretos del Ej\u00e9rcito y las Fuerzas Armadas. Esperamos que esta situaci\u00f3n sea investigada a fondo y todos los responsables tengan que salir de las instituciones respectivas\u201d, expres\u00f3 el legislador.<\/p>\n\n\n\n<div class=\"wp-block-media-text alignwide is-stacked-on-mobile\"><figure class=\"wp-block-media-text__media\"><video controls src=\"https:\/\/temucotelevision.cl\/web\/wp-content\/uploads\/2022\/09\/Diputado-Becker.mp4\"><\/video><\/figure><div class=\"wp-block-media-text__content\">\n<p class=\"has-medium-font-size\">Diputado Miguel Becker: &#8220;se debe investigar a fondo y saber cu\u00e1l es la responsabilidad del Ministerio de Defensa&#8221;<\/p>\n<\/div><\/div>\n","protected":false},"excerpt":{"rendered":"<div class=\"pvc_clear\"><\/div>\n<p id=\"pvc_stats_35423\" class=\"pvc_stats total_only  \" data-element-id=\"35423\" style=\"\"><i class=\"pvc-stats-icon large\" aria-hidden=\"true\"><svg aria-hidden=\"true\" focusable=\"false\" data-prefix=\"far\" data-icon=\"chart-bar\" role=\"img\" xmlns=\"http:\/\/www.w3.org\/2000\/svg\" viewBox=\"0 0 512 512\" class=\"svg-inline--fa fa-chart-bar fa-w-16 fa-2x\"><path fill=\"currentColor\" d=\"M396.8 352h22.4c6.4 0 12.8-6.4 12.8-12.8V108.8c0-6.4-6.4-12.8-12.8-12.8h-22.4c-6.4 0-12.8 6.4-12.8 12.8v230.4c0 6.4 6.4 12.8 12.8 12.8zm-192 0h22.4c6.4 0 12.8-6.4 12.8-12.8V140.8c0-6.4-6.4-12.8-12.8-12.8h-22.4c-6.4 0-12.8 6.4-12.8 12.8v198.4c0 6.4 6.4 12.8 12.8 12.8zm96 0h22.4c6.4 0 12.8-6.4 12.8-12.8V204.8c0-6.4-6.4-12.8-12.8-12.8h-22.4c-6.4 0-12.8 6.4-12.8 12.8v134.4c0 6.4 6.4 12.8 12.8 12.8zM496 400H48V80c0-8.84-7.16-16-16-16H16C7.16 64 0 71.16 0 80v336c0 17.67 14.33 32 32 32h464c8.84 0 16-7.16 16-16v-16c0-8.84-7.16-16-16-16zm-387.2-48h22.4c6.4 0 12.8-6.4 12.8-12.8v-70.4c0-6.4-6.4-12.8-12.8-12.8h-22.4c-6.4 0-12.8 6.4-12.8 12.8v70.4c0 6.4 6.4 12.8 12.8 12.8z\" class=\"\"><\/path><\/svg><\/i> <img loading=\"lazy\" decoding=\"async\" width=\"16\" height=\"16\" alt=\"Loading\" src=\"https:\/\/temucotelevision.cl\/web\/wp-content\/plugins\/page-views-count\/ajax-loader-2x.gif\" border=0 \/><\/p>\n<div class=\"pvc_clear\"><\/div>\n<p>El diputado de Renovaci\u00f3n Nacional, Miguel Becker, se refiri\u00f3 al hackeo masivo que afect\u00f3 al Estado Mayor Conjunto y conllev\u00f3<\/p>\n","protected":false},"author":1,"featured_media":5155,"comment_status":"open","ping_status":"open","sticky":false,"template":"","format":"standard","meta":{"colormag_page_container_layout":"default_layout","colormag_page_sidebar_layout":"default_layout","footnotes":""},"categories":[84],"tags":[5803,2709,154,3091],"class_list":["post-35423","post","type-post","status-publish","format-standard","has-post-thumbnail","hentry","category-politica","tag-correos","tag-defensa","tag-diputado","tag-hackeo"],"a3_pvc":{"activated":true,"total_views":78,"today_views":0},"_links":{"self":[{"href":"https:\/\/temucotelevision.cl\/web\/wp-json\/wp\/v2\/posts\/35423","targetHints":{"allow":["GET"]}}],"collection":[{"href":"https:\/\/temucotelevision.cl\/web\/wp-json\/wp\/v2\/posts"}],"about":[{"href":"https:\/\/temucotelevision.cl\/web\/wp-json\/wp\/v2\/types\/post"}],"author":[{"embeddable":true,"href":"https:\/\/temucotelevision.cl\/web\/wp-json\/wp\/v2\/users\/1"}],"replies":[{"embeddable":true,"href":"https:\/\/temucotelevision.cl\/web\/wp-json\/wp\/v2\/comments?post=35423"}],"version-history":[{"count":2,"href":"https:\/\/temucotelevision.cl\/web\/wp-json\/wp\/v2\/posts\/35423\/revisions"}],"predecessor-version":[{"id":35427,"href":"https:\/\/temucotelevision.cl\/web\/wp-json\/wp\/v2\/posts\/35423\/revisions\/35427"}],"wp:featuredmedia":[{"embeddable":true,"href":"https:\/\/temucotelevision.cl\/web\/wp-json\/wp\/v2\/media\/5155"}],"wp:attachment":[{"href":"https:\/\/temucotelevision.cl\/web\/wp-json\/wp\/v2\/media?parent=35423"}],"wp:term":[{"taxonomy":"category","embeddable":true,"href":"https:\/\/temucotelevision.cl\/web\/wp-json\/wp\/v2\/categories?post=35423"},{"taxonomy":"post_tag","embeddable":true,"href":"https:\/\/temucotelevision.cl\/web\/wp-json\/wp\/v2\/tags?post=35423"}],"curies":[{"name":"wp","href":"https:\/\/api.w.org\/{rel}","templated":true}]}}