{"id":35409,"date":"2022-09-22T17:19:34","date_gmt":"2022-09-22T20:19:34","guid":{"rendered":"https:\/\/temucotelevision.cl\/web\/?p=35409"},"modified":"2022-09-22T17:19:35","modified_gmt":"2022-09-22T20:19:35","slug":"director-nacional-de-conadi-anuncio-que-se-ejecutara-en-tiempo-record-el-100-del-presupuesto-para-compra-de-tierras-este-ano","status":"publish","type":"post","link":"https:\/\/temucotelevision.cl\/web\/2022\/09\/22\/director-nacional-de-conadi-anuncio-que-se-ejecutara-en-tiempo-record-el-100-del-presupuesto-para-compra-de-tierras-este-ano\/","title":{"rendered":"Director Nacional de CONADI anunci\u00f3 que se ejecutar\u00e1 en tiempo r\u00e9cord el 100% del presupuesto para compra de tierras este a\u00f1o"},"content":{"rendered":"<div class=\"pvc_clear\"><\/div><p id=\"pvc_stats_35409\" class=\"pvc_stats total_only  \" data-element-id=\"35409\" style=\"\"><i class=\"pvc-stats-icon large\" aria-hidden=\"true\"><svg aria-hidden=\"true\" focusable=\"false\" data-prefix=\"far\" data-icon=\"chart-bar\" role=\"img\" xmlns=\"http:\/\/www.w3.org\/2000\/svg\" viewBox=\"0 0 512 512\" class=\"svg-inline--fa fa-chart-bar fa-w-16 fa-2x\"><path fill=\"currentColor\" d=\"M396.8 352h22.4c6.4 0 12.8-6.4 12.8-12.8V108.8c0-6.4-6.4-12.8-12.8-12.8h-22.4c-6.4 0-12.8 6.4-12.8 12.8v230.4c0 6.4 6.4 12.8 12.8 12.8zm-192 0h22.4c6.4 0 12.8-6.4 12.8-12.8V140.8c0-6.4-6.4-12.8-12.8-12.8h-22.4c-6.4 0-12.8 6.4-12.8 12.8v198.4c0 6.4 6.4 12.8 12.8 12.8zm96 0h22.4c6.4 0 12.8-6.4 12.8-12.8V204.8c0-6.4-6.4-12.8-12.8-12.8h-22.4c-6.4 0-12.8 6.4-12.8 12.8v134.4c0 6.4 6.4 12.8 12.8 12.8zM496 400H48V80c0-8.84-7.16-16-16-16H16C7.16 64 0 71.16 0 80v336c0 17.67 14.33 32 32 32h464c8.84 0 16-7.16 16-16v-16c0-8.84-7.16-16-16-16zm-387.2-48h22.4c6.4 0 12.8-6.4 12.8-12.8v-70.4c0-6.4-6.4-12.8-12.8-12.8h-22.4c-6.4 0-12.8 6.4-12.8 12.8v70.4c0 6.4 6.4 12.8 12.8 12.8z\" class=\"\"><\/path><\/svg><\/i> <img loading=\"lazy\" decoding=\"async\" width=\"16\" height=\"16\" alt=\"Loading\" src=\"https:\/\/temucotelevision.cl\/web\/wp-content\/plugins\/page-views-count\/ajax-loader-2x.gif\" border=0 \/><\/p><div class=\"pvc_clear\"><\/div>\n<p><strong>El gasto p\u00fablico que llegar\u00e1 a los 35 mil millones de pesos, ya se encuentra comprometido administrativamente restando solo detalles para ejecutar todas las compras de manera in\u00e9dita durante el mes de octubre, el cual beneficiar\u00e1 a cerca de 15 comunidades mapuche de las regiones del Biob\u00edo, Araucan\u00eda y Los R\u00edos.<\/strong><\/p>\n\n\n\n<p>El anuncio fue realizado por el Director Nacional de CONADI, Luis Penchuleo Morales, quien se\u00f1al\u00f3 que la entidad de gobierno est\u00e1 cumpliendo con el compromiso del gobierno del Presidente Gabriel Boric de ejecutar todo el presupuesto asignado para la compra de tierras a comunidades mapuche v\u00eda el art\u00edculo 20 letra B.<\/p>\n\n\n\n<p>Recordemos que en el mes de mayo reci\u00e9n pasado, se increment\u00f3 el presupuesto para la compra de tierras, llegando a 35 mil millones en el art\u00edculo 20B, lo que significo poder comprar m\u00e1s tierras y as\u00ed beneficiar a m\u00e1s comunidades ind\u00edgenas.<\/p>\n\n\n\n<p>Luis Penchuleo Morales, Director Nacional de CONADI, se\u00f1al\u00f3 que \u201cnosotros tenemos en cuatro meses de gesti\u00f3n un 150% m\u00e1s de ejecuci\u00f3n presupuestaria que todo el 2021 en el art\u00edculo 20 letra B, entonces con el presupuesto en un inicio estimado en 15,000 millones de pesos, hoy d\u00eda ya incluso podemos acercarnos a los 40,000 millones de pesos comprometidos para fin de a\u00f1o y que se van a ejecutar prontamente. Ese es nuestro compromiso y estamos trabajando para cumplirlo\u201d.&nbsp;<\/p>\n\n\n\n<p>Cabe destacar que todas las compras de este a\u00f1o 2022 se realizaron de acuerdo a la ley de presupuesto, considerando antig\u00fcedad de la demanda, que los predios no estuvieran perturbados o en situaciones de hechos de violencia y que las comunidades cierren sus demandas territoriales al recibir tierras.<\/p>\n\n\n\n<p>Entre las comunidades beneficiadas este a\u00f1o, las cuales ya en su mayor\u00eda cuentan con sus escrituras firmadas o en proceso de toma de raz\u00f3n en Contralor\u00eda, se encuentran&nbsp;Andr\u00e9s Calbu\u00f1ir Epu de Lumaco, Jos\u00e9 Antonio Huaiquian 2 de Tolt\u00e9n, Amuley Lof Pichi Pantano 1 de Traigu\u00e9n, Juante Nahuelpan de Tir\u00faa, Puno\u00f1anco Llancapi de Panguipulli, Victorina Millablanca Mariano de Vilc\u00fan, Juan Calfuman de Teodoro Schmidt y Jos\u00e9 Huenchual 2 de Lautaro, restando otras cinco comunidades en proceso de toma de raz\u00f3n ante Contralor\u00eda, que en caso de resultar positivos completar\u00e1n el presupuesto destinado para la compra de tierras, de manera in\u00e9dita, durante octubre de 2022.<\/p>\n\n\n\n<p><\/p>\n","protected":false},"excerpt":{"rendered":"<div class=\"pvc_clear\"><\/div>\n<p id=\"pvc_stats_35409\" class=\"pvc_stats total_only  \" data-element-id=\"35409\" style=\"\"><i class=\"pvc-stats-icon large\" aria-hidden=\"true\"><svg aria-hidden=\"true\" focusable=\"false\" data-prefix=\"far\" data-icon=\"chart-bar\" role=\"img\" xmlns=\"http:\/\/www.w3.org\/2000\/svg\" viewBox=\"0 0 512 512\" class=\"svg-inline--fa fa-chart-bar fa-w-16 fa-2x\"><path fill=\"currentColor\" d=\"M396.8 352h22.4c6.4 0 12.8-6.4 12.8-12.8V108.8c0-6.4-6.4-12.8-12.8-12.8h-22.4c-6.4 0-12.8 6.4-12.8 12.8v230.4c0 6.4 6.4 12.8 12.8 12.8zm-192 0h22.4c6.4 0 12.8-6.4 12.8-12.8V140.8c0-6.4-6.4-12.8-12.8-12.8h-22.4c-6.4 0-12.8 6.4-12.8 12.8v198.4c0 6.4 6.4 12.8 12.8 12.8zm96 0h22.4c6.4 0 12.8-6.4 12.8-12.8V204.8c0-6.4-6.4-12.8-12.8-12.8h-22.4c-6.4 0-12.8 6.4-12.8 12.8v134.4c0 6.4 6.4 12.8 12.8 12.8zM496 400H48V80c0-8.84-7.16-16-16-16H16C7.16 64 0 71.16 0 80v336c0 17.67 14.33 32 32 32h464c8.84 0 16-7.16 16-16v-16c0-8.84-7.16-16-16-16zm-387.2-48h22.4c6.4 0 12.8-6.4 12.8-12.8v-70.4c0-6.4-6.4-12.8-12.8-12.8h-22.4c-6.4 0-12.8 6.4-12.8 12.8v70.4c0 6.4 6.4 12.8 12.8 12.8z\" class=\"\"><\/path><\/svg><\/i> <img loading=\"lazy\" decoding=\"async\" width=\"16\" height=\"16\" alt=\"Loading\" src=\"https:\/\/temucotelevision.cl\/web\/wp-content\/plugins\/page-views-count\/ajax-loader-2x.gif\" border=0 \/><\/p>\n<div class=\"pvc_clear\"><\/div>\n<p>El gasto p\u00fablico que llegar\u00e1 a los 35 mil millones de pesos, ya se encuentra comprometido administrativamente restando solo detalles<\/p>\n","protected":false},"author":1,"featured_media":35410,"comment_status":"open","ping_status":"open","sticky":false,"template":"","format":"standard","meta":{"colormag_page_container_layout":"default_layout","colormag_page_sidebar_layout":"default_layout","footnotes":""},"categories":[14],"tags":[749,1174,187,750],"class_list":["post-35409","post","type-post","status-publish","format-standard","has-post-thumbnail","hentry","category-temuco","tag-compras","tag-comunidades","tag-conadi","tag-tierras"],"a3_pvc":{"activated":true,"total_views":45,"today_views":0},"_links":{"self":[{"href":"https:\/\/temucotelevision.cl\/web\/wp-json\/wp\/v2\/posts\/35409","targetHints":{"allow":["GET"]}}],"collection":[{"href":"https:\/\/temucotelevision.cl\/web\/wp-json\/wp\/v2\/posts"}],"about":[{"href":"https:\/\/temucotelevision.cl\/web\/wp-json\/wp\/v2\/types\/post"}],"author":[{"embeddable":true,"href":"https:\/\/temucotelevision.cl\/web\/wp-json\/wp\/v2\/users\/1"}],"replies":[{"embeddable":true,"href":"https:\/\/temucotelevision.cl\/web\/wp-json\/wp\/v2\/comments?post=35409"}],"version-history":[{"count":1,"href":"https:\/\/temucotelevision.cl\/web\/wp-json\/wp\/v2\/posts\/35409\/revisions"}],"predecessor-version":[{"id":35411,"href":"https:\/\/temucotelevision.cl\/web\/wp-json\/wp\/v2\/posts\/35409\/revisions\/35411"}],"wp:featuredmedia":[{"embeddable":true,"href":"https:\/\/temucotelevision.cl\/web\/wp-json\/wp\/v2\/media\/35410"}],"wp:attachment":[{"href":"https:\/\/temucotelevision.cl\/web\/wp-json\/wp\/v2\/media?parent=35409"}],"wp:term":[{"taxonomy":"category","embeddable":true,"href":"https:\/\/temucotelevision.cl\/web\/wp-json\/wp\/v2\/categories?post=35409"},{"taxonomy":"post_tag","embeddable":true,"href":"https:\/\/temucotelevision.cl\/web\/wp-json\/wp\/v2\/tags?post=35409"}],"curies":[{"name":"wp","href":"https:\/\/api.w.org\/{rel}","templated":true}]}}