{"id":35406,"date":"2022-09-22T17:12:13","date_gmt":"2022-09-22T20:12:13","guid":{"rendered":"https:\/\/temucotelevision.cl\/web\/?p=35406"},"modified":"2022-09-22T17:12:13","modified_gmt":"2022-09-22T20:12:13","slug":"en-la-araucania-nace-importante-ong-para-conservar-los-bosques-del-sur","status":"publish","type":"post","link":"https:\/\/temucotelevision.cl\/web\/2022\/09\/22\/en-la-araucania-nace-importante-ong-para-conservar-los-bosques-del-sur\/","title":{"rendered":"En La Araucan\u00eda nace importante ONG para conservar los bosques del sur"},"content":{"rendered":"<div class=\"pvc_clear\"><\/div><p id=\"pvc_stats_35406\" class=\"pvc_stats total_only  \" data-element-id=\"35406\" style=\"\"><i class=\"pvc-stats-icon large\" aria-hidden=\"true\"><svg aria-hidden=\"true\" focusable=\"false\" data-prefix=\"far\" data-icon=\"chart-bar\" role=\"img\" xmlns=\"http:\/\/www.w3.org\/2000\/svg\" viewBox=\"0 0 512 512\" class=\"svg-inline--fa fa-chart-bar fa-w-16 fa-2x\"><path fill=\"currentColor\" d=\"M396.8 352h22.4c6.4 0 12.8-6.4 12.8-12.8V108.8c0-6.4-6.4-12.8-12.8-12.8h-22.4c-6.4 0-12.8 6.4-12.8 12.8v230.4c0 6.4 6.4 12.8 12.8 12.8zm-192 0h22.4c6.4 0 12.8-6.4 12.8-12.8V140.8c0-6.4-6.4-12.8-12.8-12.8h-22.4c-6.4 0-12.8 6.4-12.8 12.8v198.4c0 6.4 6.4 12.8 12.8 12.8zm96 0h22.4c6.4 0 12.8-6.4 12.8-12.8V204.8c0-6.4-6.4-12.8-12.8-12.8h-22.4c-6.4 0-12.8 6.4-12.8 12.8v134.4c0 6.4 6.4 12.8 12.8 12.8zM496 400H48V80c0-8.84-7.16-16-16-16H16C7.16 64 0 71.16 0 80v336c0 17.67 14.33 32 32 32h464c8.84 0 16-7.16 16-16v-16c0-8.84-7.16-16-16-16zm-387.2-48h22.4c6.4 0 12.8-6.4 12.8-12.8v-70.4c0-6.4-6.4-12.8-12.8-12.8h-22.4c-6.4 0-12.8 6.4-12.8 12.8v70.4c0 6.4 6.4 12.8 12.8 12.8z\" class=\"\"><\/path><\/svg><\/i> <img loading=\"lazy\" decoding=\"async\" width=\"16\" height=\"16\" alt=\"Loading\" src=\"https:\/\/temucotelevision.cl\/web\/wp-content\/plugins\/page-views-count\/ajax-loader-2x.gif\" border=0 \/><\/p><div class=\"pvc_clear\"><\/div>\n<p><strong>Conservar zonas naturales amenazadas, regenerar h\u00e1bitats y h\u00e1bitos, y educar(nos) como cohabitantes, son parte de los objetivos que inspiraron la creaci\u00f3n de esta ONG nacional que mediante diversos proyectos busca plasmar cambios reales en la forma en que nos relacionamos e impactamos a la naturaleza.&nbsp;<\/strong><\/p>\n\n\n\n<p>Luego de ocho a\u00f1os desarrollando diversas iniciativas para aprender de los bosques nativos y colaborar en la toma de conciencia de su resguardo, un grupo de cinco amantes de la naturaleza, que habitan la zona monta\u00f1osa de Palgu\u00edn en Puc\u00f3n, y movidos por la convicci\u00f3n de que el cambio a formas m\u00e1s conscientes y amigables con la naturaleza es posible, dieron vida a la&nbsp;<a href=\"https:\/\/www.cuidemosparaisos.cl\/\" target=\"_blank\" rel=\"noreferrer noopener\">Fundaci\u00f3n Cuidemos Para\u00edsos.<\/a><\/p>\n\n\n\n<p>La organizaci\u00f3n, formada como tal a inicios del 2021, cuenta con la experiencia de su equipo interdisciplinario de profesionales ubicados en el sur de Chile, que llevan a\u00f1os inmersos en programas regenerativos, y que se inspiran en el amor hacia la naturaleza para desarrollar iniciativas que logran un impacto verdadero en los territorios, fomentando la regeneraci\u00f3n del v\u00ednculo entre las personas y la naturaleza, con proyectos que fusionan ecolog\u00eda, arte ciencia, ancestralidad, educaci\u00f3n, etc.\u201d&nbsp;<\/p>\n\n\n\n<p>\u201cNos surgi\u00f3 la pregunta, \u00bfc\u00f3mo empezamos? Y decidimos hacerlo desde lo cotidiano, compostando, reciclando, reduciendo el consumo, bioconstruyendo, co-creando e investigando profundamente sobre la ciencia del bosque como ecosistema de referencia, con la mayor coherencia y responsabilidad posible, para proponer soluciones basadas en la naturaleza y sus principios. Confiamos que as\u00ed lograremos una vida m\u00e1s equilibrada y respetuosa con los ecosistemas. Y desde la experiencia nos abrimos a compartir lo aprendiendo para inspirar, con humildad, a otros habitantes de estos para\u00edsos\u201d, indica Felipe Navarrete, Fundador y Director de Cuidemos Para\u00edsos, refiri\u00e9ndose a los inicios de la fundaci\u00f3n.<\/p>\n\n\n\n<p>As\u00ed nace esta organizaci\u00f3n autogestionada, que se sustenta en la conservaci\u00f3n, regeneraci\u00f3n y educaci\u00f3n como los grandes ejes que dan vida a los proyectos que buscan materializarse en acciones inspiradas en las buenas ideas del bosque. \u201cActualmente contamos con 5 proyectos en curso, cuatro ya realizados y un nuevo proyecto que augura una hermosa huella verde en la comuna de Puc\u00f3n\u201d, explica Navarrete.<\/p>\n\n\n\n<p>Es as\u00ed como en casi dos a\u00f1os de acci\u00f3n Cuidemos Para\u00edsos ha logrado establecer alianzas colaborativas con m\u00e1s de 50 organizaciones a nivel nacional, cuatro universidades, diversas autoridades de comunidades originarias, adem\u00e1s de distintos colaboradores y colectivos locales. Todo con un solo fin, dar fuerza a proyectos que protegen la naturaleza.<\/p>\n\n\n\n<p>Y es que para Cuidemos Para\u00edsos, regenerar y conservar es participar conscientemente en la recuperaci\u00f3n de un ecosistema y de la totalidad del organismo vivo que es La Tierra.&nbsp; La regeneraci\u00f3n se consigue a trav\u00e9s de acciones espec\u00edficas, que ponen en marcha la capacidad humana natural de colaborar en pos de fortalecer la resiliencia de los ecosistemas. Asimismo, la organizaci\u00f3n se encarga de la labor de educar y bajo el lema \u2018Se cuida lo que se ama\u2019 se dedican a investigar, sistematizar y socializar el conocimiento y sabidur\u00eda en torno a la naturaleza. Para lograr as\u00ed sensibilizar y divulgar de forma cercana y pedag\u00f3gica los saberes que el bosque manifiesta, develando su majestuosidad.<\/p>\n\n\n\n<p>\u201cEl Bosque nos ha ense\u00f1ado que los grupos o comunidades de trabajo funcionan a trav\u00e9s de relaciones, flujos de energ\u00eda, colaboraci\u00f3n y acuerdos, donde cada elemento del sistema entrega sus dones, virtudes y habilidades para encontrar las mejores propuestas y soluciones de forma creativa. El ecosistema de Fundaci\u00f3n Cuidemos Para\u00edsos se nutre por el prop\u00f3sito mayor que todos reconocemos: El amor por la naturaleza y el derecho de todos los seres a un buen vivir\u201d, finaliza el director de Fundaci\u00f3n Cuidemos Para\u00edsos.<\/p>\n","protected":false},"excerpt":{"rendered":"<div class=\"pvc_clear\"><\/div>\n<p id=\"pvc_stats_35406\" class=\"pvc_stats total_only  \" data-element-id=\"35406\" style=\"\"><i class=\"pvc-stats-icon large\" aria-hidden=\"true\"><svg aria-hidden=\"true\" focusable=\"false\" data-prefix=\"far\" data-icon=\"chart-bar\" role=\"img\" xmlns=\"http:\/\/www.w3.org\/2000\/svg\" viewBox=\"0 0 512 512\" class=\"svg-inline--fa fa-chart-bar fa-w-16 fa-2x\"><path fill=\"currentColor\" d=\"M396.8 352h22.4c6.4 0 12.8-6.4 12.8-12.8V108.8c0-6.4-6.4-12.8-12.8-12.8h-22.4c-6.4 0-12.8 6.4-12.8 12.8v230.4c0 6.4 6.4 12.8 12.8 12.8zm-192 0h22.4c6.4 0 12.8-6.4 12.8-12.8V140.8c0-6.4-6.4-12.8-12.8-12.8h-22.4c-6.4 0-12.8 6.4-12.8 12.8v198.4c0 6.4 6.4 12.8 12.8 12.8zm96 0h22.4c6.4 0 12.8-6.4 12.8-12.8V204.8c0-6.4-6.4-12.8-12.8-12.8h-22.4c-6.4 0-12.8 6.4-12.8 12.8v134.4c0 6.4 6.4 12.8 12.8 12.8zM496 400H48V80c0-8.84-7.16-16-16-16H16C7.16 64 0 71.16 0 80v336c0 17.67 14.33 32 32 32h464c8.84 0 16-7.16 16-16v-16c0-8.84-7.16-16-16-16zm-387.2-48h22.4c6.4 0 12.8-6.4 12.8-12.8v-70.4c0-6.4-6.4-12.8-12.8-12.8h-22.4c-6.4 0-12.8 6.4-12.8 12.8v70.4c0 6.4 6.4 12.8 12.8 12.8z\" class=\"\"><\/path><\/svg><\/i> <img loading=\"lazy\" decoding=\"async\" width=\"16\" height=\"16\" alt=\"Loading\" src=\"https:\/\/temucotelevision.cl\/web\/wp-content\/plugins\/page-views-count\/ajax-loader-2x.gif\" border=0 \/><\/p>\n<div class=\"pvc_clear\"><\/div>\n<p>Conservar zonas naturales amenazadas, regenerar h\u00e1bitats y h\u00e1bitos, y educar(nos) como cohabitantes, son parte de los objetivos que inspiraron la<\/p>\n","protected":false},"author":1,"featured_media":35407,"comment_status":"open","ping_status":"open","sticky":false,"template":"","format":"standard","meta":{"colormag_page_container_layout":"default_layout","colormag_page_sidebar_layout":"default_layout","footnotes":""},"categories":[15],"tags":[2479,5768,651,415],"class_list":["post-35406","post","type-post","status-publish","format-standard","has-post-thumbnail","hentry","category-la-araucania","tag-bosques","tag-ong","tag-proyectos","tag-zonas"],"a3_pvc":{"activated":true,"total_views":156,"today_views":0},"_links":{"self":[{"href":"https:\/\/temucotelevision.cl\/web\/wp-json\/wp\/v2\/posts\/35406","targetHints":{"allow":["GET"]}}],"collection":[{"href":"https:\/\/temucotelevision.cl\/web\/wp-json\/wp\/v2\/posts"}],"about":[{"href":"https:\/\/temucotelevision.cl\/web\/wp-json\/wp\/v2\/types\/post"}],"author":[{"embeddable":true,"href":"https:\/\/temucotelevision.cl\/web\/wp-json\/wp\/v2\/users\/1"}],"replies":[{"embeddable":true,"href":"https:\/\/temucotelevision.cl\/web\/wp-json\/wp\/v2\/comments?post=35406"}],"version-history":[{"count":1,"href":"https:\/\/temucotelevision.cl\/web\/wp-json\/wp\/v2\/posts\/35406\/revisions"}],"predecessor-version":[{"id":35408,"href":"https:\/\/temucotelevision.cl\/web\/wp-json\/wp\/v2\/posts\/35406\/revisions\/35408"}],"wp:featuredmedia":[{"embeddable":true,"href":"https:\/\/temucotelevision.cl\/web\/wp-json\/wp\/v2\/media\/35407"}],"wp:attachment":[{"href":"https:\/\/temucotelevision.cl\/web\/wp-json\/wp\/v2\/media?parent=35406"}],"wp:term":[{"taxonomy":"category","embeddable":true,"href":"https:\/\/temucotelevision.cl\/web\/wp-json\/wp\/v2\/categories?post=35406"},{"taxonomy":"post_tag","embeddable":true,"href":"https:\/\/temucotelevision.cl\/web\/wp-json\/wp\/v2\/tags?post=35406"}],"curies":[{"name":"wp","href":"https:\/\/api.w.org\/{rel}","templated":true}]}}