{"id":35403,"date":"2022-09-22T16:48:22","date_gmt":"2022-09-22T19:48:22","guid":{"rendered":"https:\/\/temucotelevision.cl\/web\/?p=35403"},"modified":"2022-09-22T16:48:23","modified_gmt":"2022-09-22T19:48:23","slug":"cartelera-bar-de-rene-semana-del-22-al-24-de-septiembre","status":"publish","type":"post","link":"https:\/\/temucotelevision.cl\/web\/2022\/09\/22\/cartelera-bar-de-rene-semana-del-22-al-24-de-septiembre\/","title":{"rendered":"Cartelera Bar de Ren\u00e9: Semana del 22 al 24 de septiembre"},"content":{"rendered":"<div class=\"pvc_clear\"><\/div><p id=\"pvc_stats_35403\" class=\"pvc_stats total_only  \" data-element-id=\"35403\" style=\"\"><i class=\"pvc-stats-icon large\" aria-hidden=\"true\"><svg aria-hidden=\"true\" focusable=\"false\" data-prefix=\"far\" data-icon=\"chart-bar\" role=\"img\" xmlns=\"http:\/\/www.w3.org\/2000\/svg\" viewBox=\"0 0 512 512\" class=\"svg-inline--fa fa-chart-bar fa-w-16 fa-2x\"><path fill=\"currentColor\" d=\"M396.8 352h22.4c6.4 0 12.8-6.4 12.8-12.8V108.8c0-6.4-6.4-12.8-12.8-12.8h-22.4c-6.4 0-12.8 6.4-12.8 12.8v230.4c0 6.4 6.4 12.8 12.8 12.8zm-192 0h22.4c6.4 0 12.8-6.4 12.8-12.8V140.8c0-6.4-6.4-12.8-12.8-12.8h-22.4c-6.4 0-12.8 6.4-12.8 12.8v198.4c0 6.4 6.4 12.8 12.8 12.8zm96 0h22.4c6.4 0 12.8-6.4 12.8-12.8V204.8c0-6.4-6.4-12.8-12.8-12.8h-22.4c-6.4 0-12.8 6.4-12.8 12.8v134.4c0 6.4 6.4 12.8 12.8 12.8zM496 400H48V80c0-8.84-7.16-16-16-16H16C7.16 64 0 71.16 0 80v336c0 17.67 14.33 32 32 32h464c8.84 0 16-7.16 16-16v-16c0-8.84-7.16-16-16-16zm-387.2-48h22.4c6.4 0 12.8-6.4 12.8-12.8v-70.4c0-6.4-6.4-12.8-12.8-12.8h-22.4c-6.4 0-12.8 6.4-12.8 12.8v70.4c0 6.4 6.4 12.8 12.8 12.8z\" class=\"\"><\/path><\/svg><\/i> <img loading=\"lazy\" decoding=\"async\" width=\"16\" height=\"16\" alt=\"Loading\" src=\"https:\/\/temucotelevision.cl\/web\/wp-content\/plugins\/page-views-count\/ajax-loader-2x.gif\" border=0 \/><\/p><div class=\"pvc_clear\"><\/div>\n<p>Despide el mes de la Patria con lo mejor del rock chileno en el legendario\u00a0<strong>Bar de Ren\u00e9.<\/strong>\u00a0Esta semana te invita a disfrutar\u00a0en\u00a0sus dos ambientes,\u00a0<strong>escenario el\u00e9ctrico y ac\u00fastico,\u00a0<\/strong>con las mejores bandas y\u00a0nuevos talentos nacionales.<\/p>\n\n\n\n<p>Inicia el fin de semana este<strong>\u00a0jueves 22 de septiembre<\/strong>\u00a0en el escenario el\u00e9ctrico, con el rock\u00a0de\u00a0&#8220;Pope Joan&#8221;:\u00a0Banda chilena de rock progresivo fundada el a\u00f1o 2009, cuentan con 5 producciones discogr\u00e1ficas. Sus conciertos en vivo se caracterizan por ser muy intensos en lo musical, con tem\u00e1ticas l\u00edricas de alto contenido social, un show imperdible.<\/p>\n\n\n\n<p><br>Luego<strong>\u00a0<\/strong>la agrupaci\u00f3n<strong>\u00a0&#8220;Odessa&#8221;<\/strong>\u00a0cierra la noche\u00a0de jueves: Banda\u00a0que tiene como arma principal la performance, explotando el video art y por supuesto el rock, el pop y la m\u00fasica electr\u00f3nica, se definen como marginales y antisist\u00e9micos.<\/p>\n\n\n\n<p><strong>Viernes 23 de septiembre\u00a0<\/strong>es el turno de\u00a0<strong>&#8220;Chico Bestia&#8221;:<\/strong>\u00a0formados en\u00a0el 2016 en la quinta regi\u00f3n, cultivan el Indie con reminiscencias\u00a0<strong>Shoegaze\u00a0<\/strong>y variantes ligadas al\u00a0<strong>Hardcore<\/strong>, cuentan con 2 producciones, que repasaran finalizando la jornada.<\/p>\n\n\n\n<p>M\u00e1s tarde te podr\u00e1s deleitar con el arte\u00a0de\u00a0<strong>&#8220;El c\u00f3modo silencio de los que hablan poco&#8221;\u00a0<\/strong>claros y complejos como su nombre, rock alternativo que viaja entre la luz y la oscuridad, sonidos emo, hardcore y post rock, dejando espacio para algunos ecos de ra\u00edz folcl\u00f3rica. Cuentan con dos producciones,\u00a0<strong>Run Run del 2016 y Amanda del 2018.<\/strong><\/p>\n\n\n\n<p>Termina tu semana con el imponente\u00a0rock alternativo de\u00a0<strong>&#8220;Rama&#8221;:<\/strong>\u00a0Destacada banda nacional, referentes del denominado\u00a0<strong>n\u00fc y aggro metal,<\/strong>\u00a0con el pasar de los a\u00f1os fueron variando progresivamente a una m\u00fasica m\u00e1s transversal, buscando desarrollar un estilo y sonido \u00fanicos, objetivo que lograron sin lugar a dudas. Cuentan con 4 producciones de las cuales destacan\u00a0<strong>&#8220;Fugitivos&#8221; e &#8220;Imposible&#8221;<\/strong>\u00a0ambos producidos por\u00a0<strong>Pepe Lastarria.<\/strong><\/p>\n\n\n\n<p><\/p>\n\n\n\n<figure class=\"wp-block-image is-resized\"><img loading=\"lazy\" decoding=\"async\" src=\"https:\/\/ci5.googleusercontent.com\/proxy\/A0y5jkfuJ1_9rQpmBixbsM97Z6ewp5oM9c_l70YgrYs1TmXSV-E250CA9BS2vPBku61EZ4a45MfaZ5pPWLA6IrkE7pPlfZgLcYOOjUnbaFnNt0YGeN1v65tg4FpImsFIG-5rUwrYKtg3aMGRsRr-BouQKAa5-Q=s0-d-e1-ft#https:\/\/mcusercontent.com\/79a86e888635868c7967a8ae8\/images\/ec546fef-5d19-0848-9f3a-26c13798bdea.jpg\" alt=\"\" width=\"739\" height=\"923\"\/><\/figure>\n","protected":false},"excerpt":{"rendered":"<div class=\"pvc_clear\"><\/div>\n<p id=\"pvc_stats_35403\" class=\"pvc_stats total_only  \" data-element-id=\"35403\" style=\"\"><i class=\"pvc-stats-icon large\" aria-hidden=\"true\"><svg aria-hidden=\"true\" focusable=\"false\" data-prefix=\"far\" data-icon=\"chart-bar\" role=\"img\" xmlns=\"http:\/\/www.w3.org\/2000\/svg\" viewBox=\"0 0 512 512\" class=\"svg-inline--fa fa-chart-bar fa-w-16 fa-2x\"><path fill=\"currentColor\" d=\"M396.8 352h22.4c6.4 0 12.8-6.4 12.8-12.8V108.8c0-6.4-6.4-12.8-12.8-12.8h-22.4c-6.4 0-12.8 6.4-12.8 12.8v230.4c0 6.4 6.4 12.8 12.8 12.8zm-192 0h22.4c6.4 0 12.8-6.4 12.8-12.8V140.8c0-6.4-6.4-12.8-12.8-12.8h-22.4c-6.4 0-12.8 6.4-12.8 12.8v198.4c0 6.4 6.4 12.8 12.8 12.8zm96 0h22.4c6.4 0 12.8-6.4 12.8-12.8V204.8c0-6.4-6.4-12.8-12.8-12.8h-22.4c-6.4 0-12.8 6.4-12.8 12.8v134.4c0 6.4 6.4 12.8 12.8 12.8zM496 400H48V80c0-8.84-7.16-16-16-16H16C7.16 64 0 71.16 0 80v336c0 17.67 14.33 32 32 32h464c8.84 0 16-7.16 16-16v-16c0-8.84-7.16-16-16-16zm-387.2-48h22.4c6.4 0 12.8-6.4 12.8-12.8v-70.4c0-6.4-6.4-12.8-12.8-12.8h-22.4c-6.4 0-12.8 6.4-12.8 12.8v70.4c0 6.4 6.4 12.8 12.8 12.8z\" class=\"\"><\/path><\/svg><\/i> <img loading=\"lazy\" decoding=\"async\" width=\"16\" height=\"16\" alt=\"Loading\" src=\"https:\/\/temucotelevision.cl\/web\/wp-content\/plugins\/page-views-count\/ajax-loader-2x.gif\" border=0 \/><\/p>\n<div class=\"pvc_clear\"><\/div>\n<p>Despide el mes de la Patria con lo mejor del rock chileno en el legendario\u00a0Bar de Ren\u00e9.\u00a0Esta semana te invita<\/p>\n","protected":false},"author":1,"featured_media":35404,"comment_status":"open","ping_status":"open","sticky":false,"template":"","format":"standard","meta":{"colormag_page_container_layout":"default_layout","colormag_page_sidebar_layout":"default_layout","footnotes":""},"categories":[369],"tags":[],"class_list":["post-35403","post","type-post","status-publish","format-standard","has-post-thumbnail","hentry","category-musica"],"a3_pvc":{"activated":true,"total_views":107,"today_views":0},"_links":{"self":[{"href":"https:\/\/temucotelevision.cl\/web\/wp-json\/wp\/v2\/posts\/35403","targetHints":{"allow":["GET"]}}],"collection":[{"href":"https:\/\/temucotelevision.cl\/web\/wp-json\/wp\/v2\/posts"}],"about":[{"href":"https:\/\/temucotelevision.cl\/web\/wp-json\/wp\/v2\/types\/post"}],"author":[{"embeddable":true,"href":"https:\/\/temucotelevision.cl\/web\/wp-json\/wp\/v2\/users\/1"}],"replies":[{"embeddable":true,"href":"https:\/\/temucotelevision.cl\/web\/wp-json\/wp\/v2\/comments?post=35403"}],"version-history":[{"count":1,"href":"https:\/\/temucotelevision.cl\/web\/wp-json\/wp\/v2\/posts\/35403\/revisions"}],"predecessor-version":[{"id":35405,"href":"https:\/\/temucotelevision.cl\/web\/wp-json\/wp\/v2\/posts\/35403\/revisions\/35405"}],"wp:featuredmedia":[{"embeddable":true,"href":"https:\/\/temucotelevision.cl\/web\/wp-json\/wp\/v2\/media\/35404"}],"wp:attachment":[{"href":"https:\/\/temucotelevision.cl\/web\/wp-json\/wp\/v2\/media?parent=35403"}],"wp:term":[{"taxonomy":"category","embeddable":true,"href":"https:\/\/temucotelevision.cl\/web\/wp-json\/wp\/v2\/categories?post=35403"},{"taxonomy":"post_tag","embeddable":true,"href":"https:\/\/temucotelevision.cl\/web\/wp-json\/wp\/v2\/tags?post=35403"}],"curies":[{"name":"wp","href":"https:\/\/api.w.org\/{rel}","templated":true}]}}