{"id":35400,"date":"2022-09-22T10:10:14","date_gmt":"2022-09-22T13:10:14","guid":{"rendered":"https:\/\/temucotelevision.cl\/web\/?p=35400"},"modified":"2022-09-22T10:10:15","modified_gmt":"2022-09-22T13:10:15","slug":"natacion-escolar-va-por-sus-campeones-regionales","status":"publish","type":"post","link":"https:\/\/temucotelevision.cl\/web\/2022\/09\/22\/natacion-escolar-va-por-sus-campeones-regionales\/","title":{"rendered":"Nataci\u00f3n escolar va por sus campeones regionales"},"content":{"rendered":"<div class=\"pvc_clear\"><\/div><p id=\"pvc_stats_35400\" class=\"pvc_stats total_only  \" data-element-id=\"35400\" style=\"\"><i class=\"pvc-stats-icon large\" aria-hidden=\"true\"><svg aria-hidden=\"true\" focusable=\"false\" data-prefix=\"far\" data-icon=\"chart-bar\" role=\"img\" xmlns=\"http:\/\/www.w3.org\/2000\/svg\" viewBox=\"0 0 512 512\" class=\"svg-inline--fa fa-chart-bar fa-w-16 fa-2x\"><path fill=\"currentColor\" d=\"M396.8 352h22.4c6.4 0 12.8-6.4 12.8-12.8V108.8c0-6.4-6.4-12.8-12.8-12.8h-22.4c-6.4 0-12.8 6.4-12.8 12.8v230.4c0 6.4 6.4 12.8 12.8 12.8zm-192 0h22.4c6.4 0 12.8-6.4 12.8-12.8V140.8c0-6.4-6.4-12.8-12.8-12.8h-22.4c-6.4 0-12.8 6.4-12.8 12.8v198.4c0 6.4 6.4 12.8 12.8 12.8zm96 0h22.4c6.4 0 12.8-6.4 12.8-12.8V204.8c0-6.4-6.4-12.8-12.8-12.8h-22.4c-6.4 0-12.8 6.4-12.8 12.8v134.4c0 6.4 6.4 12.8 12.8 12.8zM496 400H48V80c0-8.84-7.16-16-16-16H16C7.16 64 0 71.16 0 80v336c0 17.67 14.33 32 32 32h464c8.84 0 16-7.16 16-16v-16c0-8.84-7.16-16-16-16zm-387.2-48h22.4c6.4 0 12.8-6.4 12.8-12.8v-70.4c0-6.4-6.4-12.8-12.8-12.8h-22.4c-6.4 0-12.8 6.4-12.8 12.8v70.4c0 6.4 6.4 12.8 12.8 12.8z\" class=\"\"><\/path><\/svg><\/i> <img loading=\"lazy\" decoding=\"async\" width=\"16\" height=\"16\" alt=\"Loading\" src=\"https:\/\/temucotelevision.cl\/web\/wp-content\/plugins\/page-views-count\/ajax-loader-2x.gif\" border=0 \/><\/p><div class=\"pvc_clear\"><\/div>\n<p>\u00b7&nbsp;&nbsp;&nbsp;&nbsp;&nbsp;&nbsp;&nbsp;&nbsp;&nbsp;<strong>Tres categor\u00edas en damas y varones disputar\u00e1n este s\u00e1bado desde las 10 horas la supremac\u00eda de la disciplina en Campo de Deportes \u00d1ielol. Adem\u00e1s, en sub14, las mejores marcas ganar\u00e1n el derecho de ir a la regi\u00f3n Metropolitana a pelear el t\u00edtulo nacional del 7 al 10 de noviembre. &nbsp;<\/strong><\/p>\n\n\n\n<p>La final regional de Nataci\u00f3n en las categor\u00edas sub12, sub14 y sub16 se competir\u00e1 este s\u00e1bado desde las 10 horas en la piscina pre ol\u00edmpica del Polideportivo Rufino Bernedo, en Temuco, en un encuentro organizado por Mindep a trav\u00e9s del Instituto Nacional del Deporte La Araucan\u00eda.<\/p>\n\n\n\n<p>La fecha se enmarca en el ciclo de competencias escolares que impulsa el IND a trav\u00e9s de su \u00e1rea de Deporte Competitivo y Alto Rendimiento.<\/p>\n\n\n\n<p>En el caso de la categor\u00eda sub14, la fecha de este s\u00e1bado ser\u00e1 definitoria para que quienes obtengan las mejores marcas, puedan acceder a la final nacional de los Juegos Deportivos Escolares, que para el caso de la nataci\u00f3n se realizar\u00e1 entre el 7 y el 10 de noviembre en la comuna de Independencia, en Santiago.<\/p>\n\n\n\n<p>Tanto en sus modalidades damas como varones, la nataci\u00f3n escolar este a\u00f1o reuni\u00f3 a m\u00e1s de un centenar de deportistas provenientes de Temuco, Padre Las Casas, Lautaro, Vilc\u00fan, Villarrica, Loncoche, Imperial, Carahue, Victoria, Puc\u00f3n, Cunco y Freire.<\/p>\n\n\n\n<p>El programa para este s\u00e1bado considera la recepci\u00f3n de los participantes y la acreditaci\u00f3n de sus documentaciones a las 09:30 horas en Campo de Deportes \u00d1ielol &nbsp;(Matta 0601). El inicio de la competencia ser\u00e1 a partir de las 10 horas, con una primera tanda de premiaciones a las 12 horas, y una segunda a las 14 horas.&nbsp;<\/p>\n\n\n\n<p>Para la ejecuci\u00f3n del ciclo de competencias escolares de nataci\u00f3n en su fase regional, este a\u00f1o el Instituto Nacional del Deporte invirti\u00f3 una cifra cercana a los 3,5 millones de pesos.&nbsp;<\/p>\n","protected":false},"excerpt":{"rendered":"<div class=\"pvc_clear\"><\/div>\n<p id=\"pvc_stats_35400\" class=\"pvc_stats total_only  \" data-element-id=\"35400\" style=\"\"><i class=\"pvc-stats-icon large\" aria-hidden=\"true\"><svg aria-hidden=\"true\" focusable=\"false\" data-prefix=\"far\" data-icon=\"chart-bar\" role=\"img\" xmlns=\"http:\/\/www.w3.org\/2000\/svg\" viewBox=\"0 0 512 512\" class=\"svg-inline--fa fa-chart-bar fa-w-16 fa-2x\"><path fill=\"currentColor\" d=\"M396.8 352h22.4c6.4 0 12.8-6.4 12.8-12.8V108.8c0-6.4-6.4-12.8-12.8-12.8h-22.4c-6.4 0-12.8 6.4-12.8 12.8v230.4c0 6.4 6.4 12.8 12.8 12.8zm-192 0h22.4c6.4 0 12.8-6.4 12.8-12.8V140.8c0-6.4-6.4-12.8-12.8-12.8h-22.4c-6.4 0-12.8 6.4-12.8 12.8v198.4c0 6.4 6.4 12.8 12.8 12.8zm96 0h22.4c6.4 0 12.8-6.4 12.8-12.8V204.8c0-6.4-6.4-12.8-12.8-12.8h-22.4c-6.4 0-12.8 6.4-12.8 12.8v134.4c0 6.4 6.4 12.8 12.8 12.8zM496 400H48V80c0-8.84-7.16-16-16-16H16C7.16 64 0 71.16 0 80v336c0 17.67 14.33 32 32 32h464c8.84 0 16-7.16 16-16v-16c0-8.84-7.16-16-16-16zm-387.2-48h22.4c6.4 0 12.8-6.4 12.8-12.8v-70.4c0-6.4-6.4-12.8-12.8-12.8h-22.4c-6.4 0-12.8 6.4-12.8 12.8v70.4c0 6.4 6.4 12.8 12.8 12.8z\" class=\"\"><\/path><\/svg><\/i> <img loading=\"lazy\" decoding=\"async\" width=\"16\" height=\"16\" alt=\"Loading\" src=\"https:\/\/temucotelevision.cl\/web\/wp-content\/plugins\/page-views-count\/ajax-loader-2x.gif\" border=0 \/><\/p>\n<div class=\"pvc_clear\"><\/div>\n<p>\u00b7&nbsp;&nbsp;&nbsp;&nbsp;&nbsp;&nbsp;&nbsp;&nbsp;&nbsp;Tres categor\u00edas en damas y varones disputar\u00e1n este s\u00e1bado desde las 10 horas la supremac\u00eda de la disciplina en Campo<\/p>\n","protected":false},"author":1,"featured_media":35401,"comment_status":"open","ping_status":"open","sticky":false,"template":"","format":"standard","meta":{"colormag_page_container_layout":"default_layout","colormag_page_sidebar_layout":"default_layout","footnotes":""},"categories":[101],"tags":[1018,660,5802],"class_list":["post-35400","post","type-post","status-publish","format-standard","has-post-thumbnail","hentry","category-actualidad","tag-campeones","tag-escolar","tag-natacion"],"a3_pvc":{"activated":true,"total_views":73,"today_views":0},"_links":{"self":[{"href":"https:\/\/temucotelevision.cl\/web\/wp-json\/wp\/v2\/posts\/35400","targetHints":{"allow":["GET"]}}],"collection":[{"href":"https:\/\/temucotelevision.cl\/web\/wp-json\/wp\/v2\/posts"}],"about":[{"href":"https:\/\/temucotelevision.cl\/web\/wp-json\/wp\/v2\/types\/post"}],"author":[{"embeddable":true,"href":"https:\/\/temucotelevision.cl\/web\/wp-json\/wp\/v2\/users\/1"}],"replies":[{"embeddable":true,"href":"https:\/\/temucotelevision.cl\/web\/wp-json\/wp\/v2\/comments?post=35400"}],"version-history":[{"count":1,"href":"https:\/\/temucotelevision.cl\/web\/wp-json\/wp\/v2\/posts\/35400\/revisions"}],"predecessor-version":[{"id":35402,"href":"https:\/\/temucotelevision.cl\/web\/wp-json\/wp\/v2\/posts\/35400\/revisions\/35402"}],"wp:featuredmedia":[{"embeddable":true,"href":"https:\/\/temucotelevision.cl\/web\/wp-json\/wp\/v2\/media\/35401"}],"wp:attachment":[{"href":"https:\/\/temucotelevision.cl\/web\/wp-json\/wp\/v2\/media?parent=35400"}],"wp:term":[{"taxonomy":"category","embeddable":true,"href":"https:\/\/temucotelevision.cl\/web\/wp-json\/wp\/v2\/categories?post=35400"},{"taxonomy":"post_tag","embeddable":true,"href":"https:\/\/temucotelevision.cl\/web\/wp-json\/wp\/v2\/tags?post=35400"}],"curies":[{"name":"wp","href":"https:\/\/api.w.org\/{rel}","templated":true}]}}