{"id":35390,"date":"2022-09-21T14:49:10","date_gmt":"2022-09-21T17:49:10","guid":{"rendered":"https:\/\/temucotelevision.cl\/web\/?p=35390"},"modified":"2022-09-21T14:49:11","modified_gmt":"2022-09-21T17:49:11","slug":"con-cuecas-bravas-y-circo-espacio-txawun-invita-a-cerrar-el-18","status":"publish","type":"post","link":"https:\/\/temucotelevision.cl\/web\/2022\/09\/21\/con-cuecas-bravas-y-circo-espacio-txawun-invita-a-cerrar-el-18\/","title":{"rendered":"Con cuecas bravas y circo Espacio Txawun invita a cerrar el 18\u2019"},"content":{"rendered":"<div class=\"pvc_clear\"><\/div><p id=\"pvc_stats_35390\" class=\"pvc_stats total_only  \" data-element-id=\"35390\" style=\"\"><i class=\"pvc-stats-icon large\" aria-hidden=\"true\"><svg aria-hidden=\"true\" focusable=\"false\" data-prefix=\"far\" data-icon=\"chart-bar\" role=\"img\" xmlns=\"http:\/\/www.w3.org\/2000\/svg\" viewBox=\"0 0 512 512\" class=\"svg-inline--fa fa-chart-bar fa-w-16 fa-2x\"><path fill=\"currentColor\" d=\"M396.8 352h22.4c6.4 0 12.8-6.4 12.8-12.8V108.8c0-6.4-6.4-12.8-12.8-12.8h-22.4c-6.4 0-12.8 6.4-12.8 12.8v230.4c0 6.4 6.4 12.8 12.8 12.8zm-192 0h22.4c6.4 0 12.8-6.4 12.8-12.8V140.8c0-6.4-6.4-12.8-12.8-12.8h-22.4c-6.4 0-12.8 6.4-12.8 12.8v198.4c0 6.4 6.4 12.8 12.8 12.8zm96 0h22.4c6.4 0 12.8-6.4 12.8-12.8V204.8c0-6.4-6.4-12.8-12.8-12.8h-22.4c-6.4 0-12.8 6.4-12.8 12.8v134.4c0 6.4 6.4 12.8 12.8 12.8zM496 400H48V80c0-8.84-7.16-16-16-16H16C7.16 64 0 71.16 0 80v336c0 17.67 14.33 32 32 32h464c8.84 0 16-7.16 16-16v-16c0-8.84-7.16-16-16-16zm-387.2-48h22.4c6.4 0 12.8-6.4 12.8-12.8v-70.4c0-6.4-6.4-12.8-12.8-12.8h-22.4c-6.4 0-12.8 6.4-12.8 12.8v70.4c0 6.4 6.4 12.8 12.8 12.8z\" class=\"\"><\/path><\/svg><\/i> <img loading=\"lazy\" decoding=\"async\" width=\"16\" height=\"16\" alt=\"Loading\" src=\"https:\/\/temucotelevision.cl\/web\/wp-content\/plugins\/page-views-count\/ajax-loader-2x.gif\" border=0 \/><\/p><div class=\"pvc_clear\"><\/div>\n<p>Para participar s\u00f3lo debes reservar tu cupo gratuito completando un formulario de inscripci\u00f3n disponible en <a href=\"http:\/\/www.txawun.cl\/\" target=\"_blank\" rel=\"noreferrer noopener\">www.txawun.cl<\/a> y en las redes sociales @espaciotxawun, ya que el aforo es limitado.<\/p>\n\n\n\n<p>Un espect\u00e1culo para toda la familia es lo que promete el grupo local 1,2,3xmi, luego de una agitada agenda de fiestas patrias, compartir\u00e1n los \u00faltimos pies de cueca este domingo 25 de septiembre a las 15 horas en Espacio Txaw\u00fcn, el centro de creaci\u00f3n art\u00edstica ubicado en el km 13 camino a Ni\u00e1gara, Padre Las Casas.<\/p>\n\n\n\n<p>\u201cEste domingo podr\u00e1n disfrutar canciones, en su mayor\u00eda, de nuestro \u00faltimo disco hom\u00f3nimo publicado el a\u00f1o pasado por redes digitales, y contar\u00e1 con la participaci\u00f3n de artistas circenses, actores, actrices y bailarines, quienes realizar\u00e1n cuadros e intervenciones en la previa, durante el concierto y en el cierre\u201d, cuenta Sergio Lagos, integrante de 1,2,3xmi grupo de cueca brava, una variante popular del tradicional baile chileno.&nbsp;<\/p>\n\n\n\n<p>La presentaci\u00f3n es parte de la programaci\u00f3n del espacio art\u00edstico Txaw\u00fcn, que cada mes incluye un espect\u00e1culo de artes esc\u00e9nicas abierto a la comunidad, gracias al financiamiento del Programa de Apoyo a Organizaciones Culturales Colaboradoras (PAOCC) del Ministerio de las Culturas, las Artes y el Patrimonio de Chile. Para asistir s\u00f3lo debe completar un formulario de inscripci\u00f3n disponible en <a href=\"http:\/\/www.txawun.cl\/\" target=\"_blank\" rel=\"noreferrer noopener\">www.txawun.cl<\/a> y en las redes sociales @espaciotxawun, para reservar tu cupo con antelaci\u00f3n, ya que el aforo es limitado.&nbsp;&nbsp;<\/p>\n\n\n\n<p>\u201cQueremos invitar a la gente que vive en Ni\u00e1gara, Padre Las Casas y Temuco, tendremos espacio para bailar y peque\u00f1os stands de comida con la agrupaci\u00f3n vecina de mujeres, Folil Zomo\u201d detalla Jaime Silva, parte del equipo de Espacio Txaw\u00fcn.&nbsp;&nbsp;<\/p>\n\n\n\n<p>La organizaci\u00f3n ha destinado transporte gratuito desde Temuco y Padre Las Casas para qui\u00e9nes no cuenten con movilizaci\u00f3n propia.&nbsp; Esta opci\u00f3n la deben seleccionar en la misma inscripci\u00f3n previa, disponible en <a href=\"http:\/\/www.txawun.cl\/\" target=\"_blank\" rel=\"noreferrer noopener\">www.txawun.cl<\/a> o en las redes sociales @espaciotxawun.&nbsp;<\/p>\n","protected":false},"excerpt":{"rendered":"<div class=\"pvc_clear\"><\/div>\n<p id=\"pvc_stats_35390\" class=\"pvc_stats total_only  \" data-element-id=\"35390\" style=\"\"><i class=\"pvc-stats-icon large\" aria-hidden=\"true\"><svg aria-hidden=\"true\" focusable=\"false\" data-prefix=\"far\" data-icon=\"chart-bar\" role=\"img\" xmlns=\"http:\/\/www.w3.org\/2000\/svg\" viewBox=\"0 0 512 512\" class=\"svg-inline--fa fa-chart-bar fa-w-16 fa-2x\"><path fill=\"currentColor\" d=\"M396.8 352h22.4c6.4 0 12.8-6.4 12.8-12.8V108.8c0-6.4-6.4-12.8-12.8-12.8h-22.4c-6.4 0-12.8 6.4-12.8 12.8v230.4c0 6.4 6.4 12.8 12.8 12.8zm-192 0h22.4c6.4 0 12.8-6.4 12.8-12.8V140.8c0-6.4-6.4-12.8-12.8-12.8h-22.4c-6.4 0-12.8 6.4-12.8 12.8v198.4c0 6.4 6.4 12.8 12.8 12.8zm96 0h22.4c6.4 0 12.8-6.4 12.8-12.8V204.8c0-6.4-6.4-12.8-12.8-12.8h-22.4c-6.4 0-12.8 6.4-12.8 12.8v134.4c0 6.4 6.4 12.8 12.8 12.8zM496 400H48V80c0-8.84-7.16-16-16-16H16C7.16 64 0 71.16 0 80v336c0 17.67 14.33 32 32 32h464c8.84 0 16-7.16 16-16v-16c0-8.84-7.16-16-16-16zm-387.2-48h22.4c6.4 0 12.8-6.4 12.8-12.8v-70.4c0-6.4-6.4-12.8-12.8-12.8h-22.4c-6.4 0-12.8 6.4-12.8 12.8v70.4c0 6.4 6.4 12.8 12.8 12.8z\" class=\"\"><\/path><\/svg><\/i> <img loading=\"lazy\" decoding=\"async\" width=\"16\" height=\"16\" alt=\"Loading\" src=\"https:\/\/temucotelevision.cl\/web\/wp-content\/plugins\/page-views-count\/ajax-loader-2x.gif\" border=0 \/><\/p>\n<div class=\"pvc_clear\"><\/div>\n<p>Para participar s\u00f3lo debes reservar tu cupo gratuito completando un formulario de inscripci\u00f3n disponible en www.txawun.cl y en las redes<\/p>\n","protected":false},"author":1,"featured_media":35391,"comment_status":"open","ping_status":"open","sticky":false,"template":"","format":"standard","meta":{"colormag_page_container_layout":"default_layout","colormag_page_sidebar_layout":"default_layout","footnotes":""},"categories":[86],"tags":[5800,1854,2566,5801],"class_list":["post-35390","post","type-post","status-publish","format-standard","has-post-thumbnail","hentry","category-panoramas","tag-bravas","tag-cuecas","tag-espacio","tag-txawun-2"],"a3_pvc":{"activated":true,"total_views":66,"today_views":0},"_links":{"self":[{"href":"https:\/\/temucotelevision.cl\/web\/wp-json\/wp\/v2\/posts\/35390","targetHints":{"allow":["GET"]}}],"collection":[{"href":"https:\/\/temucotelevision.cl\/web\/wp-json\/wp\/v2\/posts"}],"about":[{"href":"https:\/\/temucotelevision.cl\/web\/wp-json\/wp\/v2\/types\/post"}],"author":[{"embeddable":true,"href":"https:\/\/temucotelevision.cl\/web\/wp-json\/wp\/v2\/users\/1"}],"replies":[{"embeddable":true,"href":"https:\/\/temucotelevision.cl\/web\/wp-json\/wp\/v2\/comments?post=35390"}],"version-history":[{"count":1,"href":"https:\/\/temucotelevision.cl\/web\/wp-json\/wp\/v2\/posts\/35390\/revisions"}],"predecessor-version":[{"id":35392,"href":"https:\/\/temucotelevision.cl\/web\/wp-json\/wp\/v2\/posts\/35390\/revisions\/35392"}],"wp:featuredmedia":[{"embeddable":true,"href":"https:\/\/temucotelevision.cl\/web\/wp-json\/wp\/v2\/media\/35391"}],"wp:attachment":[{"href":"https:\/\/temucotelevision.cl\/web\/wp-json\/wp\/v2\/media?parent=35390"}],"wp:term":[{"taxonomy":"category","embeddable":true,"href":"https:\/\/temucotelevision.cl\/web\/wp-json\/wp\/v2\/categories?post=35390"},{"taxonomy":"post_tag","embeddable":true,"href":"https:\/\/temucotelevision.cl\/web\/wp-json\/wp\/v2\/tags?post=35390"}],"curies":[{"name":"wp","href":"https:\/\/api.w.org\/{rel}","templated":true}]}}