{"id":35386,"date":"2022-09-21T14:46:38","date_gmt":"2022-09-21T17:46:38","guid":{"rendered":"https:\/\/temucotelevision.cl\/web\/?p=35386"},"modified":"2022-09-21T14:46:39","modified_gmt":"2022-09-21T17:46:39","slug":"destacada-artista-visual-mapuche-carmen-nancuvil-es-la-invitada-a-un-nuevo-capitulo-de-tesoros-del-nielol","status":"publish","type":"post","link":"https:\/\/temucotelevision.cl\/web\/2022\/09\/21\/destacada-artista-visual-mapuche-carmen-nancuvil-es-la-invitada-a-un-nuevo-capitulo-de-tesoros-del-nielol\/","title":{"rendered":"Destacada artista visual mapuche Carmen \u00d1ancuvil es la invitada a un nuevo cap\u00edtulo de \u201cTesoros del \u00d1ielol\u201d"},"content":{"rendered":"<div class=\"pvc_clear\"><\/div><p id=\"pvc_stats_35386\" class=\"pvc_stats total_only  \" data-element-id=\"35386\" style=\"\"><i class=\"pvc-stats-icon large\" aria-hidden=\"true\"><svg aria-hidden=\"true\" focusable=\"false\" data-prefix=\"far\" data-icon=\"chart-bar\" role=\"img\" xmlns=\"http:\/\/www.w3.org\/2000\/svg\" viewBox=\"0 0 512 512\" class=\"svg-inline--fa fa-chart-bar fa-w-16 fa-2x\"><path fill=\"currentColor\" d=\"M396.8 352h22.4c6.4 0 12.8-6.4 12.8-12.8V108.8c0-6.4-6.4-12.8-12.8-12.8h-22.4c-6.4 0-12.8 6.4-12.8 12.8v230.4c0 6.4 6.4 12.8 12.8 12.8zm-192 0h22.4c6.4 0 12.8-6.4 12.8-12.8V140.8c0-6.4-6.4-12.8-12.8-12.8h-22.4c-6.4 0-12.8 6.4-12.8 12.8v198.4c0 6.4 6.4 12.8 12.8 12.8zm96 0h22.4c6.4 0 12.8-6.4 12.8-12.8V204.8c0-6.4-6.4-12.8-12.8-12.8h-22.4c-6.4 0-12.8 6.4-12.8 12.8v134.4c0 6.4 6.4 12.8 12.8 12.8zM496 400H48V80c0-8.84-7.16-16-16-16H16C7.16 64 0 71.16 0 80v336c0 17.67 14.33 32 32 32h464c8.84 0 16-7.16 16-16v-16c0-8.84-7.16-16-16-16zm-387.2-48h22.4c6.4 0 12.8-6.4 12.8-12.8v-70.4c0-6.4-6.4-12.8-12.8-12.8h-22.4c-6.4 0-12.8 6.4-12.8 12.8v70.4c0 6.4 6.4 12.8 12.8 12.8z\" class=\"\"><\/path><\/svg><\/i> <img loading=\"lazy\" decoding=\"async\" width=\"16\" height=\"16\" alt=\"Loading\" src=\"https:\/\/temucotelevision.cl\/web\/wp-content\/plugins\/page-views-count\/ajax-loader-2x.gif\" border=0 \/><\/p><div class=\"pvc_clear\"><\/div>\n<p>\u00b7&nbsp;&nbsp;&nbsp;&nbsp;&nbsp;&nbsp;&nbsp;&nbsp;&nbsp;<strong>La transmisi\u00f3n se realiza cada jueves por Facebook: Culturas La Araucan\u00eda y Pabell\u00f3n Araucan\u00eda y YouTube: Pabell\u00f3n Araucan\u00eda y Culturas Araucan\u00eda y a trav\u00e9s de la plataforma Spotify, en formato podcast.<\/strong><\/p>\n\n\n\n<p>La&nbsp; creadora mapuche Carmen \u00d1ancuvil protagonizar\u00e1 un nuevo cap\u00edtulo del ciclo de mediaciones art\u00edsticas \u201cTesoros del \u00d1ielol\u201d, que se transmitir\u00e1 este jueves 22 de septiembre a las 20.00 horas, a trav\u00e9s de plataformas digitales. Esta es una iniciativa de la Seremi de las Culturas, las Artes y el Patrimonio y su programa de Fortalecimiento de la Identidad Cultural Regional coordinada en conjunto, mediante un convenio de colaboraci\u00f3n, con la Corporaci\u00f3n&nbsp; Desarrolla Araucan\u00eda y el Pabell\u00f3n Araucan\u00eda.<\/p>\n\n\n\n<p>Carmen \u00d1ancuvil&nbsp;aprendi\u00f3 a pintar antes de escribir y lo sigui\u00f3 haciendo. De ni\u00f1a particip\u00f3 en concursos de pintura, las artes no estaban en sus opciones iniciales para la universidad, eligi\u00f3 otra carrera: Filosof\u00eda en la Universidad Austral de Valdivia; m\u00e1s tarde sinti\u00f3 que el arte le era imprescindible para vivir. Finalmente estudi\u00f3 arte en la UCT con menci\u00f3n en pintura y luego un Mag\u00edster en Antropolog\u00eda Aplicada al Desarrollo en la Universidad de Chile, como Becaria de la Fundaci\u00f3n Ford.<\/p>\n\n\n\n<p>A la fecha, Carmen \u00d1ancuvil ha expuesto individualmente en tres ocasiones, una de ellas en el Museo Antropol\u00f3gico de Arte Contempor\u00e1neo de Guayaquil, en Ecuador; as\u00ed como tambi\u00e9n en muestras colectivas, las cuales valora de manera especial. Ha explorado en la fotograf\u00eda y el v\u00eddeo y ha sido parte de talleres relacionados a su oficio. Adem\u00e1s, ha colaborado en libros con el dise\u00f1o y la diagramaci\u00f3n.<\/p>\n\n\n\n<p>En relaci\u00f3n a su participaci\u00f3n en \u201cTesoros del \u00d1ielol\u201d Carmen \u00d1ancuvil expres\u00f3 que \u201cen el programa desarroll\u00e9 tres conceptos: mujer, identidad y arte, que son los que me cruzan, y fue una invitaci\u00f3n a la memoria, a la reconstrucci\u00f3n de la identidad a trav\u00e9s de estos tres conceptos, que en el mundo occidental uno los separa, pero en el mundo mapuche est\u00e1n muy enlazados, y ese momento me dio la posibilidad de cohesionarlos, por eso se me hizo muy grata la conversaci\u00f3n y muy amena. Adem\u00e1s creo que es s\u00faper valioso ver las historias de vida de las personas. Nosotros somos un pueblo que tiene una memoria tan fr\u00e1gil que llega a doler. Entonces, poder reconstruir la memoria es muy importante, y el programa te da el espacio para hacer visibles esas historias de vida, lo que nos hace bien a todos\u201d,<\/p>\n\n\n\n<p>\u201cAgradezco la experiencia, fue s\u00faper enriquecedora y entretenida. Fue muy agradable la conversaci\u00f3n, un siete el equipo. Pens\u00e9 que me iba a costar mucho hablar, pero el espacio fue muy amigable, muy emp\u00e1tico, el tiempo falt\u00f3, incluso. Es una de las buenas experiencias que he tenido en los \u00faltimos tiempos, es muy destacable el hecho que le den la oportunidad a personas que son de la regi\u00f3n, vinculadas al arte, porque no siempre se conocen\u201d, concluy\u00f3 la creadora mapuche.&nbsp;<\/p>\n\n\n\n<p>La seremi de las Culturas Jeannette Paillan subray\u00f3 \u201cvaloramos el trabajo que ha realizado Carmen \u00d1ancuvil, una destacada artista visual mapuche, en cuya obra vemos el rol de la mujer y la identidad como elementos relevantes. Los invitamos a conocerla en profundidad, en un interesante di\u00e1logo en Tesoros del \u00d1ielol, este jueves a las 20.00 horas, en este espacio de mediaci\u00f3n con el cual buscamos dar a conocer a creadoras y creadoras, cultoras y cultores de nuestro territorio\u201d.<\/p>\n\n\n\n<p>El gobernador regional y presidente del directorio de Desarrolla Araucan\u00eda, Luciano Rivas, mencion\u00f3 que &#8220;a trav\u00e9s de este programa estamos poniendo en valor toda la cultura de La Araucan\u00eda, en este caso, con la presentaci\u00f3n de la destacada artista regional y licenciada en Artes, Carmen \u00d1ancuvil, quien, entre otras cosas, ha llevado sus obras a importantes galer\u00edas a nivel internacional, destacando a trav\u00e9s de sus dibujos y pinturas en t\u00e9cnica mixta parte de su tradici\u00f3n y elementos de la cultura mapuche, aportando desde el \u00e1mbito de la pintura a la cultura y el desarrollo, uno de nuestros ejes que nos lleva a apoyar esta importante iniciativa como es Tesoros del \u00d1ielol\u201d.<\/p>\n\n\n\n<p><strong>Ciclo de mediaciones art\u00edsticas<\/strong><\/p>\n\n\n\n<p>\u201cTesoros del \u00d1ielol\u201d contempla 21 cap\u00edtulos, en su segunda temporada, en ellos los mediadores Yessica Huenteman y Christopher Villalobos conversan con artistas, cultoras y cultores oriundos de distintos lugares de la regi\u00f3n, dando a conocer sus historias de vida, intereses, quehaceres y el aporte que hacen al territorio.&nbsp; El ciclo se transmite por Facebook Culturas La Araucan\u00eda y Pabell\u00f3n Araucan\u00eda y YouTube: Pabell\u00f3n Araucan\u00eda y Culturas Araucan\u00eda y tambi\u00e9n se puede escuchar en la plataforma Spotify, en formato podcast.<\/p>\n","protected":false},"excerpt":{"rendered":"<div class=\"pvc_clear\"><\/div>\n<p id=\"pvc_stats_35386\" class=\"pvc_stats total_only  \" data-element-id=\"35386\" style=\"\"><i class=\"pvc-stats-icon large\" aria-hidden=\"true\"><svg aria-hidden=\"true\" focusable=\"false\" data-prefix=\"far\" data-icon=\"chart-bar\" role=\"img\" xmlns=\"http:\/\/www.w3.org\/2000\/svg\" viewBox=\"0 0 512 512\" class=\"svg-inline--fa fa-chart-bar fa-w-16 fa-2x\"><path fill=\"currentColor\" d=\"M396.8 352h22.4c6.4 0 12.8-6.4 12.8-12.8V108.8c0-6.4-6.4-12.8-12.8-12.8h-22.4c-6.4 0-12.8 6.4-12.8 12.8v230.4c0 6.4 6.4 12.8 12.8 12.8zm-192 0h22.4c6.4 0 12.8-6.4 12.8-12.8V140.8c0-6.4-6.4-12.8-12.8-12.8h-22.4c-6.4 0-12.8 6.4-12.8 12.8v198.4c0 6.4 6.4 12.8 12.8 12.8zm96 0h22.4c6.4 0 12.8-6.4 12.8-12.8V204.8c0-6.4-6.4-12.8-12.8-12.8h-22.4c-6.4 0-12.8 6.4-12.8 12.8v134.4c0 6.4 6.4 12.8 12.8 12.8zM496 400H48V80c0-8.84-7.16-16-16-16H16C7.16 64 0 71.16 0 80v336c0 17.67 14.33 32 32 32h464c8.84 0 16-7.16 16-16v-16c0-8.84-7.16-16-16-16zm-387.2-48h22.4c6.4 0 12.8-6.4 12.8-12.8v-70.4c0-6.4-6.4-12.8-12.8-12.8h-22.4c-6.4 0-12.8 6.4-12.8 12.8v70.4c0 6.4 6.4 12.8 12.8 12.8z\" class=\"\"><\/path><\/svg><\/i> <img loading=\"lazy\" decoding=\"async\" width=\"16\" height=\"16\" alt=\"Loading\" src=\"https:\/\/temucotelevision.cl\/web\/wp-content\/plugins\/page-views-count\/ajax-loader-2x.gif\" border=0 \/><\/p>\n<div class=\"pvc_clear\"><\/div>\n<p>\u00b7&nbsp;&nbsp;&nbsp;&nbsp;&nbsp;&nbsp;&nbsp;&nbsp;&nbsp;La transmisi\u00f3n se realiza cada jueves por Facebook: Culturas La Araucan\u00eda y Pabell\u00f3n Araucan\u00eda y YouTube: Pabell\u00f3n Araucan\u00eda y Culturas<\/p>\n","protected":false},"author":1,"featured_media":35388,"comment_status":"open","ping_status":"open","sticky":false,"template":"","format":"standard","meta":{"colormag_page_container_layout":"default_layout","colormag_page_sidebar_layout":"default_layout","footnotes":""},"categories":[86,14],"tags":[580,216,1219,5128],"class_list":["post-35386","post","type-post","status-publish","format-standard","has-post-thumbnail","hentry","category-panoramas","category-temuco","tag-artista","tag-mapuche","tag-nielol","tag-visual"],"a3_pvc":{"activated":true,"total_views":62,"today_views":0},"_links":{"self":[{"href":"https:\/\/temucotelevision.cl\/web\/wp-json\/wp\/v2\/posts\/35386","targetHints":{"allow":["GET"]}}],"collection":[{"href":"https:\/\/temucotelevision.cl\/web\/wp-json\/wp\/v2\/posts"}],"about":[{"href":"https:\/\/temucotelevision.cl\/web\/wp-json\/wp\/v2\/types\/post"}],"author":[{"embeddable":true,"href":"https:\/\/temucotelevision.cl\/web\/wp-json\/wp\/v2\/users\/1"}],"replies":[{"embeddable":true,"href":"https:\/\/temucotelevision.cl\/web\/wp-json\/wp\/v2\/comments?post=35386"}],"version-history":[{"count":1,"href":"https:\/\/temucotelevision.cl\/web\/wp-json\/wp\/v2\/posts\/35386\/revisions"}],"predecessor-version":[{"id":35389,"href":"https:\/\/temucotelevision.cl\/web\/wp-json\/wp\/v2\/posts\/35386\/revisions\/35389"}],"wp:featuredmedia":[{"embeddable":true,"href":"https:\/\/temucotelevision.cl\/web\/wp-json\/wp\/v2\/media\/35388"}],"wp:attachment":[{"href":"https:\/\/temucotelevision.cl\/web\/wp-json\/wp\/v2\/media?parent=35386"}],"wp:term":[{"taxonomy":"category","embeddable":true,"href":"https:\/\/temucotelevision.cl\/web\/wp-json\/wp\/v2\/categories?post=35386"},{"taxonomy":"post_tag","embeddable":true,"href":"https:\/\/temucotelevision.cl\/web\/wp-json\/wp\/v2\/tags?post=35386"}],"curies":[{"name":"wp","href":"https:\/\/api.w.org\/{rel}","templated":true}]}}