{"id":35383,"date":"2022-09-21T14:38:52","date_gmt":"2022-09-21T17:38:52","guid":{"rendered":"https:\/\/temucotelevision.cl\/web\/?p=35383"},"modified":"2022-09-21T14:38:52","modified_gmt":"2022-09-21T17:38:52","slug":"estallido-social-diputado-leal-solicita-investigar-si-los-296-beneficiados-con-pensiones-de-gracia-estan-vinculados-a-hechos-violentos","status":"publish","type":"post","link":"https:\/\/temucotelevision.cl\/web\/2022\/09\/21\/estallido-social-diputado-leal-solicita-investigar-si-los-296-beneficiados-con-pensiones-de-gracia-estan-vinculados-a-hechos-violentos\/","title":{"rendered":"Estallido social: Diputado Leal solicita investigar si los 296 beneficiados con pensiones de gracia est\u00e1n vinculados a hechos violentos"},"content":{"rendered":"<div class=\"pvc_clear\"><\/div><p id=\"pvc_stats_35383\" class=\"pvc_stats total_only  \" data-element-id=\"35383\" style=\"\"><i class=\"pvc-stats-icon large\" aria-hidden=\"true\"><svg aria-hidden=\"true\" focusable=\"false\" data-prefix=\"far\" data-icon=\"chart-bar\" role=\"img\" xmlns=\"http:\/\/www.w3.org\/2000\/svg\" viewBox=\"0 0 512 512\" class=\"svg-inline--fa fa-chart-bar fa-w-16 fa-2x\"><path fill=\"currentColor\" d=\"M396.8 352h22.4c6.4 0 12.8-6.4 12.8-12.8V108.8c0-6.4-6.4-12.8-12.8-12.8h-22.4c-6.4 0-12.8 6.4-12.8 12.8v230.4c0 6.4 6.4 12.8 12.8 12.8zm-192 0h22.4c6.4 0 12.8-6.4 12.8-12.8V140.8c0-6.4-6.4-12.8-12.8-12.8h-22.4c-6.4 0-12.8 6.4-12.8 12.8v198.4c0 6.4 6.4 12.8 12.8 12.8zm96 0h22.4c6.4 0 12.8-6.4 12.8-12.8V204.8c0-6.4-6.4-12.8-12.8-12.8h-22.4c-6.4 0-12.8 6.4-12.8 12.8v134.4c0 6.4 6.4 12.8 12.8 12.8zM496 400H48V80c0-8.84-7.16-16-16-16H16C7.16 64 0 71.16 0 80v336c0 17.67 14.33 32 32 32h464c8.84 0 16-7.16 16-16v-16c0-8.84-7.16-16-16-16zm-387.2-48h22.4c6.4 0 12.8-6.4 12.8-12.8v-70.4c0-6.4-6.4-12.8-12.8-12.8h-22.4c-6.4 0-12.8 6.4-12.8 12.8v70.4c0 6.4 6.4 12.8 12.8 12.8z\" class=\"\"><\/path><\/svg><\/i> <img loading=\"lazy\" decoding=\"async\" width=\"16\" height=\"16\" alt=\"Loading\" src=\"https:\/\/temucotelevision.cl\/web\/wp-content\/plugins\/page-views-count\/ajax-loader-2x.gif\" border=0 \/><\/p><div class=\"pvc_clear\"><\/div>\n<p><em>Adem\u00e1s, el representante de La Araucan\u00eda cuestion\u00f3 que no exista la misma preocupaci\u00f3n por los comerciantes y locatarios que sufrieron la vandalizaci\u00f3n de sus puestos de trabajo.<\/em>&nbsp;<\/p>\n\n\n\n<p>Luego que se informara que el Gobierno ha otorgado 296 pensiones de gracia a quienes denunciaron haber sufrido un menoscabo laboral producto de la supuesta acci\u00f3n de agentes del Estado, todo ello en el marco de las graves manifestaciones de 2019, el diputado por la Regi\u00f3n de La Araucan\u00eda, Henry Leal (UDI), decidi\u00f3 oficiar al Ministerio del Interior para conocer los criterios que se han adoptado durante el proceso, sobre todo considerando que la actual administraci\u00f3n decidi\u00f3 aumentar los montos de los subsidios, llegando incluso a los $515.672 mensuales.<\/p>\n\n\n\n<p>Pero adem\u00e1s de los criterios para otorgar las pensiones, el parlamentario gremialista tambi\u00e9n solicit\u00f3 que se informe si entre los actuales beneficiarios existe alguno que est\u00e9 formalizado o condenado por hechos de violencia, advirtiendo que \u201cser\u00eda absolutamente vergonzoso e inaceptable que entre los favorecidos con las pensiones de gracia est\u00e9n los integrantes de la primera l\u00ednea o quienes durante meses se dedicaron a atacar a Carabineros y a incendiar nuestro pa\u00eds\u201d.<\/p>\n\n\n\n<p>\u201cEl Gobierno tiene la obligaci\u00f3n de explicar cu\u00e1les son los criterios que est\u00e1 aplicando para gastar casi $1.500 millones al mes en pagar pensiones de gracia a ciertas personas escogidas entre cuatro paredes. Lo l\u00f3gico ser\u00eda esperar la resoluci\u00f3n de los tribunales de justicia para determinar si alguien sufri\u00f3 alg\u00fan tipo de vulneraci\u00f3n en sus derechos, pero considerarlos a priori como \u2018v\u00edctimas\u2019 y otorgarles de la noche a la ma\u00f1ana una pensi\u00f3n de por vida, s\u00f3lo por presentar una denuncia, requiere de una explicaci\u00f3n seria por parte de las autoridades\u201d, cuestion\u00f3 Leal.<\/p>\n\n\n\n<p>En esa l\u00ednea, el representante del Distrito 23 agreg\u00f3 que \u201cvamos a ejercer todas las acciones que tengamos a nuestro alcance para saber si alguno de los beneficiarios particip\u00f3 de los graves actos vand\u00e1licos que se produjeron en nuestro pa\u00eds\u201d, insistiendo en que \u201canteponer los intereses del octubrismo y de la primera l\u00ednea por sobre los miles de comerciantes y locatarios que les saquearon o incendiaron sus puestos de trabajo, o de las cientos de v\u00edctimas de la violencia rural que a diario se producen en el sur de Chile, nos confirma lo alejado de la realidad que est\u00e1 el actual Gobierno\u201d.<\/p>\n\n\n\n<p>Por lo mismo, Leal tampoco descart\u00f3 solicitar la creaci\u00f3n de una comisi\u00f3n investigadora en la C\u00e1mara de Diputados, para justamente indagar si los beneficiados efectivamente sufrieron alg\u00fan tipo de menoscabo laboral y no est\u00e1n involucrados en alg\u00fan proceso judicial por hechos de violencia o delictivos, adem\u00e1s de conocer los planes y programas que el Gobierno tiene para indemnizar a los locatarios afectados durante el estallido y las v\u00edctimas de la violencia rural.<\/p>\n\n\n\n<p>\u201cEl Gobierno, de manera unilateral y con nula transparencia, no s\u00f3lo est\u00e1 otorgando casi 300 pensiones de gracia a personas que nadie conoce sus antecedentes, sino que decidi\u00f3 aumentar los montos en medio de la grave crisis econ\u00f3mica que estamos viviendo. Y todo ello, en desmedro de los comerciantes y v\u00edctimas de la violencia rural. Por lo tanto, vamos a ejercer todas las acciones que tengamos a nuestro alcance si no justifican bien esta decisi\u00f3n\u201d, advirti\u00f3 el legislador por La Araucan\u00eda.<\/p>\n","protected":false},"excerpt":{"rendered":"<div class=\"pvc_clear\"><\/div>\n<p id=\"pvc_stats_35383\" class=\"pvc_stats total_only  \" data-element-id=\"35383\" style=\"\"><i class=\"pvc-stats-icon large\" aria-hidden=\"true\"><svg aria-hidden=\"true\" focusable=\"false\" data-prefix=\"far\" data-icon=\"chart-bar\" role=\"img\" xmlns=\"http:\/\/www.w3.org\/2000\/svg\" viewBox=\"0 0 512 512\" class=\"svg-inline--fa fa-chart-bar fa-w-16 fa-2x\"><path fill=\"currentColor\" d=\"M396.8 352h22.4c6.4 0 12.8-6.4 12.8-12.8V108.8c0-6.4-6.4-12.8-12.8-12.8h-22.4c-6.4 0-12.8 6.4-12.8 12.8v230.4c0 6.4 6.4 12.8 12.8 12.8zm-192 0h22.4c6.4 0 12.8-6.4 12.8-12.8V140.8c0-6.4-6.4-12.8-12.8-12.8h-22.4c-6.4 0-12.8 6.4-12.8 12.8v198.4c0 6.4 6.4 12.8 12.8 12.8zm96 0h22.4c6.4 0 12.8-6.4 12.8-12.8V204.8c0-6.4-6.4-12.8-12.8-12.8h-22.4c-6.4 0-12.8 6.4-12.8 12.8v134.4c0 6.4 6.4 12.8 12.8 12.8zM496 400H48V80c0-8.84-7.16-16-16-16H16C7.16 64 0 71.16 0 80v336c0 17.67 14.33 32 32 32h464c8.84 0 16-7.16 16-16v-16c0-8.84-7.16-16-16-16zm-387.2-48h22.4c6.4 0 12.8-6.4 12.8-12.8v-70.4c0-6.4-6.4-12.8-12.8-12.8h-22.4c-6.4 0-12.8 6.4-12.8 12.8v70.4c0 6.4 6.4 12.8 12.8 12.8z\" class=\"\"><\/path><\/svg><\/i> <img loading=\"lazy\" decoding=\"async\" width=\"16\" height=\"16\" alt=\"Loading\" src=\"https:\/\/temucotelevision.cl\/web\/wp-content\/plugins\/page-views-count\/ajax-loader-2x.gif\" border=0 \/><\/p>\n<div class=\"pvc_clear\"><\/div>\n<p>Adem\u00e1s, el representante de La Araucan\u00eda cuestion\u00f3 que no exista la misma preocupaci\u00f3n por los comerciantes y locatarios que sufrieron<\/p>\n","protected":false},"author":1,"featured_media":35384,"comment_status":"open","ping_status":"open","sticky":false,"template":"","format":"standard","meta":{"colormag_page_container_layout":"default_layout","colormag_page_sidebar_layout":"default_layout","footnotes":""},"categories":[84],"tags":[5799,2610,1337,2256],"class_list":["post-35383","post","type-post","status-publish","format-standard","has-post-thumbnail","hentry","category-politica","tag-beneficiados","tag-estallido","tag-pensiones","tag-social"],"a3_pvc":{"activated":true,"total_views":53,"today_views":0},"_links":{"self":[{"href":"https:\/\/temucotelevision.cl\/web\/wp-json\/wp\/v2\/posts\/35383","targetHints":{"allow":["GET"]}}],"collection":[{"href":"https:\/\/temucotelevision.cl\/web\/wp-json\/wp\/v2\/posts"}],"about":[{"href":"https:\/\/temucotelevision.cl\/web\/wp-json\/wp\/v2\/types\/post"}],"author":[{"embeddable":true,"href":"https:\/\/temucotelevision.cl\/web\/wp-json\/wp\/v2\/users\/1"}],"replies":[{"embeddable":true,"href":"https:\/\/temucotelevision.cl\/web\/wp-json\/wp\/v2\/comments?post=35383"}],"version-history":[{"count":1,"href":"https:\/\/temucotelevision.cl\/web\/wp-json\/wp\/v2\/posts\/35383\/revisions"}],"predecessor-version":[{"id":35385,"href":"https:\/\/temucotelevision.cl\/web\/wp-json\/wp\/v2\/posts\/35383\/revisions\/35385"}],"wp:featuredmedia":[{"embeddable":true,"href":"https:\/\/temucotelevision.cl\/web\/wp-json\/wp\/v2\/media\/35384"}],"wp:attachment":[{"href":"https:\/\/temucotelevision.cl\/web\/wp-json\/wp\/v2\/media?parent=35383"}],"wp:term":[{"taxonomy":"category","embeddable":true,"href":"https:\/\/temucotelevision.cl\/web\/wp-json\/wp\/v2\/categories?post=35383"},{"taxonomy":"post_tag","embeddable":true,"href":"https:\/\/temucotelevision.cl\/web\/wp-json\/wp\/v2\/tags?post=35383"}],"curies":[{"name":"wp","href":"https:\/\/api.w.org\/{rel}","templated":true}]}}