{"id":35380,"date":"2022-09-21T12:29:15","date_gmt":"2022-09-21T15:29:15","guid":{"rendered":"https:\/\/temucotelevision.cl\/web\/?p=35380"},"modified":"2022-09-21T12:29:15","modified_gmt":"2022-09-21T15:29:15","slug":"exitosa-presentacion-entrego-encargado-de-turismo-de-loncoche-a-asociacion-comunas-magicas-de-chile-en-maullin","status":"publish","type":"post","link":"https:\/\/temucotelevision.cl\/web\/2022\/09\/21\/exitosa-presentacion-entrego-encargado-de-turismo-de-loncoche-a-asociacion-comunas-magicas-de-chile-en-maullin\/","title":{"rendered":"Exitosa presentaci\u00f3n entreg\u00f3 encargado de turismo de Loncoche a Asociaci\u00f3n Comunas M\u00e1gicas de Chile en Maull\u00edn"},"content":{"rendered":"<div class=\"pvc_clear\"><\/div><p id=\"pvc_stats_35380\" class=\"pvc_stats total_only  \" data-element-id=\"35380\" style=\"\"><i class=\"pvc-stats-icon large\" aria-hidden=\"true\"><svg aria-hidden=\"true\" focusable=\"false\" data-prefix=\"far\" data-icon=\"chart-bar\" role=\"img\" xmlns=\"http:\/\/www.w3.org\/2000\/svg\" viewBox=\"0 0 512 512\" class=\"svg-inline--fa fa-chart-bar fa-w-16 fa-2x\"><path fill=\"currentColor\" d=\"M396.8 352h22.4c6.4 0 12.8-6.4 12.8-12.8V108.8c0-6.4-6.4-12.8-12.8-12.8h-22.4c-6.4 0-12.8 6.4-12.8 12.8v230.4c0 6.4 6.4 12.8 12.8 12.8zm-192 0h22.4c6.4 0 12.8-6.4 12.8-12.8V140.8c0-6.4-6.4-12.8-12.8-12.8h-22.4c-6.4 0-12.8 6.4-12.8 12.8v198.4c0 6.4 6.4 12.8 12.8 12.8zm96 0h22.4c6.4 0 12.8-6.4 12.8-12.8V204.8c0-6.4-6.4-12.8-12.8-12.8h-22.4c-6.4 0-12.8 6.4-12.8 12.8v134.4c0 6.4 6.4 12.8 12.8 12.8zM496 400H48V80c0-8.84-7.16-16-16-16H16C7.16 64 0 71.16 0 80v336c0 17.67 14.33 32 32 32h464c8.84 0 16-7.16 16-16v-16c0-8.84-7.16-16-16-16zm-387.2-48h22.4c6.4 0 12.8-6.4 12.8-12.8v-70.4c0-6.4-6.4-12.8-12.8-12.8h-22.4c-6.4 0-12.8 6.4-12.8 12.8v70.4c0 6.4 6.4 12.8 12.8 12.8z\" class=\"\"><\/path><\/svg><\/i> <img loading=\"lazy\" decoding=\"async\" width=\"16\" height=\"16\" alt=\"Loading\" src=\"https:\/\/temucotelevision.cl\/web\/wp-content\/plugins\/page-views-count\/ajax-loader-2x.gif\" border=0 \/><\/p><div class=\"pvc_clear\"><\/div>\n<p>En la ciudad de Maull\u00edn, se realiz\u00f3 una jornada de capacitaci\u00f3n y charlas para las comunas que se encuentran dentro de la asociaci\u00f3n tur\u00edstica \u201cComunas M\u00e1gicas\u201d de Chile, donde Loncoche se integr\u00f3 hace menos de un a\u00f1o y ya est\u00e1 siendo un ejemplo entre sus pares.<\/p>\n\n\n\n<p>Con una&nbsp;exposici\u00f3n del Encargado de Turismo de la comuna de Loncoche,&nbsp;Sebasti\u00e1n Silva Gonz\u00e1lez, sobre la creaci\u00f3n de manual de destino y la importancia de este mismo para generar una consciencia sostenible en la poblaci\u00f3n y el uso de aplicaciones para la creaci\u00f3n de mapas tur\u00edsticos en c\u00f3digos qr.<\/p>\n\n\n\n<p>En este taller, tambi\u00e9n se abordaron temas como la importancia de crear nuevas experiencias tur\u00edsticas y sobre el concepto de ser una comuna m\u00e1gica, adem\u00e1s se realiz\u00f3 un an\u00e1lisis \u201cFODA\u201d de cada comuna participante como: Loncoche, Ollague, Fresia, Do\u00f1ihue, Quinchao, Maullin y Queilen.<\/p>\n\n\n\n<p>Cabe se\u00f1alar que, se realiz\u00f3 una presentaci\u00f3n del concepto de Lineamiento Estrat\u00e9gico del Desarrollo Sostenible&nbsp;y del concepto de Turismo Sostenible, relacionados al Modelo para las Comunas M\u00e1gicas de Chile, la cual cont\u00f3 con la presencia de la Secretaria Ejecutiva; Doris Villarroel y&nbsp;Claudio Sainz, Creador de comunas m\u00e1gicas de M\u00e9xico.<\/p>\n","protected":false},"excerpt":{"rendered":"<div class=\"pvc_clear\"><\/div>\n<p id=\"pvc_stats_35380\" class=\"pvc_stats total_only  \" data-element-id=\"35380\" style=\"\"><i class=\"pvc-stats-icon large\" aria-hidden=\"true\"><svg aria-hidden=\"true\" focusable=\"false\" data-prefix=\"far\" data-icon=\"chart-bar\" role=\"img\" xmlns=\"http:\/\/www.w3.org\/2000\/svg\" viewBox=\"0 0 512 512\" class=\"svg-inline--fa fa-chart-bar fa-w-16 fa-2x\"><path fill=\"currentColor\" d=\"M396.8 352h22.4c6.4 0 12.8-6.4 12.8-12.8V108.8c0-6.4-6.4-12.8-12.8-12.8h-22.4c-6.4 0-12.8 6.4-12.8 12.8v230.4c0 6.4 6.4 12.8 12.8 12.8zm-192 0h22.4c6.4 0 12.8-6.4 12.8-12.8V140.8c0-6.4-6.4-12.8-12.8-12.8h-22.4c-6.4 0-12.8 6.4-12.8 12.8v198.4c0 6.4 6.4 12.8 12.8 12.8zm96 0h22.4c6.4 0 12.8-6.4 12.8-12.8V204.8c0-6.4-6.4-12.8-12.8-12.8h-22.4c-6.4 0-12.8 6.4-12.8 12.8v134.4c0 6.4 6.4 12.8 12.8 12.8zM496 400H48V80c0-8.84-7.16-16-16-16H16C7.16 64 0 71.16 0 80v336c0 17.67 14.33 32 32 32h464c8.84 0 16-7.16 16-16v-16c0-8.84-7.16-16-16-16zm-387.2-48h22.4c6.4 0 12.8-6.4 12.8-12.8v-70.4c0-6.4-6.4-12.8-12.8-12.8h-22.4c-6.4 0-12.8 6.4-12.8 12.8v70.4c0 6.4 6.4 12.8 12.8 12.8z\" class=\"\"><\/path><\/svg><\/i> <img loading=\"lazy\" decoding=\"async\" width=\"16\" height=\"16\" alt=\"Loading\" src=\"https:\/\/temucotelevision.cl\/web\/wp-content\/plugins\/page-views-count\/ajax-loader-2x.gif\" border=0 \/><\/p>\n<div class=\"pvc_clear\"><\/div>\n<p>En la ciudad de Maull\u00edn, se realiz\u00f3 una jornada de capacitaci\u00f3n y charlas para las comunas que se encuentran dentro<\/p>\n","protected":false},"author":1,"featured_media":35381,"comment_status":"open","ping_status":"open","sticky":false,"template":"","format":"standard","meta":{"colormag_page_container_layout":"default_layout","colormag_page_sidebar_layout":"default_layout","footnotes":""},"categories":[101],"tags":[105,993,5798,94],"class_list":["post-35380","post","type-post","status-publish","format-standard","has-post-thumbnail","hentry","category-actualidad","tag-chile","tag-loncoche","tag-maullin","tag-turismo"],"a3_pvc":{"activated":true,"total_views":58,"today_views":0},"_links":{"self":[{"href":"https:\/\/temucotelevision.cl\/web\/wp-json\/wp\/v2\/posts\/35380","targetHints":{"allow":["GET"]}}],"collection":[{"href":"https:\/\/temucotelevision.cl\/web\/wp-json\/wp\/v2\/posts"}],"about":[{"href":"https:\/\/temucotelevision.cl\/web\/wp-json\/wp\/v2\/types\/post"}],"author":[{"embeddable":true,"href":"https:\/\/temucotelevision.cl\/web\/wp-json\/wp\/v2\/users\/1"}],"replies":[{"embeddable":true,"href":"https:\/\/temucotelevision.cl\/web\/wp-json\/wp\/v2\/comments?post=35380"}],"version-history":[{"count":1,"href":"https:\/\/temucotelevision.cl\/web\/wp-json\/wp\/v2\/posts\/35380\/revisions"}],"predecessor-version":[{"id":35382,"href":"https:\/\/temucotelevision.cl\/web\/wp-json\/wp\/v2\/posts\/35380\/revisions\/35382"}],"wp:featuredmedia":[{"embeddable":true,"href":"https:\/\/temucotelevision.cl\/web\/wp-json\/wp\/v2\/media\/35381"}],"wp:attachment":[{"href":"https:\/\/temucotelevision.cl\/web\/wp-json\/wp\/v2\/media?parent=35380"}],"wp:term":[{"taxonomy":"category","embeddable":true,"href":"https:\/\/temucotelevision.cl\/web\/wp-json\/wp\/v2\/categories?post=35380"},{"taxonomy":"post_tag","embeddable":true,"href":"https:\/\/temucotelevision.cl\/web\/wp-json\/wp\/v2\/tags?post=35380"}],"curies":[{"name":"wp","href":"https:\/\/api.w.org\/{rel}","templated":true}]}}