{"id":35377,"date":"2022-09-21T12:24:58","date_gmt":"2022-09-21T15:24:58","guid":{"rendered":"https:\/\/temucotelevision.cl\/web\/?p=35377"},"modified":"2022-09-21T12:24:59","modified_gmt":"2022-09-21T15:24:59","slug":"ignis-trio-se-presenta-en-la-colmena-acompanado-de-destacado-guitarrista-nacional","status":"publish","type":"post","link":"https:\/\/temucotelevision.cl\/web\/2022\/09\/21\/ignis-trio-se-presenta-en-la-colmena-acompanado-de-destacado-guitarrista-nacional\/","title":{"rendered":"Ignis Tr\u00edo se presenta en La Colmena acompa\u00f1ado de destacado guitarrista nacional"},"content":{"rendered":"<div class=\"pvc_clear\"><\/div><p id=\"pvc_stats_35377\" class=\"pvc_stats total_only  \" data-element-id=\"35377\" style=\"\"><i class=\"pvc-stats-icon large\" aria-hidden=\"true\"><svg aria-hidden=\"true\" focusable=\"false\" data-prefix=\"far\" data-icon=\"chart-bar\" role=\"img\" xmlns=\"http:\/\/www.w3.org\/2000\/svg\" viewBox=\"0 0 512 512\" class=\"svg-inline--fa fa-chart-bar fa-w-16 fa-2x\"><path fill=\"currentColor\" d=\"M396.8 352h22.4c6.4 0 12.8-6.4 12.8-12.8V108.8c0-6.4-6.4-12.8-12.8-12.8h-22.4c-6.4 0-12.8 6.4-12.8 12.8v230.4c0 6.4 6.4 12.8 12.8 12.8zm-192 0h22.4c6.4 0 12.8-6.4 12.8-12.8V140.8c0-6.4-6.4-12.8-12.8-12.8h-22.4c-6.4 0-12.8 6.4-12.8 12.8v198.4c0 6.4 6.4 12.8 12.8 12.8zm96 0h22.4c6.4 0 12.8-6.4 12.8-12.8V204.8c0-6.4-6.4-12.8-12.8-12.8h-22.4c-6.4 0-12.8 6.4-12.8 12.8v134.4c0 6.4 6.4 12.8 12.8 12.8zM496 400H48V80c0-8.84-7.16-16-16-16H16C7.16 64 0 71.16 0 80v336c0 17.67 14.33 32 32 32h464c8.84 0 16-7.16 16-16v-16c0-8.84-7.16-16-16-16zm-387.2-48h22.4c6.4 0 12.8-6.4 12.8-12.8v-70.4c0-6.4-6.4-12.8-12.8-12.8h-22.4c-6.4 0-12.8 6.4-12.8 12.8v70.4c0 6.4 6.4 12.8 12.8 12.8z\" class=\"\"><\/path><\/svg><\/i> <img loading=\"lazy\" decoding=\"async\" width=\"16\" height=\"16\" alt=\"Loading\" src=\"https:\/\/temucotelevision.cl\/web\/wp-content\/plugins\/page-views-count\/ajax-loader-2x.gif\" border=0 \/><\/p><div class=\"pvc_clear\"><\/div>\n<p><em>El grupo de jazz experimental compartir\u00e1 escenario con Jorge D\u00edaz, el pr\u00f3ximo viernes 23 de septiembre, desde las 18.30 horas en el escenario ubicado en Francisco Bilbao #848. La actividad contar\u00e1 con una masterclass del m\u00fasico invitado, ganador del Premio Altazor como Mejor Instrumentista.&nbsp;<\/em><\/p>\n\n\n\n<p>Ignis Tr\u00edo sigue avanzando en su propuesta de jazz experimental con ra\u00edces sudamericanas, que desde su debut a inicios de a\u00f1o ha logrado ser parte del circuito de bandas que toca constantemente en Temuco, junto con lograr ciertos hitos en su corta historia.&nbsp;<\/p>\n\n\n\n<p>El pr\u00f3ximo viernes 23 de septiembre, el conjunto compartir\u00e1 escenario con el destacado guitarrista Jorge D\u00edaz, quien visita La Araucan\u00eda para realizar un \u00edntimo encuentro en La Colmena, espacio colaborativo cultural ubicado en Francisco Bilbao #848.<\/p>\n\n\n\n<p>El nombre de Jorge D\u00edaz es un referente para el circuito del jazz chileno y la m\u00fasica improvisada, tanto como compositor, m\u00fasico y mentor de diversos guitarristas que han estudiado armon\u00eda y teor\u00eda. Ganador del Premio Altazor como Mejor Instrumentista, \u00e9l ha colaborado con artistas como Joe Vasconcellos, Cecilia Echenique o Herbie Hancock, cuenta con una serie de discos de Jazz desde inicios de siglo, y ha participado en festivales de Jazz tanto en Chile como en Indonesia, Francia, M\u00e9xico, Brasil, Costa Rica, Per\u00fa, Cuba y Estados Unidos.&nbsp;<\/p>\n\n\n\n<p>La propuesta de Ignis Tr\u00edo llam\u00f3 la atenci\u00f3n de D\u00edaz, quien los conoci\u00f3 a trav\u00e9s de las redes sociales. Tras interactuar, lograron darle forma a este especial espect\u00e1culo, que es un paso importante en el trabajo que Luis Felipe Medina (Guitarra y Composiciones), Diego Vallejos (Contrabajo) y Felipe Maurelia (bater\u00eda) han dado forma desde el sur.<\/p>\n\n\n\n<p>La presencia de D\u00edaz ser\u00e1 una mezcla de repertorios, acompa\u00f1ada de una masterclass, que&nbsp;&nbsp;abordar\u00e1 desde el estudio del jazz y guitarra, hasta su proceso creativo.&nbsp;<strong>La preventa de entradas est\u00e1n disponibles a trav\u00e9s de&nbsp;<\/strong><a href=\"https:\/\/www.eventrid.cl\/eventos\/humodetemu\/master-class-y-concierto-jorge-diaz-ignis-trio\"><strong>Eventrid<\/strong><\/a><strong>&nbsp;a $4.000. El d\u00eda del concierto estar\u00e1n a $5.000.<\/strong><\/p>\n\n\n\n<p><strong>\u201c<\/strong>Tocar con Jorge D\u00edaz es una confirmaci\u00f3n del trabajo, y una oportunidad para que la gente salga de lo tradicional. El jazz en el contexto de nuestra ciudad no es com\u00fan, por lo que es una buena oportunidad para conectar con el estilo\u201d, relata Diego Vallejos.&nbsp;&nbsp;<\/p>\n\n\n\n<p>El concierto de&nbsp;Ignis Tr\u00edo&nbsp;en La Colmena se suma a la serie de presentaciones que han tenido en estos meses, pasando por escenarios como el Aula Magna de la UCT, el Centro Cultural de Padres Las Casas y el circuito de conciertos independientes organizados por \u00c9rase un Taller y Casa Nok.<\/p>\n\n\n\n<p>Su \u00faltimo show fue en la explanada del campus San Francisco de la Universidad Cat\u00f3lica, en pleno centro neur\u00e1lgico de la ciudad, donde tanto fan\u00e1ticos como peatones pudieron disfrutar al aire libre de la propuesta art\u00edstica.&nbsp;Incluso han podido compartir con la compositora Magdalena Matthey, y los integrantes de Congreso, Tilo Gonz\u00e1lez y Federico&nbsp;Faure, con quienes han podido&nbsp;discutir sobre el devenir del&nbsp;tr\u00edo.<\/p>\n\n\n\n<p>El cambio de estaci\u00f3n vendr\u00e1 con la presentaci\u00f3n del primer trabajo de estudio de la banda. Ignis Tr\u00edo espera cerrar el a\u00f1o lanzando&nbsp;un&nbsp;EP, grabado en la Universidad Santo Tom\u00e1s, que llevar\u00e1 el nombre hom\u00f3nimo del grupo y contar\u00e1 con 4 canciones. Seg\u00fan sus integrantes se encuentra en fase de masterizaci\u00f3n.&nbsp;<\/p>\n\n\n\n<p>El disco fue la primera experiencia profesional, y busca ser una fotograf\u00eda del momento, que dista de lo que actualmente est\u00e1 logrando el grupo. Para el verano de 2023, el conjunto espera concretar la grabaci\u00f3n de un disco de larga duraci\u00f3n, con un repertorio m\u00e1s amplio.&nbsp;<\/p>\n\n\n\n<p>Un sonido fresco que se vuelve una opci\u00f3n cultural diferente en el quehacer de la ciudad. Para m\u00e1s informaci\u00f3n, pueden buscar la cuenta de Instagram @ignis_trio para seguir los pasos de la banda.<\/p>\n","protected":false},"excerpt":{"rendered":"<div class=\"pvc_clear\"><\/div>\n<p id=\"pvc_stats_35377\" class=\"pvc_stats total_only  \" data-element-id=\"35377\" style=\"\"><i class=\"pvc-stats-icon large\" aria-hidden=\"true\"><svg aria-hidden=\"true\" focusable=\"false\" data-prefix=\"far\" data-icon=\"chart-bar\" role=\"img\" xmlns=\"http:\/\/www.w3.org\/2000\/svg\" viewBox=\"0 0 512 512\" class=\"svg-inline--fa fa-chart-bar fa-w-16 fa-2x\"><path fill=\"currentColor\" d=\"M396.8 352h22.4c6.4 0 12.8-6.4 12.8-12.8V108.8c0-6.4-6.4-12.8-12.8-12.8h-22.4c-6.4 0-12.8 6.4-12.8 12.8v230.4c0 6.4 6.4 12.8 12.8 12.8zm-192 0h22.4c6.4 0 12.8-6.4 12.8-12.8V140.8c0-6.4-6.4-12.8-12.8-12.8h-22.4c-6.4 0-12.8 6.4-12.8 12.8v198.4c0 6.4 6.4 12.8 12.8 12.8zm96 0h22.4c6.4 0 12.8-6.4 12.8-12.8V204.8c0-6.4-6.4-12.8-12.8-12.8h-22.4c-6.4 0-12.8 6.4-12.8 12.8v134.4c0 6.4 6.4 12.8 12.8 12.8zM496 400H48V80c0-8.84-7.16-16-16-16H16C7.16 64 0 71.16 0 80v336c0 17.67 14.33 32 32 32h464c8.84 0 16-7.16 16-16v-16c0-8.84-7.16-16-16-16zm-387.2-48h22.4c6.4 0 12.8-6.4 12.8-12.8v-70.4c0-6.4-6.4-12.8-12.8-12.8h-22.4c-6.4 0-12.8 6.4-12.8 12.8v70.4c0 6.4 6.4 12.8 12.8 12.8z\" class=\"\"><\/path><\/svg><\/i> <img loading=\"lazy\" decoding=\"async\" width=\"16\" height=\"16\" alt=\"Loading\" src=\"https:\/\/temucotelevision.cl\/web\/wp-content\/plugins\/page-views-count\/ajax-loader-2x.gif\" border=0 \/><\/p>\n<div class=\"pvc_clear\"><\/div>\n<p>El grupo de jazz experimental compartir\u00e1 escenario con Jorge D\u00edaz, el pr\u00f3ximo viernes 23 de septiembre, desde las 18.30 horas<\/p>\n","protected":false},"author":1,"featured_media":35378,"comment_status":"open","ping_status":"open","sticky":false,"template":"","format":"standard","meta":{"colormag_page_container_layout":"default_layout","colormag_page_sidebar_layout":"default_layout","footnotes":""},"categories":[86],"tags":[288,5797,222,3347],"class_list":["post-35377","post","type-post","status-publish","format-standard","has-post-thumbnail","hentry","category-panoramas","tag-grupo","tag-guitarrista","tag-jazz","tag-trio"],"a3_pvc":{"activated":true,"total_views":78,"today_views":0},"_links":{"self":[{"href":"https:\/\/temucotelevision.cl\/web\/wp-json\/wp\/v2\/posts\/35377","targetHints":{"allow":["GET"]}}],"collection":[{"href":"https:\/\/temucotelevision.cl\/web\/wp-json\/wp\/v2\/posts"}],"about":[{"href":"https:\/\/temucotelevision.cl\/web\/wp-json\/wp\/v2\/types\/post"}],"author":[{"embeddable":true,"href":"https:\/\/temucotelevision.cl\/web\/wp-json\/wp\/v2\/users\/1"}],"replies":[{"embeddable":true,"href":"https:\/\/temucotelevision.cl\/web\/wp-json\/wp\/v2\/comments?post=35377"}],"version-history":[{"count":1,"href":"https:\/\/temucotelevision.cl\/web\/wp-json\/wp\/v2\/posts\/35377\/revisions"}],"predecessor-version":[{"id":35379,"href":"https:\/\/temucotelevision.cl\/web\/wp-json\/wp\/v2\/posts\/35377\/revisions\/35379"}],"wp:featuredmedia":[{"embeddable":true,"href":"https:\/\/temucotelevision.cl\/web\/wp-json\/wp\/v2\/media\/35378"}],"wp:attachment":[{"href":"https:\/\/temucotelevision.cl\/web\/wp-json\/wp\/v2\/media?parent=35377"}],"wp:term":[{"taxonomy":"category","embeddable":true,"href":"https:\/\/temucotelevision.cl\/web\/wp-json\/wp\/v2\/categories?post=35377"},{"taxonomy":"post_tag","embeddable":true,"href":"https:\/\/temucotelevision.cl\/web\/wp-json\/wp\/v2\/tags?post=35377"}],"curies":[{"name":"wp","href":"https:\/\/api.w.org\/{rel}","templated":true}]}}