{"id":35373,"date":"2022-09-21T12:19:29","date_gmt":"2022-09-21T15:19:29","guid":{"rendered":"https:\/\/temucotelevision.cl\/web\/?p=35373"},"modified":"2022-09-21T12:19:30","modified_gmt":"2022-09-21T15:19:30","slug":"trashumantes-invita-a-su-segundo-encuentro-de-gestores-del-biobio-a-magallanes","status":"publish","type":"post","link":"https:\/\/temucotelevision.cl\/web\/2022\/09\/21\/trashumantes-invita-a-su-segundo-encuentro-de-gestores-del-biobio-a-magallanes\/","title":{"rendered":"Trashumantes invita a su Segundo Encuentro de Gestores del Biob\u00edo a Magallanes\u00a0"},"content":{"rendered":"<div class=\"pvc_clear\"><\/div><p id=\"pvc_stats_35373\" class=\"pvc_stats total_only  \" data-element-id=\"35373\" style=\"\"><i class=\"pvc-stats-icon large\" aria-hidden=\"true\"><svg aria-hidden=\"true\" focusable=\"false\" data-prefix=\"far\" data-icon=\"chart-bar\" role=\"img\" xmlns=\"http:\/\/www.w3.org\/2000\/svg\" viewBox=\"0 0 512 512\" class=\"svg-inline--fa fa-chart-bar fa-w-16 fa-2x\"><path fill=\"currentColor\" d=\"M396.8 352h22.4c6.4 0 12.8-6.4 12.8-12.8V108.8c0-6.4-6.4-12.8-12.8-12.8h-22.4c-6.4 0-12.8 6.4-12.8 12.8v230.4c0 6.4 6.4 12.8 12.8 12.8zm-192 0h22.4c6.4 0 12.8-6.4 12.8-12.8V140.8c0-6.4-6.4-12.8-12.8-12.8h-22.4c-6.4 0-12.8 6.4-12.8 12.8v198.4c0 6.4 6.4 12.8 12.8 12.8zm96 0h22.4c6.4 0 12.8-6.4 12.8-12.8V204.8c0-6.4-6.4-12.8-12.8-12.8h-22.4c-6.4 0-12.8 6.4-12.8 12.8v134.4c0 6.4 6.4 12.8 12.8 12.8zM496 400H48V80c0-8.84-7.16-16-16-16H16C7.16 64 0 71.16 0 80v336c0 17.67 14.33 32 32 32h464c8.84 0 16-7.16 16-16v-16c0-8.84-7.16-16-16-16zm-387.2-48h22.4c6.4 0 12.8-6.4 12.8-12.8v-70.4c0-6.4-6.4-12.8-12.8-12.8h-22.4c-6.4 0-12.8 6.4-12.8 12.8v70.4c0 6.4 6.4 12.8 12.8 12.8z\" class=\"\"><\/path><\/svg><\/i> <img loading=\"lazy\" decoding=\"async\" width=\"16\" height=\"16\" alt=\"Loading\" src=\"https:\/\/temucotelevision.cl\/web\/wp-content\/plugins\/page-views-count\/ajax-loader-2x.gif\" border=0 \/><\/p><div class=\"pvc_clear\"><\/div>\n<p><em>La invitaci\u00f3n es para agentes, gestores y organizaciones teatrales del sur de Chile, quienes se pueden inscribir como expositores o como p\u00fablico en&nbsp;<\/em><a href=\"http:\/\/www.fundaciontrashumantes.cl\/\"><em>www.fundaciontrashumantes.cl<\/em><\/a><em>. Trashumantes es financiado por el Ministerio de las Culturas, las Artes y el Patrimonio, a trav\u00e9s de su Programa de Apoyo a Organizaciones Culturales Colaboradoras.<\/em><\/p>\n\n\n\n<p>Trashumantes invita a agentes, gestores y organizaciones teatrales del Biob\u00edo a Magallanes, a participar en su Segundo Encuentro de Gestores, iniciativa que tiene como objetivo crear un espacio de intercambio de saberes entre los diversos territorios del sur.<\/p>\n\n\n\n<p>As\u00ed lo explica su codirectora, Andrea Richards, quien dice que adem\u00e1s esta instancia busca \u201ccompartir las metodolog\u00edas espec\u00edficas que desarrollan los distintos agentes y organizaciones para potenciar el teatro en sus localidades\u201d.<\/p>\n\n\n\n<p>El Encuentro, financiado por el Ministerio de las Culturas, las Artes y el Patrimonio, a trav\u00e9s de su Programa de Apoyo a Organizaciones Culturales Colaboradoras, se realizar\u00e1 el 22 y 23 de septiembre, en modalidad virtual, a trav\u00e9s de Zoom.&nbsp;<\/p>\n\n\n\n<p>La actividad contar\u00e1 con la exposici\u00f3n de agentes culturales que forman parte de Red Sur Trashumantes, como el Festival de Teatro del B\u00edo-B\u00edo, Espacio Txaw\u00fcn, Festival Temporales Teatrales, Territorio Teatral, Patagonia en Escena y Cielos del Infinito. Adem\u00e1s, de una charla especializada en \u201cFormaci\u00f3n de Audiencias Pospandemia\u201d por Pamela L\u00f3pez.<\/p>\n\n\n\n<p><strong>\u00bfC\u00d3MO PARTICIPAR?<\/strong><\/p>\n\n\n\n<p>Quienes deseen participar como expositores tendr\u00e1n la posibilidad de compartir uno de sus saberes espec\u00edficos que realizan como organizaci\u00f3n, agentes o gestores, durante 7 minutos, con material visual de apoyo, y luego otros 7 minutos para responder preguntas y reflexiones.&nbsp;<\/p>\n\n\n\n<p>Se entiende por saberes un conocimiento espec\u00edfico que la organizaci\u00f3n haya adquirido en su experiencia, ya sea metodolog\u00eda de mediaci\u00f3n, formaci\u00f3n, creaci\u00f3n de audiencias, entre tantas otras en el quehacer de la gesti\u00f3n y el desarrollo esc\u00e9nico.&nbsp;&nbsp;<\/p>\n\n\n\n<p>Los invitados tambi\u00e9n deber\u00e1n inscribirse, pudiendo participar de forma activa realizando preguntas o reflexiones en torno a las exposiciones y charlas.&nbsp;<\/p>\n\n\n\n<p>Podr\u00e1n participar agentes, gestores y organizaciones teatrales del Biob\u00edo, La Araucan\u00eda, Los R\u00edos, Los Lagos, Ays\u00e9n y Magallanes, llenando un formulario de inscripci\u00f3n seg\u00fan corresponda, como invitada(o) o expositor(a), en&nbsp;<a href=\"http:\/\/www.fundaciontrashumantes.cl\/\">www.fundaciontrashumantes.cl<\/a>.<\/p>\n\n\n\n<p>Trashumantes es financiado por el Programa de Apoyo a Organizaciones Culturales Colaboradoras del Ministerio de las Culturas, las Artes y el Patrimonio, el cual busca fortalecer y dar continuidad a instituciones y organizaciones culturales de derecho privado y sin fines de lucro. Este programa, adem\u00e1s, es parte del Sistema de Financiamiento a Organizaciones e Infraestructura Cultural del Ministerio de las Culturas, las Artes y el Patrimonio que integra, articula y coordina de forma transversal los planes, programas y fondos orientados al fomento y apoyo de las organizaciones, de la infraestructura cultural, y de la mediaci\u00f3n art\u00edstica. Todo esto con una vocaci\u00f3n descentralizada, mecanismos participativos, y la promoci\u00f3n de la creaci\u00f3n de redes y asociaciones.<\/p>\n","protected":false},"excerpt":{"rendered":"<div class=\"pvc_clear\"><\/div>\n<p id=\"pvc_stats_35373\" class=\"pvc_stats total_only  \" data-element-id=\"35373\" style=\"\"><i class=\"pvc-stats-icon large\" aria-hidden=\"true\"><svg aria-hidden=\"true\" focusable=\"false\" data-prefix=\"far\" data-icon=\"chart-bar\" role=\"img\" xmlns=\"http:\/\/www.w3.org\/2000\/svg\" viewBox=\"0 0 512 512\" class=\"svg-inline--fa fa-chart-bar fa-w-16 fa-2x\"><path fill=\"currentColor\" d=\"M396.8 352h22.4c6.4 0 12.8-6.4 12.8-12.8V108.8c0-6.4-6.4-12.8-12.8-12.8h-22.4c-6.4 0-12.8 6.4-12.8 12.8v230.4c0 6.4 6.4 12.8 12.8 12.8zm-192 0h22.4c6.4 0 12.8-6.4 12.8-12.8V140.8c0-6.4-6.4-12.8-12.8-12.8h-22.4c-6.4 0-12.8 6.4-12.8 12.8v198.4c0 6.4 6.4 12.8 12.8 12.8zm96 0h22.4c6.4 0 12.8-6.4 12.8-12.8V204.8c0-6.4-6.4-12.8-12.8-12.8h-22.4c-6.4 0-12.8 6.4-12.8 12.8v134.4c0 6.4 6.4 12.8 12.8 12.8zM496 400H48V80c0-8.84-7.16-16-16-16H16C7.16 64 0 71.16 0 80v336c0 17.67 14.33 32 32 32h464c8.84 0 16-7.16 16-16v-16c0-8.84-7.16-16-16-16zm-387.2-48h22.4c6.4 0 12.8-6.4 12.8-12.8v-70.4c0-6.4-6.4-12.8-12.8-12.8h-22.4c-6.4 0-12.8 6.4-12.8 12.8v70.4c0 6.4 6.4 12.8 12.8 12.8z\" class=\"\"><\/path><\/svg><\/i> <img loading=\"lazy\" decoding=\"async\" width=\"16\" height=\"16\" alt=\"Loading\" src=\"https:\/\/temucotelevision.cl\/web\/wp-content\/plugins\/page-views-count\/ajax-loader-2x.gif\" border=0 \/><\/p>\n<div class=\"pvc_clear\"><\/div>\n<p>La invitaci\u00f3n es para agentes, gestores y organizaciones teatrales del sur de Chile, quienes se pueden inscribir como expositores o<\/p>\n","protected":false},"author":1,"featured_media":35375,"comment_status":"open","ping_status":"open","sticky":false,"template":"","format":"standard","meta":{"colormag_page_container_layout":"default_layout","colormag_page_sidebar_layout":"default_layout","footnotes":""},"categories":[86],"tags":[1138,820,3676],"class_list":["post-35373","post","type-post","status-publish","format-standard","has-post-thumbnail","hentry","category-panoramas","tag-encuentro","tag-regiones","tag-trashumantes"],"a3_pvc":{"activated":true,"total_views":44,"today_views":0},"_links":{"self":[{"href":"https:\/\/temucotelevision.cl\/web\/wp-json\/wp\/v2\/posts\/35373","targetHints":{"allow":["GET"]}}],"collection":[{"href":"https:\/\/temucotelevision.cl\/web\/wp-json\/wp\/v2\/posts"}],"about":[{"href":"https:\/\/temucotelevision.cl\/web\/wp-json\/wp\/v2\/types\/post"}],"author":[{"embeddable":true,"href":"https:\/\/temucotelevision.cl\/web\/wp-json\/wp\/v2\/users\/1"}],"replies":[{"embeddable":true,"href":"https:\/\/temucotelevision.cl\/web\/wp-json\/wp\/v2\/comments?post=35373"}],"version-history":[{"count":1,"href":"https:\/\/temucotelevision.cl\/web\/wp-json\/wp\/v2\/posts\/35373\/revisions"}],"predecessor-version":[{"id":35376,"href":"https:\/\/temucotelevision.cl\/web\/wp-json\/wp\/v2\/posts\/35373\/revisions\/35376"}],"wp:featuredmedia":[{"embeddable":true,"href":"https:\/\/temucotelevision.cl\/web\/wp-json\/wp\/v2\/media\/35375"}],"wp:attachment":[{"href":"https:\/\/temucotelevision.cl\/web\/wp-json\/wp\/v2\/media?parent=35373"}],"wp:term":[{"taxonomy":"category","embeddable":true,"href":"https:\/\/temucotelevision.cl\/web\/wp-json\/wp\/v2\/categories?post=35373"},{"taxonomy":"post_tag","embeddable":true,"href":"https:\/\/temucotelevision.cl\/web\/wp-json\/wp\/v2\/tags?post=35373"}],"curies":[{"name":"wp","href":"https:\/\/api.w.org\/{rel}","templated":true}]}}