{"id":35370,"date":"2022-09-21T12:12:25","date_gmt":"2022-09-21T15:12:25","guid":{"rendered":"https:\/\/temucotelevision.cl\/web\/?p=35370"},"modified":"2022-09-21T12:12:26","modified_gmt":"2022-09-21T15:12:26","slug":"suede-lanzo-su-tan-esperando-nuevo-album-autofiction","status":"publish","type":"post","link":"https:\/\/temucotelevision.cl\/web\/2022\/09\/21\/suede-lanzo-su-tan-esperando-nuevo-album-autofiction\/","title":{"rendered":"Suede\u00a0lanz\u00f3 su tan esperando\u00a0nuevo \u00e1lbum \u201cAUTOFICTION\u201d"},"content":{"rendered":"<div class=\"pvc_clear\"><\/div><p id=\"pvc_stats_35370\" class=\"pvc_stats total_only  \" data-element-id=\"35370\" style=\"\"><i class=\"pvc-stats-icon large\" aria-hidden=\"true\"><svg aria-hidden=\"true\" focusable=\"false\" data-prefix=\"far\" data-icon=\"chart-bar\" role=\"img\" xmlns=\"http:\/\/www.w3.org\/2000\/svg\" viewBox=\"0 0 512 512\" class=\"svg-inline--fa fa-chart-bar fa-w-16 fa-2x\"><path fill=\"currentColor\" d=\"M396.8 352h22.4c6.4 0 12.8-6.4 12.8-12.8V108.8c0-6.4-6.4-12.8-12.8-12.8h-22.4c-6.4 0-12.8 6.4-12.8 12.8v230.4c0 6.4 6.4 12.8 12.8 12.8zm-192 0h22.4c6.4 0 12.8-6.4 12.8-12.8V140.8c0-6.4-6.4-12.8-12.8-12.8h-22.4c-6.4 0-12.8 6.4-12.8 12.8v198.4c0 6.4 6.4 12.8 12.8 12.8zm96 0h22.4c6.4 0 12.8-6.4 12.8-12.8V204.8c0-6.4-6.4-12.8-12.8-12.8h-22.4c-6.4 0-12.8 6.4-12.8 12.8v134.4c0 6.4 6.4 12.8 12.8 12.8zM496 400H48V80c0-8.84-7.16-16-16-16H16C7.16 64 0 71.16 0 80v336c0 17.67 14.33 32 32 32h464c8.84 0 16-7.16 16-16v-16c0-8.84-7.16-16-16-16zm-387.2-48h22.4c6.4 0 12.8-6.4 12.8-12.8v-70.4c0-6.4-6.4-12.8-12.8-12.8h-22.4c-6.4 0-12.8 6.4-12.8 12.8v70.4c0 6.4 6.4 12.8 12.8 12.8z\" class=\"\"><\/path><\/svg><\/i> <img loading=\"lazy\" decoding=\"async\" width=\"16\" height=\"16\" alt=\"Loading\" src=\"https:\/\/temucotelevision.cl\/web\/wp-content\/plugins\/page-views-count\/ajax-loader-2x.gif\" border=0 \/><\/p><div class=\"pvc_clear\"><\/div>\n<p>&#8220;Uno de los mayores regresos del siglo XXI&#8221; (NME)<\/p>\n\n\n\n<iframe loading=\"lazy\" width=\"560\" height=\"315\" src=\"https:\/\/www.youtube.com\/embed\/JQPcWgab-rg\" title=\"YouTube video player\" frameborder=\"0\" allow=\"accelerometer; autoplay; clipboard-write; encrypted-media; gyroscope; picture-in-picture\" allowfullscreen><\/iframe>\n\n\n\n<p><strong>Suede<\/strong> lanz\u00f3 hoy su su noveno \u00e1lbum de estudio <strong>\u201cAutofiction\u201d<\/strong> a trav\u00e9s de <strong>BMG<\/strong>.&nbsp; Para celebrarlo, la banda comenz\u00f3 una serie de conciertos con un show en\u00e9rgico anoche en Pryzm de Kingston Upon Thames para Banquet Records, y tocar\u00e1 nuevamente hoy en el Rough Trade East de Shoreditch.&nbsp;&nbsp;<\/p>\n\n\n\n<p>El nuevo \u00e1lbum, que incluye los singles <a href=\"https:\/\/suede.lnk.to\/leadsmeonPR\" target=\"_blank\" rel=\"noreferrer noopener\"><strong><em>\u201cShe Still Leads Me On\u201d<\/em><\/strong><\/a> y <a href=\"https:\/\/suede.lnk.to\/15againPR\" target=\"_blank\" rel=\"noreferrer noopener\"><strong><em>\u201c15 Again\u201d<\/em><\/strong><\/a>, ya ha recibido elogios de la cr\u00edtica.&nbsp; <strong>Uncut<\/strong> calific\u00f3 a Autofiction como <em>&#8220;su mejor \u00e1lbum en d\u00e9cadas&#8221;,<\/em> <strong>The Times<\/strong> lo calific\u00f3 de <em>&#8220;soberbio&#8221;,<\/em> <strong>DIY Magazine<\/strong>, por su parte, como <em>&#8220;vital&#8221;<\/em> y Classic Pop lo defini\u00f3 como <em>&#8220;tremendamente adictivo&#8221;. <\/em><strong>MOJO<\/strong> rese\u00f1\u00f3: <em>&#8220;tan conmovedor.&nbsp; La ferocidad punk protegiendo un n\u00facleo profundamente vulnerable&#8221;.<\/em>&nbsp; <strong>Record Collector<\/strong> defendi\u00f3 la <em>&#8220;revitalizaci\u00f3n&#8221;, <\/em>mientras que <strong>NME<\/strong> confirm\u00f3 que <em>&#8220;esta es una banda con ganas de vivir&#8221;.<\/em><\/p>\n\n\n\n<p>El objetivo de <strong>Suede<\/strong> era crear un \u00e1lbum que capturara el poder y la energ\u00eda \u00fanicos que existen entre la banda y su p\u00fablico en los conciertos.&nbsp; Un tema que ha resonado desde el d\u00eda en que anunciaron <strong>Autofiction<\/strong>, estrenando el atrevido tema de apertura <a href=\"https:\/\/www.youtube.com\/watch?v=tfDgLym55Pg\" target=\"_blank\" rel=\"noreferrer noopener\"><strong><em>&#8220;She Still Leads Me On<\/em><\/strong>&#8220;<\/a> en vivo en una actuaci\u00f3n sorpresa en Bruselas que fue transmitida en vivo para los fans.<\/p>\n\n\n\n<p>Despu\u00e9s de los shows de lanzamiento de <strong>Autofiction<\/strong> que suceder\u00e1n esta semana y la pr\u00f3xima, <strong>Suede<\/strong> regresar\u00e1 en noviembre a Estados Unidos por primera vez desde 2011 para una esperada gira en donde ser\u00e1n <strong>co-headliners con Manic Street Preachers.<\/strong><\/p>\n\n\n\n<p>El regreso de <strong>Suede<\/strong> a los escenarios continuar\u00e1 con una gira en el Reino Unido en marzo de 2023, en la que interpretar\u00e1n cl\u00e1sicos y temas de <strong>Autofiction<\/strong>.&nbsp; La gira comenzar\u00e1 en el Forum de Bath el 3 de marzo y cerrar\u00e1 en el O2 Academy Brixton el 25 de marzo (celebrando 30 a\u00f1os del ic\u00f3nico debut de <strong>Suede<\/strong> en el local londinense en mayo de 1993).&nbsp; Las fechas completas de la gira y las entradas est\u00e1n disponibles <a href=\"https:\/\/www.gigsandtours.com\/tour\/suede\" target=\"_blank\" rel=\"noreferrer noopener\">aqu\u00ed<\/a>.<\/p>\n\n\n\n<p>A principios de este mes, <strong>Suede<\/strong> actu\u00f3 bajo el seud\u00f3nimo <strong>Crushed Kid<\/strong>, una idea que llev\u00f3 a la banda al extremo, &#8220;de vuelta a lo b\u00e1sico&#8221;, tocando en vivo con un nombre falso.&nbsp; Despu\u00e9s de desatar los rumores tras una semana de misteriosa actividad en internet que inclu\u00eda el lanzamiento de nueva m\u00fasica bajo ese nombre, Crushed Kid hizo su primera actuaci\u00f3n en el MOTH Club de Londres, con capacidad para 300 personas, seguida de un concierto en el Deaf Institute de Manchester.&nbsp; Los fans recibieron un adelanto sorpresa del noveno \u00e1lbum de estudio de <strong>Suede<\/strong> en su totalidad. Telegraph calific\u00f3 a <strong>Suede<\/strong> como <em>&#8220;banda renacida&#8221;<\/em>, mientras que el Evening Standard confirm\u00f3 que <em>&#8220;como todas las mejores bandas nuevas, Crushed Kid nos dej\u00f3 con ganas de m\u00e1s&#8221;<\/em>, The Guardian elogi\u00f3 <em>&#8220;un regreso euf\u00f3rico&#8221;<\/em>, y CLASH anunci\u00f3 que el set era una <em>&#8220;muestra implacable de la posici\u00f3n de Suede en 2022&#8221;.<\/em><\/p>\n\n\n\n<p><strong>Suede<\/strong> lanz\u00f3 recientemente una pieza audiovisual de acompa\u00f1amiento al nuevo \u00e1lbum con su primera producci\u00f3n de cortometrajes, <strong>Autofiction: A Short Film<\/strong>. Dirigido por Katie Lambert (MrMr Films) y creado en colaboraci\u00f3n con <strong>Suede<\/strong>, la producci\u00f3n fue descrita como &#8220;esencial e inmediata&#8221; por AnOther Magazine.&nbsp; Explora las complejidades de la memoria, la verdad percibida, la comunicaci\u00f3n y la ansiedad en las relaciones humanas.&nbsp; Temas que est\u00e1n en el centro del nuevo \u00e1lbum <strong>\u201cAutofiction\u201d<\/strong>, que, como su t\u00edtulo indica, es uno de los discos m\u00e1s personales de <strong>Brett Anderson<\/strong> hasta la fecha.<\/p>\n\n\n\n<p><em>&#8220;<\/em><strong><em>Autofiction<\/em><\/strong><em> tiene una frescura natural, es donde queremos estar&#8221;<\/em>, coment\u00f3 <strong>Brett Anderson<\/strong>:&nbsp; Y donde <strong>Suede <\/strong>quiere estar es, en cierto modo, en el mismo lugar en el que estaban cuando empezaron hace 30 a\u00f1os: un grupo de personas que viven la cruda sensaci\u00f3n de crear m\u00fasica juntos en una habitaci\u00f3n.<\/p>\n\n\n\n<p>En un movimiento que recordaba a sus a\u00f1os de formaci\u00f3n, el proceso de composici\u00f3n hizo que <strong>Suede<\/strong> volviera a ser como una banda nueva: arrastrando su propio equipo hasta un local de ensayo de Kings Cross, recogiendo una llave, prepar\u00e1ndose y empezando a tocar.&nbsp; M\u00e1s tarde, al grabar en vivo en los estudios Konk del norte de Londres, <strong>Suede<\/strong> se asoci\u00f3 con su antiguo colaborador Ed Buller.&nbsp; Ed trabaj\u00f3 por primera vez con la banda en la producci\u00f3n de su primer single &#8220;The Drowners&#8221;, que este a\u00f1o cumple 30 a\u00f1os.<\/p>\n\n\n\n<p><strong>Suede<\/strong> interpretar\u00e1 en su totalidad <strong>Autofiction <\/strong>en una serie de conciertos muy especiales en algunos de los lugares m\u00e1s \u00edntimos del Reino Unido y Europa durante los meses de septiembre y octubre, incluyendo dos noches en el Electric Ballroom de Londres, <strong><em>cuyas entradas se agotaron en veinte segundos<\/em><\/strong><em>.<\/em><strong> <\/strong>La banda tambi\u00e9n tocar\u00e1 el \u00e1lbum completo en una serie de apariciones en tiendas de discos del Reino Unido durante la pr\u00f3xima semana.<\/p>\n","protected":false},"excerpt":{"rendered":"<div class=\"pvc_clear\"><\/div>\n<p id=\"pvc_stats_35370\" class=\"pvc_stats total_only  \" data-element-id=\"35370\" style=\"\"><i class=\"pvc-stats-icon large\" aria-hidden=\"true\"><svg aria-hidden=\"true\" focusable=\"false\" data-prefix=\"far\" data-icon=\"chart-bar\" role=\"img\" xmlns=\"http:\/\/www.w3.org\/2000\/svg\" viewBox=\"0 0 512 512\" class=\"svg-inline--fa fa-chart-bar fa-w-16 fa-2x\"><path fill=\"currentColor\" d=\"M396.8 352h22.4c6.4 0 12.8-6.4 12.8-12.8V108.8c0-6.4-6.4-12.8-12.8-12.8h-22.4c-6.4 0-12.8 6.4-12.8 12.8v230.4c0 6.4 6.4 12.8 12.8 12.8zm-192 0h22.4c6.4 0 12.8-6.4 12.8-12.8V140.8c0-6.4-6.4-12.8-12.8-12.8h-22.4c-6.4 0-12.8 6.4-12.8 12.8v198.4c0 6.4 6.4 12.8 12.8 12.8zm96 0h22.4c6.4 0 12.8-6.4 12.8-12.8V204.8c0-6.4-6.4-12.8-12.8-12.8h-22.4c-6.4 0-12.8 6.4-12.8 12.8v134.4c0 6.4 6.4 12.8 12.8 12.8zM496 400H48V80c0-8.84-7.16-16-16-16H16C7.16 64 0 71.16 0 80v336c0 17.67 14.33 32 32 32h464c8.84 0 16-7.16 16-16v-16c0-8.84-7.16-16-16-16zm-387.2-48h22.4c6.4 0 12.8-6.4 12.8-12.8v-70.4c0-6.4-6.4-12.8-12.8-12.8h-22.4c-6.4 0-12.8 6.4-12.8 12.8v70.4c0 6.4 6.4 12.8 12.8 12.8z\" class=\"\"><\/path><\/svg><\/i> <img loading=\"lazy\" decoding=\"async\" width=\"16\" height=\"16\" alt=\"Loading\" src=\"https:\/\/temucotelevision.cl\/web\/wp-content\/plugins\/page-views-count\/ajax-loader-2x.gif\" border=0 \/><\/p>\n<div class=\"pvc_clear\"><\/div>\n<p>&#8220;Uno de los mayores regresos del siglo XXI&#8221; (NME) Suede lanz\u00f3 hoy su su noveno \u00e1lbum de estudio \u201cAutofiction\u201d a<\/p>\n","protected":false},"author":1,"featured_media":35371,"comment_status":"open","ping_status":"open","sticky":false,"template":"","format":"standard","meta":{"colormag_page_container_layout":"default_layout","colormag_page_sidebar_layout":"default_layout","footnotes":""},"categories":[369],"tags":[902,3586,5796,5721],"class_list":["post-35370","post","type-post","status-publish","format-standard","has-post-thumbnail","hentry","category-musica","tag-album","tag-bmg","tag-singles","tag-suede"],"a3_pvc":{"activated":true,"total_views":39,"today_views":0},"_links":{"self":[{"href":"https:\/\/temucotelevision.cl\/web\/wp-json\/wp\/v2\/posts\/35370","targetHints":{"allow":["GET"]}}],"collection":[{"href":"https:\/\/temucotelevision.cl\/web\/wp-json\/wp\/v2\/posts"}],"about":[{"href":"https:\/\/temucotelevision.cl\/web\/wp-json\/wp\/v2\/types\/post"}],"author":[{"embeddable":true,"href":"https:\/\/temucotelevision.cl\/web\/wp-json\/wp\/v2\/users\/1"}],"replies":[{"embeddable":true,"href":"https:\/\/temucotelevision.cl\/web\/wp-json\/wp\/v2\/comments?post=35370"}],"version-history":[{"count":1,"href":"https:\/\/temucotelevision.cl\/web\/wp-json\/wp\/v2\/posts\/35370\/revisions"}],"predecessor-version":[{"id":35372,"href":"https:\/\/temucotelevision.cl\/web\/wp-json\/wp\/v2\/posts\/35370\/revisions\/35372"}],"wp:featuredmedia":[{"embeddable":true,"href":"https:\/\/temucotelevision.cl\/web\/wp-json\/wp\/v2\/media\/35371"}],"wp:attachment":[{"href":"https:\/\/temucotelevision.cl\/web\/wp-json\/wp\/v2\/media?parent=35370"}],"wp:term":[{"taxonomy":"category","embeddable":true,"href":"https:\/\/temucotelevision.cl\/web\/wp-json\/wp\/v2\/categories?post=35370"},{"taxonomy":"post_tag","embeddable":true,"href":"https:\/\/temucotelevision.cl\/web\/wp-json\/wp\/v2\/tags?post=35370"}],"curies":[{"name":"wp","href":"https:\/\/api.w.org\/{rel}","templated":true}]}}