{"id":35367,"date":"2022-09-21T12:02:31","date_gmt":"2022-09-21T15:02:31","guid":{"rendered":"https:\/\/temucotelevision.cl\/web\/?p=35367"},"modified":"2022-09-21T12:02:31","modified_gmt":"2022-09-21T15:02:31","slug":"coordinadora-regional-de-senama-realizo-entrega-de-vivienda-tutelada-en-comodato-a-persona-mayor-en-tolten","status":"publish","type":"post","link":"https:\/\/temucotelevision.cl\/web\/2022\/09\/21\/coordinadora-regional-de-senama-realizo-entrega-de-vivienda-tutelada-en-comodato-a-persona-mayor-en-tolten\/","title":{"rendered":"Coordinadora Regional de Senama realiz\u00f3 entrega de vivienda tutelada en comodato a persona mayor en Tolt\u00e9n"},"content":{"rendered":"<div class=\"pvc_clear\"><\/div><p id=\"pvc_stats_35367\" class=\"pvc_stats total_only  \" data-element-id=\"35367\" style=\"\"><i class=\"pvc-stats-icon large\" aria-hidden=\"true\"><svg aria-hidden=\"true\" focusable=\"false\" data-prefix=\"far\" data-icon=\"chart-bar\" role=\"img\" xmlns=\"http:\/\/www.w3.org\/2000\/svg\" viewBox=\"0 0 512 512\" class=\"svg-inline--fa fa-chart-bar fa-w-16 fa-2x\"><path fill=\"currentColor\" d=\"M396.8 352h22.4c6.4 0 12.8-6.4 12.8-12.8V108.8c0-6.4-6.4-12.8-12.8-12.8h-22.4c-6.4 0-12.8 6.4-12.8 12.8v230.4c0 6.4 6.4 12.8 12.8 12.8zm-192 0h22.4c6.4 0 12.8-6.4 12.8-12.8V140.8c0-6.4-6.4-12.8-12.8-12.8h-22.4c-6.4 0-12.8 6.4-12.8 12.8v198.4c0 6.4 6.4 12.8 12.8 12.8zm96 0h22.4c6.4 0 12.8-6.4 12.8-12.8V204.8c0-6.4-6.4-12.8-12.8-12.8h-22.4c-6.4 0-12.8 6.4-12.8 12.8v134.4c0 6.4 6.4 12.8 12.8 12.8zM496 400H48V80c0-8.84-7.16-16-16-16H16C7.16 64 0 71.16 0 80v336c0 17.67 14.33 32 32 32h464c8.84 0 16-7.16 16-16v-16c0-8.84-7.16-16-16-16zm-387.2-48h22.4c6.4 0 12.8-6.4 12.8-12.8v-70.4c0-6.4-6.4-12.8-12.8-12.8h-22.4c-6.4 0-12.8 6.4-12.8 12.8v70.4c0 6.4 6.4 12.8 12.8 12.8z\" class=\"\"><\/path><\/svg><\/i> <img loading=\"lazy\" decoding=\"async\" width=\"16\" height=\"16\" alt=\"Loading\" src=\"https:\/\/temucotelevision.cl\/web\/wp-content\/plugins\/page-views-count\/ajax-loader-2x.gif\" border=0 \/><\/p><div class=\"pvc_clear\"><\/div>\n<p><em>En un emotivo acto simb\u00f3lico la autoridad regional del Servicio Nacional del Adulto Mayor (SENAMA) Paula M\u00e9ndez entreg\u00f3 las llaves del nuevo hogar a don Antonio en la comuna costera de La Araucan\u00eda<\/em><\/p>\n\n\n\n<p>Tras varios a\u00f1os viviendo como arrendatario en la comuna de Pitrufqu\u00e9n, don Antonio de 78 a\u00f1os, y quien adem\u00e1s es usuario del Programa V\u00ednculos de Senama la vida le volvi\u00f3 a dar una nueva oportunidad, ya que luego de diversas gestiones el adulto mayor recibi\u00f3 la gran noticia de ingresar al Condominio de Viviendas Tuteladas (CVT) de Senama, ahora pasara a formar parte de los 18 adultos mayores que viven en el CVT y que recibieron el beneficio.<\/p>\n\n\n\n<p>Al respecto, la Coordinadora Regional de Senama Paula M\u00e9ndez sostuvo que: \u201cEstos Condominios de Viviendas Tuteladas son para adultos mayores aut\u00f3nomos que muchas veces no tienen donde vivir, o que est\u00e1n de allegados, y en algunos casos se encuentran en situaci\u00f3n de calle. Es una gran oportunidad para las personas mayores acceder a esta soluci\u00f3n habitacional en comodato, y as\u00ed vivir independientes y de la mejor manera posible\u201d.<\/p>\n\n\n\n<p>Del mismo modo, agreg\u00f3 que: \u201cEn el Gobierno del presidente Gabriel Boric se est\u00e1 trabajando en fortalecer estos condominios de viviendas en comodato para personas mayores vulnerables, ojal\u00e1 se puedan construir otros m\u00e1s en nuestra regi\u00f3n porque los adultos mayores son una prioridad, y estamos empe\u00f1ados en continuar mejorando su calidad de vida, eso es lo que nos han encomendado desde el Ministerio de Desarrollo Social y Familia\u201d acoto M\u00e9ndez.<\/p>\n\n\n\n<p>En la oportunidad, la autoridad regional de Gobierno, Paula M\u00e9ndez colabor\u00f3 en el cambio de casa junto la monitora del CVT, profesionales y adultos mayores, quienes estaban muy contentos de la llegada del nuevo residente al condominio.<\/p>\n\n\n\n<p>Los Condominios de Viviendas Tuteladas (CVT) consisten en una soluci\u00f3n habitacional individual con espacios de uso com\u00fan, una sede comunitaria y \u00e1reas verdes entregado a los adultos mayores en comodato, y se proporciona apoyo psicosocial y comunitario, con la finalidad de promover la vinculaci\u00f3n con la red social y contribuir a su integraci\u00f3n y autonom\u00eda. Esta iniciativa forma parte de un convenio entre el Ministerio de Vivienda y Urbanismo y el Servicio Nacional del Adulto Mayor. Cabe mencionar que, adem\u00e1s de este CVT en Tolt\u00e9n, existen otros dos en la regi\u00f3n emplazados en las comunas en Angol y Temuco.<\/p>\n","protected":false},"excerpt":{"rendered":"<div class=\"pvc_clear\"><\/div>\n<p id=\"pvc_stats_35367\" class=\"pvc_stats total_only  \" data-element-id=\"35367\" style=\"\"><i class=\"pvc-stats-icon large\" aria-hidden=\"true\"><svg aria-hidden=\"true\" focusable=\"false\" data-prefix=\"far\" data-icon=\"chart-bar\" role=\"img\" xmlns=\"http:\/\/www.w3.org\/2000\/svg\" viewBox=\"0 0 512 512\" class=\"svg-inline--fa fa-chart-bar fa-w-16 fa-2x\"><path fill=\"currentColor\" d=\"M396.8 352h22.4c6.4 0 12.8-6.4 12.8-12.8V108.8c0-6.4-6.4-12.8-12.8-12.8h-22.4c-6.4 0-12.8 6.4-12.8 12.8v230.4c0 6.4 6.4 12.8 12.8 12.8zm-192 0h22.4c6.4 0 12.8-6.4 12.8-12.8V140.8c0-6.4-6.4-12.8-12.8-12.8h-22.4c-6.4 0-12.8 6.4-12.8 12.8v198.4c0 6.4 6.4 12.8 12.8 12.8zm96 0h22.4c6.4 0 12.8-6.4 12.8-12.8V204.8c0-6.4-6.4-12.8-12.8-12.8h-22.4c-6.4 0-12.8 6.4-12.8 12.8v134.4c0 6.4 6.4 12.8 12.8 12.8zM496 400H48V80c0-8.84-7.16-16-16-16H16C7.16 64 0 71.16 0 80v336c0 17.67 14.33 32 32 32h464c8.84 0 16-7.16 16-16v-16c0-8.84-7.16-16-16-16zm-387.2-48h22.4c6.4 0 12.8-6.4 12.8-12.8v-70.4c0-6.4-6.4-12.8-12.8-12.8h-22.4c-6.4 0-12.8 6.4-12.8 12.8v70.4c0 6.4 6.4 12.8 12.8 12.8z\" class=\"\"><\/path><\/svg><\/i> <img loading=\"lazy\" decoding=\"async\" width=\"16\" height=\"16\" alt=\"Loading\" src=\"https:\/\/temucotelevision.cl\/web\/wp-content\/plugins\/page-views-count\/ajax-loader-2x.gif\" border=0 \/><\/p>\n<div class=\"pvc_clear\"><\/div>\n<p>En un emotivo acto simb\u00f3lico la autoridad regional del Servicio Nacional del Adulto Mayor (SENAMA) Paula M\u00e9ndez entreg\u00f3 las llaves<\/p>\n","protected":false},"author":1,"featured_media":35368,"comment_status":"open","ping_status":"open","sticky":false,"template":"","format":"standard","meta":{"colormag_page_container_layout":"default_layout","colormag_page_sidebar_layout":"default_layout","footnotes":""},"categories":[14],"tags":[923,5568,2750,866],"class_list":["post-35367","post","type-post","status-publish","format-standard","has-post-thumbnail","hentry","category-temuco","tag-adulto-mayor","tag-comodato","tag-senama","tag-vivienda"],"a3_pvc":{"activated":true,"total_views":71,"today_views":0},"_links":{"self":[{"href":"https:\/\/temucotelevision.cl\/web\/wp-json\/wp\/v2\/posts\/35367","targetHints":{"allow":["GET"]}}],"collection":[{"href":"https:\/\/temucotelevision.cl\/web\/wp-json\/wp\/v2\/posts"}],"about":[{"href":"https:\/\/temucotelevision.cl\/web\/wp-json\/wp\/v2\/types\/post"}],"author":[{"embeddable":true,"href":"https:\/\/temucotelevision.cl\/web\/wp-json\/wp\/v2\/users\/1"}],"replies":[{"embeddable":true,"href":"https:\/\/temucotelevision.cl\/web\/wp-json\/wp\/v2\/comments?post=35367"}],"version-history":[{"count":1,"href":"https:\/\/temucotelevision.cl\/web\/wp-json\/wp\/v2\/posts\/35367\/revisions"}],"predecessor-version":[{"id":35369,"href":"https:\/\/temucotelevision.cl\/web\/wp-json\/wp\/v2\/posts\/35367\/revisions\/35369"}],"wp:featuredmedia":[{"embeddable":true,"href":"https:\/\/temucotelevision.cl\/web\/wp-json\/wp\/v2\/media\/35368"}],"wp:attachment":[{"href":"https:\/\/temucotelevision.cl\/web\/wp-json\/wp\/v2\/media?parent=35367"}],"wp:term":[{"taxonomy":"category","embeddable":true,"href":"https:\/\/temucotelevision.cl\/web\/wp-json\/wp\/v2\/categories?post=35367"},{"taxonomy":"post_tag","embeddable":true,"href":"https:\/\/temucotelevision.cl\/web\/wp-json\/wp\/v2\/tags?post=35367"}],"curies":[{"name":"wp","href":"https:\/\/api.w.org\/{rel}","templated":true}]}}