{"id":35308,"date":"2022-09-17T14:31:52","date_gmt":"2022-09-17T17:31:52","guid":{"rendered":"https:\/\/temucotelevision.cl\/web\/?p=35308"},"modified":"2022-09-17T14:31:53","modified_gmt":"2022-09-17T17:31:53","slug":"fiscalia-logra-sentencia-de-6-anos-de-carcel-contra-conductor-ebrio-que-provoco-muerte-de-dos-pasajeras-en-puren","status":"publish","type":"post","link":"https:\/\/temucotelevision.cl\/web\/2022\/09\/17\/fiscalia-logra-sentencia-de-6-anos-de-carcel-contra-conductor-ebrio-que-provoco-muerte-de-dos-pasajeras-en-puren\/","title":{"rendered":"Fiscal\u00eda logra sentencia de 6 a\u00f1os de c\u00e1rcel contra conductor ebrio que provoc\u00f3 muerte de dos pasajeras en Pur\u00e9n"},"content":{"rendered":"<div class=\"pvc_clear\"><\/div><p id=\"pvc_stats_35308\" class=\"pvc_stats total_only  \" data-element-id=\"35308\" style=\"\"><i class=\"pvc-stats-icon large\" aria-hidden=\"true\"><svg aria-hidden=\"true\" focusable=\"false\" data-prefix=\"far\" data-icon=\"chart-bar\" role=\"img\" xmlns=\"http:\/\/www.w3.org\/2000\/svg\" viewBox=\"0 0 512 512\" class=\"svg-inline--fa fa-chart-bar fa-w-16 fa-2x\"><path fill=\"currentColor\" d=\"M396.8 352h22.4c6.4 0 12.8-6.4 12.8-12.8V108.8c0-6.4-6.4-12.8-12.8-12.8h-22.4c-6.4 0-12.8 6.4-12.8 12.8v230.4c0 6.4 6.4 12.8 12.8 12.8zm-192 0h22.4c6.4 0 12.8-6.4 12.8-12.8V140.8c0-6.4-6.4-12.8-12.8-12.8h-22.4c-6.4 0-12.8 6.4-12.8 12.8v198.4c0 6.4 6.4 12.8 12.8 12.8zm96 0h22.4c6.4 0 12.8-6.4 12.8-12.8V204.8c0-6.4-6.4-12.8-12.8-12.8h-22.4c-6.4 0-12.8 6.4-12.8 12.8v134.4c0 6.4 6.4 12.8 12.8 12.8zM496 400H48V80c0-8.84-7.16-16-16-16H16C7.16 64 0 71.16 0 80v336c0 17.67 14.33 32 32 32h464c8.84 0 16-7.16 16-16v-16c0-8.84-7.16-16-16-16zm-387.2-48h22.4c6.4 0 12.8-6.4 12.8-12.8v-70.4c0-6.4-6.4-12.8-12.8-12.8h-22.4c-6.4 0-12.8 6.4-12.8 12.8v70.4c0 6.4 6.4 12.8 12.8 12.8z\" class=\"\"><\/path><\/svg><\/i> <img loading=\"lazy\" decoding=\"async\" width=\"16\" height=\"16\" alt=\"Loading\" src=\"https:\/\/temucotelevision.cl\/web\/wp-content\/plugins\/page-views-count\/ajax-loader-2x.gif\" border=0 \/><\/p><div class=\"pvc_clear\"><\/div>\n<p>Una pena de 6 a\u00f1os de presidio efectivo obtuvo la Fiscal\u00eda de Angol en contra de Jonathan Montecino Moreno, quien en septiembre de 2021 -conduciendo en estado de ebriedad- provoc\u00f3 una colisi\u00f3n que le cost\u00f3 la vida a dos mujeres que viajaban en su veh\u00edculo, en la comuna de Pur\u00e9n.<\/p>\n\n\n\n<p>La sentencia dictada por el Tribunal Oral de Angol estableci\u00f3 que la madrugada del d\u00eda 04 de septiembre de 2021, producto de su ebriedad el condenado ingres\u00f3 con el furg\u00f3n que conduc\u00eda al cruce Boyeco, acceso principal a Pur\u00e9n, sin respetar una se\u00f1al Pare y el derecho preferente de paso de un cami\u00f3n cargado con rollizos que transitaba por la Ruta 60-P<\/p>\n\n\n\n<p>La violenta colisi\u00f3n con el veh\u00edculo de carga desintegr\u00f3 el costado derecho de la cabina del furg\u00f3n, donde viajaban Stephania Adriana Jim\u00e9nez Osses (23) y Lucy Alexandra Saavedra Osses (30), quienes fallecieron en el mismo lugar a causa de los traumatismos que sufrieron.<\/p>\n\n\n\n<p>El fiscal jefe de Angol, Cristi\u00e1n Gacit\u00faa, explic\u00f3 que en base a testimonio de las madres de las v\u00edctimas se pudo establecer que \u201cestas j\u00f3venes mujeres no conoc\u00edan al imputado, esa noche de ocurrencia de los hechos lo habr\u00edan conocido circunstancialmente y se habr\u00edan subido a este veh\u00edculo que el acusado conduc\u00eda ebrio\u201d.<\/p>\n\n\n\n<p>El persecutor detall\u00f3 asimismo que Jonathan Montecino Moreno las traslad\u00f3 a ambas en el \u00fanico asiento disponible, el del copiloto, toda vez que la parte trasera del furg\u00f3n era de carga. \u201cAl menos una de ellas, la que iba en las piernas de la otra, iba claramente sin ning\u00fan elemento de seguridad\u201d, dijo el fiscal Gacit\u00faa.<\/p>\n\n\n\n<p>La alcoholemia determin\u00f3 que el condenado conduc\u00eda con una dosificaci\u00f3n de 1,01 gramos por mil de alcohol en la sangre. Adem\u00e1s en la cabina fue encontrada una gran cantidad de bebidas alcoh\u00f3licas.<\/p>\n\n\n\n<p>El tribunal sentenci\u00f3 a Jonathan Montecino Moreno por su participaci\u00f3n como autor en el delito de manejo en estado de ebriedad causando muertes a una pena de 6 a\u00f1os de presidio, adem\u00e1s del pago de una multa de 6 UTM y a la inhabilitaci\u00f3n perpetua para conducir veh\u00edculos motorizados.<\/p>\n\n\n\n<p><\/p>\n","protected":false},"excerpt":{"rendered":"<div class=\"pvc_clear\"><\/div>\n<p id=\"pvc_stats_35308\" class=\"pvc_stats total_only  \" data-element-id=\"35308\" style=\"\"><i class=\"pvc-stats-icon large\" aria-hidden=\"true\"><svg aria-hidden=\"true\" focusable=\"false\" data-prefix=\"far\" data-icon=\"chart-bar\" role=\"img\" xmlns=\"http:\/\/www.w3.org\/2000\/svg\" viewBox=\"0 0 512 512\" class=\"svg-inline--fa fa-chart-bar fa-w-16 fa-2x\"><path fill=\"currentColor\" d=\"M396.8 352h22.4c6.4 0 12.8-6.4 12.8-12.8V108.8c0-6.4-6.4-12.8-12.8-12.8h-22.4c-6.4 0-12.8 6.4-12.8 12.8v230.4c0 6.4 6.4 12.8 12.8 12.8zm-192 0h22.4c6.4 0 12.8-6.4 12.8-12.8V140.8c0-6.4-6.4-12.8-12.8-12.8h-22.4c-6.4 0-12.8 6.4-12.8 12.8v198.4c0 6.4 6.4 12.8 12.8 12.8zm96 0h22.4c6.4 0 12.8-6.4 12.8-12.8V204.8c0-6.4-6.4-12.8-12.8-12.8h-22.4c-6.4 0-12.8 6.4-12.8 12.8v134.4c0 6.4 6.4 12.8 12.8 12.8zM496 400H48V80c0-8.84-7.16-16-16-16H16C7.16 64 0 71.16 0 80v336c0 17.67 14.33 32 32 32h464c8.84 0 16-7.16 16-16v-16c0-8.84-7.16-16-16-16zm-387.2-48h22.4c6.4 0 12.8-6.4 12.8-12.8v-70.4c0-6.4-6.4-12.8-12.8-12.8h-22.4c-6.4 0-12.8 6.4-12.8 12.8v70.4c0 6.4 6.4 12.8 12.8 12.8z\" class=\"\"><\/path><\/svg><\/i> <img loading=\"lazy\" decoding=\"async\" width=\"16\" height=\"16\" alt=\"Loading\" src=\"https:\/\/temucotelevision.cl\/web\/wp-content\/plugins\/page-views-count\/ajax-loader-2x.gif\" border=0 \/><\/p>\n<div class=\"pvc_clear\"><\/div>\n<p>Una pena de 6 a\u00f1os de presidio efectivo obtuvo la Fiscal\u00eda de Angol en contra de Jonathan Montecino Moreno, quien<\/p>\n","protected":false},"author":1,"featured_media":35307,"comment_status":"open","ping_status":"open","sticky":false,"template":"","format":"standard","meta":{"colormag_page_container_layout":"default_layout","colormag_page_sidebar_layout":"default_layout","footnotes":""},"categories":[15],"tags":[693,448,1571,338],"class_list":["post-35308","post","type-post","status-publish","format-standard","has-post-thumbnail","hentry","category-la-araucania","tag-atropello","tag-fiscalia","tag-sentencia","tag-sujeto"],"a3_pvc":{"activated":true,"total_views":90,"today_views":0},"_links":{"self":[{"href":"https:\/\/temucotelevision.cl\/web\/wp-json\/wp\/v2\/posts\/35308","targetHints":{"allow":["GET"]}}],"collection":[{"href":"https:\/\/temucotelevision.cl\/web\/wp-json\/wp\/v2\/posts"}],"about":[{"href":"https:\/\/temucotelevision.cl\/web\/wp-json\/wp\/v2\/types\/post"}],"author":[{"embeddable":true,"href":"https:\/\/temucotelevision.cl\/web\/wp-json\/wp\/v2\/users\/1"}],"replies":[{"embeddable":true,"href":"https:\/\/temucotelevision.cl\/web\/wp-json\/wp\/v2\/comments?post=35308"}],"version-history":[{"count":1,"href":"https:\/\/temucotelevision.cl\/web\/wp-json\/wp\/v2\/posts\/35308\/revisions"}],"predecessor-version":[{"id":35309,"href":"https:\/\/temucotelevision.cl\/web\/wp-json\/wp\/v2\/posts\/35308\/revisions\/35309"}],"wp:featuredmedia":[{"embeddable":true,"href":"https:\/\/temucotelevision.cl\/web\/wp-json\/wp\/v2\/media\/35307"}],"wp:attachment":[{"href":"https:\/\/temucotelevision.cl\/web\/wp-json\/wp\/v2\/media?parent=35308"}],"wp:term":[{"taxonomy":"category","embeddable":true,"href":"https:\/\/temucotelevision.cl\/web\/wp-json\/wp\/v2\/categories?post=35308"},{"taxonomy":"post_tag","embeddable":true,"href":"https:\/\/temucotelevision.cl\/web\/wp-json\/wp\/v2\/tags?post=35308"}],"curies":[{"name":"wp","href":"https:\/\/api.w.org\/{rel}","templated":true}]}}