{"id":35304,"date":"2022-09-17T12:01:19","date_gmt":"2022-09-17T15:01:19","guid":{"rendered":"https:\/\/temucotelevision.cl\/web\/?p=35304"},"modified":"2022-09-17T12:01:19","modified_gmt":"2022-09-17T15:01:19","slug":"fiscal-nacional-lanzo-red-gestion-penal-en-la-araucania-plataforma-tecnologica-que-busca-introducir-cambios-relevantes-en-la-forma-como-se-tramitan-las-causas","status":"publish","type":"post","link":"https:\/\/temucotelevision.cl\/web\/2022\/09\/17\/fiscal-nacional-lanzo-red-gestion-penal-en-la-araucania-plataforma-tecnologica-que-busca-introducir-cambios-relevantes-en-la-forma-como-se-tramitan-las-causas\/","title":{"rendered":"Fiscal Nacional lanz\u00f3 Red Gesti\u00f3n Penal en La Araucan\u00eda: &#8220;plataforma tecnol\u00f3gica que busca introducir cambios relevantes en la forma como se tramitan las causas&#8221;"},"content":{"rendered":"<div class=\"pvc_clear\"><\/div><p id=\"pvc_stats_35304\" class=\"pvc_stats total_only  \" data-element-id=\"35304\" style=\"\"><i class=\"pvc-stats-icon large\" aria-hidden=\"true\"><svg aria-hidden=\"true\" focusable=\"false\" data-prefix=\"far\" data-icon=\"chart-bar\" role=\"img\" xmlns=\"http:\/\/www.w3.org\/2000\/svg\" viewBox=\"0 0 512 512\" class=\"svg-inline--fa fa-chart-bar fa-w-16 fa-2x\"><path fill=\"currentColor\" d=\"M396.8 352h22.4c6.4 0 12.8-6.4 12.8-12.8V108.8c0-6.4-6.4-12.8-12.8-12.8h-22.4c-6.4 0-12.8 6.4-12.8 12.8v230.4c0 6.4 6.4 12.8 12.8 12.8zm-192 0h22.4c6.4 0 12.8-6.4 12.8-12.8V140.8c0-6.4-6.4-12.8-12.8-12.8h-22.4c-6.4 0-12.8 6.4-12.8 12.8v198.4c0 6.4 6.4 12.8 12.8 12.8zm96 0h22.4c6.4 0 12.8-6.4 12.8-12.8V204.8c0-6.4-6.4-12.8-12.8-12.8h-22.4c-6.4 0-12.8 6.4-12.8 12.8v134.4c0 6.4 6.4 12.8 12.8 12.8zM496 400H48V80c0-8.84-7.16-16-16-16H16C7.16 64 0 71.16 0 80v336c0 17.67 14.33 32 32 32h464c8.84 0 16-7.16 16-16v-16c0-8.84-7.16-16-16-16zm-387.2-48h22.4c6.4 0 12.8-6.4 12.8-12.8v-70.4c0-6.4-6.4-12.8-12.8-12.8h-22.4c-6.4 0-12.8 6.4-12.8 12.8v70.4c0 6.4 6.4 12.8 12.8 12.8z\" class=\"\"><\/path><\/svg><\/i> <img loading=\"lazy\" decoding=\"async\" width=\"16\" height=\"16\" alt=\"Loading\" src=\"https:\/\/temucotelevision.cl\/web\/wp-content\/plugins\/page-views-count\/ajax-loader-2x.gif\" border=0 \/><\/p><div class=\"pvc_clear\"><\/div>\n<p>El fiscal nacional Jorge Abbott encabez\u00f3 en Temuco la ceremonia de lanzamiento de Red Gesti\u00f3n Penal, un modelo de procesos que cuenta con una con una plataforma tecnol\u00f3gica que busca introducir cambios relevantes en la forma como se tramitan las causas y en la l\u00f3gica de trabajo de fiscales y funcionarios.<\/p>\n\n\n\n<p>La puesta en marcha en el pa\u00eds de este proyecto de innovaci\u00f3n y modernizaci\u00f3n institucional se desarrollar\u00e1 en distintas fases, y a la Regi\u00f3n de La Araucan\u00eda le correspondi\u00f3 la tarea de encabezar el proceso de instalaci\u00f3n.<\/p>\n\n\n\n<p>\u201cEstamos muy confiados en que esta herramienta nos permita dar mejores respuestas a la ciudadan\u00eda y nos permita obtener mejores resultados, que es lo que se espera tambi\u00e9n del sistema de enjuiciamiento criminal\u201d, destac\u00f3 el fiscal regional de La Araucan\u00eda, Roberto Garrido.<\/p>\n\n\n\n<p>El persecutor dijo que uno de los principales cambios es que con Red Gesti\u00f3n Penal el flujo de informaci\u00f3n con los organismos auxiliares y con las instituciones que participan del sistema de Justicia se har\u00e1 tambi\u00e9n en forma digital. Eso implica, por ejemplo, que los partes policiales no llegar\u00e1n como un documento en papel o escaneados. Los datos ser\u00e1n ingresados por los funcionarios de Carabineros o la PDI a la plataforma y fluir\u00e1n digitalmente en interoperaci\u00f3n con la Fiscal\u00eda.<\/p>\n\n\n\n<p>\u201cTendremos la misma interoperaci\u00f3n con el Poder Judicial y con otras instituciones como el Registro Civil, el Servicio M\u00e9dico Legal o Gendarmer\u00eda. La posibilidad de formular solicitudes en l\u00ednea, en formato digital, y obtener respuestas por la misma v\u00eda, implicar\u00e1 no s\u00f3lo mejorar nuestras comunicaciones, sino que tambi\u00e9n generar ahorros de recursos y tiempo\u201d, indic\u00f3 el fiscal.<\/p>\n\n\n\n<p>Con esta plataforma las carpetas y archivadores en papel ser\u00e1n reemplazas por carpetas digitales que permitir\u00e1n no solo almacenar los antecedentes, sino que tambi\u00e9n ubicarlos de forma expedita. \u201cNuestros funcionarios ya no perder\u00e1n valiosos minutos ubicando la carpeta donde hay que agregar un informe, eliminando los corchetes o perforando el documento. El objetivo es que la materia prima con la que trabajamos est\u00e9 al alcance de la mano, disponibles desde sus computadores\u201d, resalt\u00f3 Roberto Garrido.<\/p>\n\n\n\n<p>En la ceremonia el fiscal regional record\u00f3 que el 2000 su regi\u00f3n, junto a la de Coquimbo, fue pioneras en el mayor cambio estructural de la justicia penal chilena: la Reforma Procesal Penal. \u201cHoy volvemos a ser pioneros de un cambio estructural con la implementaci\u00f3n de esta nueva herramienta que es Red Gesti\u00f3n Penal\u201d.<\/p>\n","protected":false},"excerpt":{"rendered":"<div class=\"pvc_clear\"><\/div>\n<p id=\"pvc_stats_35304\" class=\"pvc_stats total_only  \" data-element-id=\"35304\" style=\"\"><i class=\"pvc-stats-icon large\" aria-hidden=\"true\"><svg aria-hidden=\"true\" focusable=\"false\" data-prefix=\"far\" data-icon=\"chart-bar\" role=\"img\" xmlns=\"http:\/\/www.w3.org\/2000\/svg\" viewBox=\"0 0 512 512\" class=\"svg-inline--fa fa-chart-bar fa-w-16 fa-2x\"><path fill=\"currentColor\" d=\"M396.8 352h22.4c6.4 0 12.8-6.4 12.8-12.8V108.8c0-6.4-6.4-12.8-12.8-12.8h-22.4c-6.4 0-12.8 6.4-12.8 12.8v230.4c0 6.4 6.4 12.8 12.8 12.8zm-192 0h22.4c6.4 0 12.8-6.4 12.8-12.8V140.8c0-6.4-6.4-12.8-12.8-12.8h-22.4c-6.4 0-12.8 6.4-12.8 12.8v198.4c0 6.4 6.4 12.8 12.8 12.8zm96 0h22.4c6.4 0 12.8-6.4 12.8-12.8V204.8c0-6.4-6.4-12.8-12.8-12.8h-22.4c-6.4 0-12.8 6.4-12.8 12.8v134.4c0 6.4 6.4 12.8 12.8 12.8zM496 400H48V80c0-8.84-7.16-16-16-16H16C7.16 64 0 71.16 0 80v336c0 17.67 14.33 32 32 32h464c8.84 0 16-7.16 16-16v-16c0-8.84-7.16-16-16-16zm-387.2-48h22.4c6.4 0 12.8-6.4 12.8-12.8v-70.4c0-6.4-6.4-12.8-12.8-12.8h-22.4c-6.4 0-12.8 6.4-12.8 12.8v70.4c0 6.4 6.4 12.8 12.8 12.8z\" class=\"\"><\/path><\/svg><\/i> <img loading=\"lazy\" decoding=\"async\" width=\"16\" height=\"16\" alt=\"Loading\" src=\"https:\/\/temucotelevision.cl\/web\/wp-content\/plugins\/page-views-count\/ajax-loader-2x.gif\" border=0 \/><\/p>\n<div class=\"pvc_clear\"><\/div>\n<p>El fiscal nacional Jorge Abbott encabez\u00f3 en Temuco la ceremonia de lanzamiento de Red Gesti\u00f3n Penal, un modelo de procesos<\/p>\n","protected":false},"author":1,"featured_media":35305,"comment_status":"open","ping_status":"open","sticky":false,"template":"","format":"standard","meta":{"colormag_page_container_layout":"default_layout","colormag_page_sidebar_layout":"default_layout","footnotes":""},"categories":[101,14],"tags":[3983,1173,1009,3032],"class_list":["post-35304","post","type-post","status-publish","format-standard","has-post-thumbnail","hentry","category-actualidad","category-temuco","tag-causas","tag-digital","tag-fiscal","tag-plataforma"],"a3_pvc":{"activated":true,"total_views":105,"today_views":0},"_links":{"self":[{"href":"https:\/\/temucotelevision.cl\/web\/wp-json\/wp\/v2\/posts\/35304","targetHints":{"allow":["GET"]}}],"collection":[{"href":"https:\/\/temucotelevision.cl\/web\/wp-json\/wp\/v2\/posts"}],"about":[{"href":"https:\/\/temucotelevision.cl\/web\/wp-json\/wp\/v2\/types\/post"}],"author":[{"embeddable":true,"href":"https:\/\/temucotelevision.cl\/web\/wp-json\/wp\/v2\/users\/1"}],"replies":[{"embeddable":true,"href":"https:\/\/temucotelevision.cl\/web\/wp-json\/wp\/v2\/comments?post=35304"}],"version-history":[{"count":1,"href":"https:\/\/temucotelevision.cl\/web\/wp-json\/wp\/v2\/posts\/35304\/revisions"}],"predecessor-version":[{"id":35306,"href":"https:\/\/temucotelevision.cl\/web\/wp-json\/wp\/v2\/posts\/35304\/revisions\/35306"}],"wp:featuredmedia":[{"embeddable":true,"href":"https:\/\/temucotelevision.cl\/web\/wp-json\/wp\/v2\/media\/35305"}],"wp:attachment":[{"href":"https:\/\/temucotelevision.cl\/web\/wp-json\/wp\/v2\/media?parent=35304"}],"wp:term":[{"taxonomy":"category","embeddable":true,"href":"https:\/\/temucotelevision.cl\/web\/wp-json\/wp\/v2\/categories?post=35304"},{"taxonomy":"post_tag","embeddable":true,"href":"https:\/\/temucotelevision.cl\/web\/wp-json\/wp\/v2\/tags?post=35304"}],"curies":[{"name":"wp","href":"https:\/\/api.w.org\/{rel}","templated":true}]}}