{"id":35292,"date":"2022-09-17T11:38:26","date_gmt":"2022-09-17T14:38:26","guid":{"rendered":"https:\/\/temucotelevision.cl\/web\/?p=35292"},"modified":"2022-09-17T11:45:46","modified_gmt":"2022-09-17T14:45:46","slug":"nueva-intervencion-barrial-de-carabineros-seis-casas-allanadas-y-seis-detenidos-por-trafico-de-drogas-en-puerto-saavedra","status":"publish","type":"post","link":"https:\/\/temucotelevision.cl\/web\/2022\/09\/17\/nueva-intervencion-barrial-de-carabineros-seis-casas-allanadas-y-seis-detenidos-por-trafico-de-drogas-en-puerto-saavedra\/","title":{"rendered":"[Video] Nueva intervenci\u00f3n barrial de Carabineros: seis casas allanadas y seis detenidos por tr\u00e1fico de drogas en Puerto Saavedra"},"content":{"rendered":"<div class=\"pvc_clear\"><\/div><p id=\"pvc_stats_35292\" class=\"pvc_stats total_only  \" data-element-id=\"35292\" style=\"\"><i class=\"pvc-stats-icon large\" aria-hidden=\"true\"><svg aria-hidden=\"true\" focusable=\"false\" data-prefix=\"far\" data-icon=\"chart-bar\" role=\"img\" xmlns=\"http:\/\/www.w3.org\/2000\/svg\" viewBox=\"0 0 512 512\" class=\"svg-inline--fa fa-chart-bar fa-w-16 fa-2x\"><path fill=\"currentColor\" d=\"M396.8 352h22.4c6.4 0 12.8-6.4 12.8-12.8V108.8c0-6.4-6.4-12.8-12.8-12.8h-22.4c-6.4 0-12.8 6.4-12.8 12.8v230.4c0 6.4 6.4 12.8 12.8 12.8zm-192 0h22.4c6.4 0 12.8-6.4 12.8-12.8V140.8c0-6.4-6.4-12.8-12.8-12.8h-22.4c-6.4 0-12.8 6.4-12.8 12.8v198.4c0 6.4 6.4 12.8 12.8 12.8zm96 0h22.4c6.4 0 12.8-6.4 12.8-12.8V204.8c0-6.4-6.4-12.8-12.8-12.8h-22.4c-6.4 0-12.8 6.4-12.8 12.8v134.4c0 6.4 6.4 12.8 12.8 12.8zM496 400H48V80c0-8.84-7.16-16-16-16H16C7.16 64 0 71.16 0 80v336c0 17.67 14.33 32 32 32h464c8.84 0 16-7.16 16-16v-16c0-8.84-7.16-16-16-16zm-387.2-48h22.4c6.4 0 12.8-6.4 12.8-12.8v-70.4c0-6.4-6.4-12.8-12.8-12.8h-22.4c-6.4 0-12.8 6.4-12.8 12.8v70.4c0 6.4 6.4 12.8 12.8 12.8z\" class=\"\"><\/path><\/svg><\/i> <img loading=\"lazy\" decoding=\"async\" width=\"16\" height=\"16\" alt=\"Loading\" src=\"https:\/\/temucotelevision.cl\/web\/wp-content\/plugins\/page-views-count\/ajax-loader-2x.gif\" border=0 \/><\/p><div class=\"pvc_clear\"><\/div>\n<p>Con seis detenidos en seis casas allanadas culmin\u00f3 una intervenci\u00f3n barrial de Carabineros del OS-7 \u201cAraucan\u00eda\u201d realizada en conjunto con la Fiscal\u00eda, esta vez en la comuna, de Puerto Saavedra.<\/p>\n\n\n\n<div class=\"wp-block-media-text alignwide is-stacked-on-mobile\"><figure class=\"wp-block-media-text__media\"><video controls src=\"https:\/\/temucotelevision.cl\/web\/wp-content\/uploads\/2022\/09\/WhatsApp-Video-2022-09-17-at-11.01.53-AM.mp4\"><\/video><\/figure><div class=\"wp-block-media-text__content\">\n<p class=\"has-small-font-size\">Operativo termin\u00f3 con seis detenidos y allanamientos <\/p>\n<\/div><\/div>\n\n\n\n<p>El General Manuel Cifuentes, se\u00f1al\u00f3 que esta intervenci\u00f3n barrial registrada en Puerto Saavedra es parte de una serie de operativos que est\u00e1 realizando Carabineros del OS-7 \u201cAraucan\u00eda\u201d para sacar de circulaci\u00f3n focos de microtr\u00e1fico desde las comunas de la Regi\u00f3n. \u201cEn estos seis domicilio reca\u00edan antecedentes fundados de que se estaban dedicando al microtr\u00e1fico de drogas y como consecuencia, seis personas fueron detenidas quedando cuatro de los imputados en prisi\u00f3n preventiva\u201d.<\/p>\n\n\n\n<p>\u201cEn esta diligencia se incautaron los tres tipos de droga que com\u00fanmente se comercializan que es pasta base, clorhidrato de coca\u00edna y marihuana por lo tanto estamos satisfecho del resultado de esta diligencia\u201d, agreg\u00f3 el jefe policial.<\/p>\n\n\n\n<p>La intervenci\u00f3n barrial, contempl\u00f3 alrededor de 50 funcionarios de Carabineros actuando de manera simult\u00e1nea. \u201cEsperamos que esto traiga mayores niveles de seguridad. Cuando uno elimina estos focos de venta de drogas efectivamente, tambi\u00e9n incide en una serie de delitos conexos que tienen que ver con reunir fondos, dinero para la adquisici\u00f3n de droga, as\u00ed como tambi\u00e9n agresiones, control territorial, uso de armas de fuego. Por lo tanto, con esta intervenci\u00f3n esperamos que todos delitos bajen en intensidad y haya una mejor seguridad para los habitantes de la comuna\u201d, finaliz\u00f3 el General Cifuentes.<\/p>\n\n\n\n<p>El fiscal Miguel Rojas Thiele, se\u00f1al\u00f3 que a los detenidos se les imputado el delito de tr\u00e1fico il\u00edcito de drogas y que en la respectiva audiencia se comunicaron los cargos en su contra. \u201cEsto dice relaci\u00f3n con un trabajo entre la Fiscal\u00eda y Carabineros del OS-7 Araucan\u00eda, el que logr\u00f3 determinar que estos individuos se dedicaban al tr\u00e1fico il\u00edcito de estupefacientes en la comuna de Puerto Saavedra (\u2026) el tribunal entendi\u00f3 que su libertad constitu\u00eda un peligro para la seguridad de la sociedad\u201d.<\/p>\n\n\n\n<p>Carabineros se mantiene realizando una serie de operativos en distintas comunas de La Araucan\u00eda para entregar seguridad y tranquilidad a la poblaci\u00f3n, los que ya se ha materializado en comunas como Temuco, Cunco y Padre Las Casas.<\/p>\n\n\n\n<div class=\"wp-block-media-text alignwide is-stacked-on-mobile\"><figure class=\"wp-block-media-text__media\"><video controls src=\"https:\/\/temucotelevision.cl\/web\/wp-content\/uploads\/2022\/09\/WhatsApp-Video-2022-09-17-at-11.01.52-AM.mp4\"><\/video><\/figure><div class=\"wp-block-media-text__content\">\n<p class=\"has-small-font-size\">General Manuel Cifuentes, Jefe IX Zona Araucan\u00eda<\/p>\n<\/div><\/div>\n","protected":false},"excerpt":{"rendered":"<div class=\"pvc_clear\"><\/div>\n<p id=\"pvc_stats_35292\" class=\"pvc_stats total_only  \" data-element-id=\"35292\" style=\"\"><i class=\"pvc-stats-icon large\" aria-hidden=\"true\"><svg aria-hidden=\"true\" focusable=\"false\" data-prefix=\"far\" data-icon=\"chart-bar\" role=\"img\" xmlns=\"http:\/\/www.w3.org\/2000\/svg\" viewBox=\"0 0 512 512\" class=\"svg-inline--fa fa-chart-bar fa-w-16 fa-2x\"><path fill=\"currentColor\" d=\"M396.8 352h22.4c6.4 0 12.8-6.4 12.8-12.8V108.8c0-6.4-6.4-12.8-12.8-12.8h-22.4c-6.4 0-12.8 6.4-12.8 12.8v230.4c0 6.4 6.4 12.8 12.8 12.8zm-192 0h22.4c6.4 0 12.8-6.4 12.8-12.8V140.8c0-6.4-6.4-12.8-12.8-12.8h-22.4c-6.4 0-12.8 6.4-12.8 12.8v198.4c0 6.4 6.4 12.8 12.8 12.8zm96 0h22.4c6.4 0 12.8-6.4 12.8-12.8V204.8c0-6.4-6.4-12.8-12.8-12.8h-22.4c-6.4 0-12.8 6.4-12.8 12.8v134.4c0 6.4 6.4 12.8 12.8 12.8zM496 400H48V80c0-8.84-7.16-16-16-16H16C7.16 64 0 71.16 0 80v336c0 17.67 14.33 32 32 32h464c8.84 0 16-7.16 16-16v-16c0-8.84-7.16-16-16-16zm-387.2-48h22.4c6.4 0 12.8-6.4 12.8-12.8v-70.4c0-6.4-6.4-12.8-12.8-12.8h-22.4c-6.4 0-12.8 6.4-12.8 12.8v70.4c0 6.4 6.4 12.8 12.8 12.8z\" class=\"\"><\/path><\/svg><\/i> <img loading=\"lazy\" decoding=\"async\" width=\"16\" height=\"16\" alt=\"Loading\" src=\"https:\/\/temucotelevision.cl\/web\/wp-content\/plugins\/page-views-count\/ajax-loader-2x.gif\" border=0 \/><\/p>\n<div class=\"pvc_clear\"><\/div>\n<p>Con seis detenidos en seis casas allanadas culmin\u00f3 una intervenci\u00f3n barrial de Carabineros del OS-7 \u201cAraucan\u00eda\u201d realizada en conjunto con<\/p>\n","protected":false},"author":1,"featured_media":35293,"comment_status":"open","ping_status":"open","sticky":false,"template":"","format":"standard","meta":{"colormag_page_container_layout":"default_layout","colormag_page_sidebar_layout":"default_layout","footnotes":""},"categories":[15,16],"tags":[1826,435,328,158,5148,1245],"class_list":["post-35292","post","type-post","status-publish","format-standard","has-post-thumbnail","hentry","category-la-araucania","category-policial","tag-allanamientos","tag-casas","tag-detenidos","tag-droga","tag-pto-saavedra","tag-trafico"],"a3_pvc":{"activated":true,"total_views":137,"today_views":0},"_links":{"self":[{"href":"https:\/\/temucotelevision.cl\/web\/wp-json\/wp\/v2\/posts\/35292","targetHints":{"allow":["GET"]}}],"collection":[{"href":"https:\/\/temucotelevision.cl\/web\/wp-json\/wp\/v2\/posts"}],"about":[{"href":"https:\/\/temucotelevision.cl\/web\/wp-json\/wp\/v2\/types\/post"}],"author":[{"embeddable":true,"href":"https:\/\/temucotelevision.cl\/web\/wp-json\/wp\/v2\/users\/1"}],"replies":[{"embeddable":true,"href":"https:\/\/temucotelevision.cl\/web\/wp-json\/wp\/v2\/comments?post=35292"}],"version-history":[{"count":6,"href":"https:\/\/temucotelevision.cl\/web\/wp-json\/wp\/v2\/posts\/35292\/revisions"}],"predecessor-version":[{"id":35303,"href":"https:\/\/temucotelevision.cl\/web\/wp-json\/wp\/v2\/posts\/35292\/revisions\/35303"}],"wp:featuredmedia":[{"embeddable":true,"href":"https:\/\/temucotelevision.cl\/web\/wp-json\/wp\/v2\/media\/35293"}],"wp:attachment":[{"href":"https:\/\/temucotelevision.cl\/web\/wp-json\/wp\/v2\/media?parent=35292"}],"wp:term":[{"taxonomy":"category","embeddable":true,"href":"https:\/\/temucotelevision.cl\/web\/wp-json\/wp\/v2\/categories?post=35292"},{"taxonomy":"post_tag","embeddable":true,"href":"https:\/\/temucotelevision.cl\/web\/wp-json\/wp\/v2\/tags?post=35292"}],"curies":[{"name":"wp","href":"https:\/\/api.w.org\/{rel}","templated":true}]}}