{"id":35115,"date":"2022-09-09T17:58:20","date_gmt":"2022-09-09T20:58:20","guid":{"rendered":"https:\/\/temucotelevision.cl\/web\/?p=35115"},"modified":"2022-09-09T17:58:21","modified_gmt":"2022-09-09T20:58:21","slug":"clinica-de-manos-un-nuevo-espacio-integral-destinado-al-tratamiento-de-todas-las-necesidades-de-mano-y-codo","status":"publish","type":"post","link":"https:\/\/temucotelevision.cl\/web\/2022\/09\/09\/clinica-de-manos-un-nuevo-espacio-integral-destinado-al-tratamiento-de-todas-las-necesidades-de-mano-y-codo\/","title":{"rendered":"Cl\u00ednica de Manos: Un nuevo espacio integral destinado al tratamiento de todas las necesidades de mano y codo"},"content":{"rendered":"<div class=\"pvc_clear\"><\/div><p id=\"pvc_stats_35115\" class=\"pvc_stats total_only  \" data-element-id=\"35115\" style=\"\"><i class=\"pvc-stats-icon large\" aria-hidden=\"true\"><svg aria-hidden=\"true\" focusable=\"false\" data-prefix=\"far\" data-icon=\"chart-bar\" role=\"img\" xmlns=\"http:\/\/www.w3.org\/2000\/svg\" viewBox=\"0 0 512 512\" class=\"svg-inline--fa fa-chart-bar fa-w-16 fa-2x\"><path fill=\"currentColor\" d=\"M396.8 352h22.4c6.4 0 12.8-6.4 12.8-12.8V108.8c0-6.4-6.4-12.8-12.8-12.8h-22.4c-6.4 0-12.8 6.4-12.8 12.8v230.4c0 6.4 6.4 12.8 12.8 12.8zm-192 0h22.4c6.4 0 12.8-6.4 12.8-12.8V140.8c0-6.4-6.4-12.8-12.8-12.8h-22.4c-6.4 0-12.8 6.4-12.8 12.8v198.4c0 6.4 6.4 12.8 12.8 12.8zm96 0h22.4c6.4 0 12.8-6.4 12.8-12.8V204.8c0-6.4-6.4-12.8-12.8-12.8h-22.4c-6.4 0-12.8 6.4-12.8 12.8v134.4c0 6.4 6.4 12.8 12.8 12.8zM496 400H48V80c0-8.84-7.16-16-16-16H16C7.16 64 0 71.16 0 80v336c0 17.67 14.33 32 32 32h464c8.84 0 16-7.16 16-16v-16c0-8.84-7.16-16-16-16zm-387.2-48h22.4c6.4 0 12.8-6.4 12.8-12.8v-70.4c0-6.4-6.4-12.8-12.8-12.8h-22.4c-6.4 0-12.8 6.4-12.8 12.8v70.4c0 6.4 6.4 12.8 12.8 12.8z\" class=\"\"><\/path><\/svg><\/i> <img loading=\"lazy\" decoding=\"async\" width=\"16\" height=\"16\" alt=\"Loading\" src=\"https:\/\/temucotelevision.cl\/web\/wp-content\/plugins\/page-views-count\/ajax-loader-2x.gif\" border=0 \/><\/p><div class=\"pvc_clear\"><\/div>\n<p><strong>La mano es, quiz\u00e1s, el instrumento m\u00e1s funcional del cuerpo y, adem\u00e1s, expresa y simboliza ciertas ideas y conceptos. En definitiva, es fundamental porque es la extremidad que m\u00e1s usamos a diario.<\/strong><\/p>\n\n\n\n<p>Una de las enfermedades laborales m\u00e1s diagnosticadas en Chile es la tendinitis, inflamaci\u00f3n severa de un tend\u00f3n&nbsp;que une el m\u00fasculo con el hueso. El traumat\u00f3logo Luis Schnapp, atiende al mes, por esta causa, entre 30 y 40 personas, y al a\u00f1o estimativamente a 400 personas. Es en este contexto que nace el proyecto de Cl\u00ednica de Manos, debido a que las dolencias y problemas en esta extremidad, son temas que afectan directamente el diario vivir de miles de chilenos.<\/p>\n\n\n\n<p>Pero no s\u00f3lo la tendinitis afecta a esta extremidad, tambi\u00e9n puede ser una lesi\u00f3n deportiva, una artritis, un traumatismo y patolog\u00edas como elS\u00edndrome del t\u00fanel carpiano, Contractura de Depuytren, S\u00edndrome del t\u00fanel cubtal, Tendinitis de Quervain, Dedo en gatillo, Quiste Sinovial, Rizartrosis o Epicondilitis.&nbsp; A la larga, cualquier persona, por diversos motivos, podr\u00eda padecer un evento que requiera atenci\u00f3n en su mano o codo.<\/p>\n\n\n\n<p>Para el traumat\u00f3logo y especialista en cirug\u00eda de mano, codo y mu\u00f1eca, Luis Schnapp significa un paso importante ver materializada&nbsp;<a href=\"http:\/\/clinicademanos.cl\/lanzamiento\/\" target=\"_blank\" rel=\"noreferrer noopener\">Cl\u00ednica de Manos<\/a>. \u201cEste proyecto independiente, largamente buscado, es la expresi\u00f3n de esa necesidad de entregar una medicina de calidad en forma moderna, cercana y resolutiva, muchas veces limitada en el sistema p\u00fablico o en grandes instituciones de salud, ya sea por costos finales o rigideces propias de esos sistemas a la hora de innovar en procesos o modelos de atenci\u00f3n\u201d.<\/p>\n\n\n\n<p>Cl\u00ednica de Manos, es un proyecto encabezado por el profesor asistente de la Universidad de Chile, el doctor Luis Schnnap, profesional con m\u00e1s de 15 a\u00f1os de experiencia, que logra agrupar a un importante grupo de especialistas en diagn\u00f3stico, rehabilitaci\u00f3n y cirug\u00eda de mano y extremidad superior. Los que pretenden entregar una atenci\u00f3n cercana, resolutiva e innovadora, para transformarse en una alternativa al modelo de atenci\u00f3n de las grandes cl\u00ednicas.<\/p>\n\n\n\n<p>El objetivo principal es desarrollar un modelo innovador de atenci\u00f3n, cirug\u00eda y rehabilitaci\u00f3n, centrado en el paciente, que permita resolver con seguridad, calidad t\u00e9cnica y humana, patolog\u00edas de mano y codo en adultos. \u201cEl objetivo es entregar una atenci\u00f3n de calidad y resolutiva con atenci\u00f3n en los detalles. Nos preocupan los costos crecientes en salud, lo cual afecta el acceso a esta en forma oportuna y segura. Tambi\u00e9n, nos preocupa el medioambiente y una pr\u00e1ctica sustentable de la medicina con plena conciencia del impacto que generamos, el uso de recursos e insumos en forma racional y respetuosa, ajustado a la evidencia cient\u00edfica disponible para la debida y necesaria seguridad del paciente\u201d destac\u00f3.<\/p>\n\n\n\n<p>De este modo, Cl\u00ednica de Manos, es un espacio \u00fanico e integral, es una cl\u00ednica especialmente dedicada a la patolog\u00eda de mano y codo, cuyo sello es un trato cercano, accesible, que busca potenciar la cirug\u00eda ambulatoria de corta estad\u00eda, es decir, de menos de dos o tres horas en total, procedimientos, en su mayor\u00eda, realizados con una t\u00e9cnica de anestesia local, sin sedaci\u00f3n, que implican una experiencia menos estresante, m\u00e1s accesible y una \u00f3ptima analgesia post operatoria.<\/p>\n\n\n\n<p>El foco en cuanto atenci\u00f3n est\u00e1 puesto en una adecuada educaci\u00f3n y contacto con el paciente, haci\u00e9ndolo part\u00edcipe activamente de su proceso de rehabilitaci\u00f3n para intentar abreviar el retorno laboral o deportivo seg\u00fan el tipo de patolog\u00eda a tratar<strong>,&nbsp;<\/strong>entregando los mejores resultados.<\/p>\n\n\n\n<p>Dentro de los servicios integrales de&nbsp;<a href=\"https:\/\/clinicademanos.cl\/contacto\/\" target=\"_blank\" rel=\"noreferrer noopener\">Cl\u00ednica de Manos<\/a>, podemos destacar el diagn\u00f3stico, como inicio del proceso de un paciente, luego, dentro de las cirug\u00edas que se desarrollan est\u00e1 de mano, mu\u00f1eca y codo, adem\u00e1s se realizan Liberaci\u00f3n Convencional T\u00fanel Carpiano, Liberaci\u00f3n Endosc\u00f3pica del T\u00fanel Carpiano, Contractura de Dupuytren, Artroplastia de Pulgar, Cirug\u00eda de Nervio Perif\u00e9rico, Liberaci\u00f3n Tendinitis de Quervain, Artroscop\u00eda\ufeff de Codo y Mu\u00f1eca, Osteosintesis de Fracturas y Tenorrafia de Flexores. Junto a ello, se realiza el seguimiento a todos los procedimientos. Tambi\u00e9n se trabaja kinesiolog\u00eda con tratamientos como Kinesiterapia de Mano y Extremidad Superior. Asimismo, se realizan procedimientos como la infiltraci\u00f3n Esteroidal y la curaci\u00f3n Avanzada de Heridas.<\/p>\n\n\n\n<p>\u201cEl p\u00fablico ha valorado enormemente el trabajo realizado hasta ahora, ajustado a las necesidades actuales de las personas, destacando la cercan\u00eda y la forma clara de explicar un diagn\u00f3stico y el&nbsp;plan de tratamiento\u201d agrega el doctor Schnapp. Desde hoy Cl\u00ednica de Manos deja de ser un&nbsp;proyecto para ser una realidad, y llega para aportar en la salud de miles de chilenos que buscan un&nbsp;espacio donde puedan atender este tipo de condiciones. De esta forma, te invitamos a&nbsp;conocer y visitar&nbsp;<strong><a href=\"https:\/\/clinicademanos.cl\/\" target=\"_blank\" rel=\"noreferrer noopener\">Cl\u00ednica de Manos.<\/a><\/strong><\/p>\n","protected":false},"excerpt":{"rendered":"<div class=\"pvc_clear\"><\/div>\n<p id=\"pvc_stats_35115\" class=\"pvc_stats total_only  \" data-element-id=\"35115\" style=\"\"><i class=\"pvc-stats-icon large\" aria-hidden=\"true\"><svg aria-hidden=\"true\" focusable=\"false\" data-prefix=\"far\" data-icon=\"chart-bar\" role=\"img\" xmlns=\"http:\/\/www.w3.org\/2000\/svg\" viewBox=\"0 0 512 512\" class=\"svg-inline--fa fa-chart-bar fa-w-16 fa-2x\"><path fill=\"currentColor\" d=\"M396.8 352h22.4c6.4 0 12.8-6.4 12.8-12.8V108.8c0-6.4-6.4-12.8-12.8-12.8h-22.4c-6.4 0-12.8 6.4-12.8 12.8v230.4c0 6.4 6.4 12.8 12.8 12.8zm-192 0h22.4c6.4 0 12.8-6.4 12.8-12.8V140.8c0-6.4-6.4-12.8-12.8-12.8h-22.4c-6.4 0-12.8 6.4-12.8 12.8v198.4c0 6.4 6.4 12.8 12.8 12.8zm96 0h22.4c6.4 0 12.8-6.4 12.8-12.8V204.8c0-6.4-6.4-12.8-12.8-12.8h-22.4c-6.4 0-12.8 6.4-12.8 12.8v134.4c0 6.4 6.4 12.8 12.8 12.8zM496 400H48V80c0-8.84-7.16-16-16-16H16C7.16 64 0 71.16 0 80v336c0 17.67 14.33 32 32 32h464c8.84 0 16-7.16 16-16v-16c0-8.84-7.16-16-16-16zm-387.2-48h22.4c6.4 0 12.8-6.4 12.8-12.8v-70.4c0-6.4-6.4-12.8-12.8-12.8h-22.4c-6.4 0-12.8 6.4-12.8 12.8v70.4c0 6.4 6.4 12.8 12.8 12.8z\" class=\"\"><\/path><\/svg><\/i> <img loading=\"lazy\" decoding=\"async\" width=\"16\" height=\"16\" alt=\"Loading\" src=\"https:\/\/temucotelevision.cl\/web\/wp-content\/plugins\/page-views-count\/ajax-loader-2x.gif\" border=0 \/><\/p>\n<div class=\"pvc_clear\"><\/div>\n<p>La mano es, quiz\u00e1s, el instrumento m\u00e1s funcional del cuerpo y, adem\u00e1s, expresa y simboliza ciertas ideas y conceptos. En<\/p>\n","protected":false},"author":1,"featured_media":35116,"comment_status":"open","ping_status":"open","sticky":false,"template":"","format":"standard","meta":{"colormag_page_container_layout":"default_layout","colormag_page_sidebar_layout":"default_layout","footnotes":""},"categories":[101],"tags":[886,2566,4481,2474],"class_list":["post-35115","post","type-post","status-publish","format-standard","has-post-thumbnail","hentry","category-actualidad","tag-clinica","tag-espacio","tag-manos","tag-tratamiento"],"a3_pvc":{"activated":true,"total_views":227,"today_views":0},"_links":{"self":[{"href":"https:\/\/temucotelevision.cl\/web\/wp-json\/wp\/v2\/posts\/35115","targetHints":{"allow":["GET"]}}],"collection":[{"href":"https:\/\/temucotelevision.cl\/web\/wp-json\/wp\/v2\/posts"}],"about":[{"href":"https:\/\/temucotelevision.cl\/web\/wp-json\/wp\/v2\/types\/post"}],"author":[{"embeddable":true,"href":"https:\/\/temucotelevision.cl\/web\/wp-json\/wp\/v2\/users\/1"}],"replies":[{"embeddable":true,"href":"https:\/\/temucotelevision.cl\/web\/wp-json\/wp\/v2\/comments?post=35115"}],"version-history":[{"count":1,"href":"https:\/\/temucotelevision.cl\/web\/wp-json\/wp\/v2\/posts\/35115\/revisions"}],"predecessor-version":[{"id":35117,"href":"https:\/\/temucotelevision.cl\/web\/wp-json\/wp\/v2\/posts\/35115\/revisions\/35117"}],"wp:featuredmedia":[{"embeddable":true,"href":"https:\/\/temucotelevision.cl\/web\/wp-json\/wp\/v2\/media\/35116"}],"wp:attachment":[{"href":"https:\/\/temucotelevision.cl\/web\/wp-json\/wp\/v2\/media?parent=35115"}],"wp:term":[{"taxonomy":"category","embeddable":true,"href":"https:\/\/temucotelevision.cl\/web\/wp-json\/wp\/v2\/categories?post=35115"},{"taxonomy":"post_tag","embeddable":true,"href":"https:\/\/temucotelevision.cl\/web\/wp-json\/wp\/v2\/tags?post=35115"}],"curies":[{"name":"wp","href":"https:\/\/api.w.org\/{rel}","templated":true}]}}