{"id":34881,"date":"2022-09-01T11:47:27","date_gmt":"2022-09-01T14:47:27","guid":{"rendered":"https:\/\/temucotelevision.cl\/web\/?p=34881"},"modified":"2022-09-01T11:47:28","modified_gmt":"2022-09-01T14:47:28","slug":"senador-kast-critica-al-gobierno-por-no-presentar-querella-por-ley-antiterrorista-tras-atentado-en-contulmo","status":"publish","type":"post","link":"https:\/\/temucotelevision.cl\/web\/2022\/09\/01\/senador-kast-critica-al-gobierno-por-no-presentar-querella-por-ley-antiterrorista-tras-atentado-en-contulmo\/","title":{"rendered":"Senador Kast critica al gobierno por no presentar querella por Ley Antiterrorista tras atentado en Contulmo"},"content":{"rendered":"<div class=\"pvc_clear\"><\/div><p id=\"pvc_stats_34881\" class=\"pvc_stats total_only  \" data-element-id=\"34881\" style=\"\"><i class=\"pvc-stats-icon large\" aria-hidden=\"true\"><svg aria-hidden=\"true\" focusable=\"false\" data-prefix=\"far\" data-icon=\"chart-bar\" role=\"img\" xmlns=\"http:\/\/www.w3.org\/2000\/svg\" viewBox=\"0 0 512 512\" class=\"svg-inline--fa fa-chart-bar fa-w-16 fa-2x\"><path fill=\"currentColor\" d=\"M396.8 352h22.4c6.4 0 12.8-6.4 12.8-12.8V108.8c0-6.4-6.4-12.8-12.8-12.8h-22.4c-6.4 0-12.8 6.4-12.8 12.8v230.4c0 6.4 6.4 12.8 12.8 12.8zm-192 0h22.4c6.4 0 12.8-6.4 12.8-12.8V140.8c0-6.4-6.4-12.8-12.8-12.8h-22.4c-6.4 0-12.8 6.4-12.8 12.8v198.4c0 6.4 6.4 12.8 12.8 12.8zm96 0h22.4c6.4 0 12.8-6.4 12.8-12.8V204.8c0-6.4-6.4-12.8-12.8-12.8h-22.4c-6.4 0-12.8 6.4-12.8 12.8v134.4c0 6.4 6.4 12.8 12.8 12.8zM496 400H48V80c0-8.84-7.16-16-16-16H16C7.16 64 0 71.16 0 80v336c0 17.67 14.33 32 32 32h464c8.84 0 16-7.16 16-16v-16c0-8.84-7.16-16-16-16zm-387.2-48h22.4c6.4 0 12.8-6.4 12.8-12.8v-70.4c0-6.4-6.4-12.8-12.8-12.8h-22.4c-6.4 0-12.8 6.4-12.8 12.8v70.4c0 6.4 6.4 12.8 12.8 12.8z\" class=\"\"><\/path><\/svg><\/i> <img loading=\"lazy\" decoding=\"async\" width=\"16\" height=\"16\" alt=\"Loading\" src=\"https:\/\/temucotelevision.cl\/web\/wp-content\/plugins\/page-views-count\/ajax-loader-2x.gif\" border=0 \/><\/p><div class=\"pvc_clear\"><\/div>\n<p>El senador por la Araucan\u00eda, Felipe Kast, calific\u00f3 como un \u201cabsurdo\u201d la decisi\u00f3n del gobierno de no presentar una querella por ley antiterrorista, tras el ataque incendiario que destruy\u00f3 el molino Grollmus en Contulmo y que dej\u00f3 a tres personas heridas, una de ellas en riesgo vital y con una pierna amputada.<\/p>\n\n\n\n<p>\u201cEl presidente Boric no solamente no se ha referido al brutal atentado que sufrieron las familias en Contulmo, que le signific\u00f3 la amputaci\u00f3n de una pierna a uno de ellos y que tiene tambi\u00e9n en riesgo vital a una de las personas de esta familia; sino que adem\u00e1s, ha decidido no querellarse por la ley antiterrorista, lo que realmente llega a ser un absurdo\u201d, se\u00f1al\u00f3 Kast.<\/p>\n\n\n\n<p>Al mismo tiempo, el parlamentario hizo un llamado al gobierno: \u201c\u00bfQu\u00e9 m\u00e1s se necesita para poder decirle de frente a todo Chile no al terrorismo y vamos a utilizar todas las herramientas legales que tengamos?\u201d.<\/p>\n\n\n\n<p>\u201cPresidente Boric, ya son casi 6 meses que no viene a la regi\u00f3n, pero lo m\u00e1s lamentable es que ni siquiera se ha referido en sus redes sociales al lamentable hecho que ha sufrido esta familia\u201d, concluy\u00f3 el legislador.<\/p>\n","protected":false},"excerpt":{"rendered":"<div class=\"pvc_clear\"><\/div>\n<p id=\"pvc_stats_34881\" class=\"pvc_stats total_only  \" data-element-id=\"34881\" style=\"\"><i class=\"pvc-stats-icon large\" aria-hidden=\"true\"><svg aria-hidden=\"true\" focusable=\"false\" data-prefix=\"far\" data-icon=\"chart-bar\" role=\"img\" xmlns=\"http:\/\/www.w3.org\/2000\/svg\" viewBox=\"0 0 512 512\" class=\"svg-inline--fa fa-chart-bar fa-w-16 fa-2x\"><path fill=\"currentColor\" d=\"M396.8 352h22.4c6.4 0 12.8-6.4 12.8-12.8V108.8c0-6.4-6.4-12.8-12.8-12.8h-22.4c-6.4 0-12.8 6.4-12.8 12.8v230.4c0 6.4 6.4 12.8 12.8 12.8zm-192 0h22.4c6.4 0 12.8-6.4 12.8-12.8V140.8c0-6.4-6.4-12.8-12.8-12.8h-22.4c-6.4 0-12.8 6.4-12.8 12.8v198.4c0 6.4 6.4 12.8 12.8 12.8zm96 0h22.4c6.4 0 12.8-6.4 12.8-12.8V204.8c0-6.4-6.4-12.8-12.8-12.8h-22.4c-6.4 0-12.8 6.4-12.8 12.8v134.4c0 6.4 6.4 12.8 12.8 12.8zM496 400H48V80c0-8.84-7.16-16-16-16H16C7.16 64 0 71.16 0 80v336c0 17.67 14.33 32 32 32h464c8.84 0 16-7.16 16-16v-16c0-8.84-7.16-16-16-16zm-387.2-48h22.4c6.4 0 12.8-6.4 12.8-12.8v-70.4c0-6.4-6.4-12.8-12.8-12.8h-22.4c-6.4 0-12.8 6.4-12.8 12.8v70.4c0 6.4 6.4 12.8 12.8 12.8z\" class=\"\"><\/path><\/svg><\/i> <img loading=\"lazy\" decoding=\"async\" width=\"16\" height=\"16\" alt=\"Loading\" src=\"https:\/\/temucotelevision.cl\/web\/wp-content\/plugins\/page-views-count\/ajax-loader-2x.gif\" border=0 \/><\/p>\n<div class=\"pvc_clear\"><\/div>\n<p>El senador por la Araucan\u00eda, Felipe Kast, calific\u00f3 como un \u201cabsurdo\u201d la decisi\u00f3n del gobierno de no presentar una querella<\/p>\n","protected":false},"author":1,"featured_media":33371,"comment_status":"open","ping_status":"open","sticky":false,"template":"","format":"standard","meta":{"colormag_page_container_layout":"default_layout","colormag_page_sidebar_layout":"default_layout","footnotes":""},"categories":[84],"tags":[5751,231,1595,1761,506,1261],"class_list":["post-34881","post","type-post","status-publish","format-standard","has-post-thumbnail","hentry","category-politica","tag-antiterrorista","tag-atentado","tag-contulmo","tag-kast","tag-ley","tag-senador"],"a3_pvc":{"activated":true,"total_views":33,"today_views":0},"_links":{"self":[{"href":"https:\/\/temucotelevision.cl\/web\/wp-json\/wp\/v2\/posts\/34881","targetHints":{"allow":["GET"]}}],"collection":[{"href":"https:\/\/temucotelevision.cl\/web\/wp-json\/wp\/v2\/posts"}],"about":[{"href":"https:\/\/temucotelevision.cl\/web\/wp-json\/wp\/v2\/types\/post"}],"author":[{"embeddable":true,"href":"https:\/\/temucotelevision.cl\/web\/wp-json\/wp\/v2\/users\/1"}],"replies":[{"embeddable":true,"href":"https:\/\/temucotelevision.cl\/web\/wp-json\/wp\/v2\/comments?post=34881"}],"version-history":[{"count":1,"href":"https:\/\/temucotelevision.cl\/web\/wp-json\/wp\/v2\/posts\/34881\/revisions"}],"predecessor-version":[{"id":34882,"href":"https:\/\/temucotelevision.cl\/web\/wp-json\/wp\/v2\/posts\/34881\/revisions\/34882"}],"wp:featuredmedia":[{"embeddable":true,"href":"https:\/\/temucotelevision.cl\/web\/wp-json\/wp\/v2\/media\/33371"}],"wp:attachment":[{"href":"https:\/\/temucotelevision.cl\/web\/wp-json\/wp\/v2\/media?parent=34881"}],"wp:term":[{"taxonomy":"category","embeddable":true,"href":"https:\/\/temucotelevision.cl\/web\/wp-json\/wp\/v2\/categories?post=34881"},{"taxonomy":"post_tag","embeddable":true,"href":"https:\/\/temucotelevision.cl\/web\/wp-json\/wp\/v2\/tags?post=34881"}],"curies":[{"name":"wp","href":"https:\/\/api.w.org\/{rel}","templated":true}]}}