{"id":34857,"date":"2022-08-31T18:44:56","date_gmt":"2022-08-31T21:44:56","guid":{"rendered":"https:\/\/temucotelevision.cl\/web\/?p=34857"},"modified":"2022-08-31T18:51:19","modified_gmt":"2022-08-31T21:51:19","slug":"barbeto-y-tugurioen-en-vivo-en-bar-de-rene-este-jueves-1-de-septiembre","status":"publish","type":"post","link":"https:\/\/temucotelevision.cl\/web\/2022\/08\/31\/barbeto-y-tugurioen-en-vivo-en-bar-de-rene-este-jueves-1-de-septiembre\/","title":{"rendered":"Barbeta y Tugurio en en vivo en Bar de Ren\u00e9 este jueves 1 de septiembre"},"content":{"rendered":"<div class=\"pvc_clear\"><\/div><p id=\"pvc_stats_34857\" class=\"pvc_stats total_only  \" data-element-id=\"34857\" style=\"\"><i class=\"pvc-stats-icon large\" aria-hidden=\"true\"><svg aria-hidden=\"true\" focusable=\"false\" data-prefix=\"far\" data-icon=\"chart-bar\" role=\"img\" xmlns=\"http:\/\/www.w3.org\/2000\/svg\" viewBox=\"0 0 512 512\" class=\"svg-inline--fa fa-chart-bar fa-w-16 fa-2x\"><path fill=\"currentColor\" d=\"M396.8 352h22.4c6.4 0 12.8-6.4 12.8-12.8V108.8c0-6.4-6.4-12.8-12.8-12.8h-22.4c-6.4 0-12.8 6.4-12.8 12.8v230.4c0 6.4 6.4 12.8 12.8 12.8zm-192 0h22.4c6.4 0 12.8-6.4 12.8-12.8V140.8c0-6.4-6.4-12.8-12.8-12.8h-22.4c-6.4 0-12.8 6.4-12.8 12.8v198.4c0 6.4 6.4 12.8 12.8 12.8zm96 0h22.4c6.4 0 12.8-6.4 12.8-12.8V204.8c0-6.4-6.4-12.8-12.8-12.8h-22.4c-6.4 0-12.8 6.4-12.8 12.8v134.4c0 6.4 6.4 12.8 12.8 12.8zM496 400H48V80c0-8.84-7.16-16-16-16H16C7.16 64 0 71.16 0 80v336c0 17.67 14.33 32 32 32h464c8.84 0 16-7.16 16-16v-16c0-8.84-7.16-16-16-16zm-387.2-48h22.4c6.4 0 12.8-6.4 12.8-12.8v-70.4c0-6.4-6.4-12.8-12.8-12.8h-22.4c-6.4 0-12.8 6.4-12.8 12.8v70.4c0 6.4 6.4 12.8 12.8 12.8z\" class=\"\"><\/path><\/svg><\/i> <img loading=\"lazy\" decoding=\"async\" width=\"16\" height=\"16\" alt=\"Loading\" src=\"https:\/\/temucotelevision.cl\/web\/wp-content\/plugins\/page-views-count\/ajax-loader-2x.gif\" border=0 \/><\/p><div class=\"pvc_clear\"><\/div>\n<p><strong>La banda nacional Barbeta anunci\u00f3 un show en vivo junto a Tugurio, el que se realizar\u00e1 en el m\u00edtico Bar de Ren\u00e9.<\/strong><\/p>\n\n\n\n<p>La banda nacional <strong>Barbeta<\/strong> anunci\u00f3 un show un nuevo show, junto a <strong>Tugurio<\/strong>, el que se realizar\u00e1 en el m\u00edtico<strong> Bar de Ren\u00e9 <\/strong>ubicado en Santa Isabel 0369, Providencia, <strong>este jueves 1 de septiembre en el escenario el\u00e9ctrico, a partir desde las 21:30 hrs.<br><\/strong><br>En la ocasi\u00f3n, el power tr\u00edo integrado por&nbsp;<strong>Esteban Rojas (voz &#8211; bajo), Ignacio Prado&nbsp; (guitarra) y Sebasti\u00e1n Anr\u00edquez&nbsp; (Bater\u00eda),<\/strong>&nbsp;que desde su formaci\u00f3n en el a\u00f1o 2013, cuentan con presentaciones en <strong>Chile, Per\u00fa y Argentina<\/strong>, por estos d\u00edas, contin\u00faan promocionando <strong>su nueva gira<\/strong>&nbsp;<strong>&#8220;Que siga el Rockanroll&#8221;<\/strong>&nbsp;que los llevar\u00e1 a distintos escenarios en Santiago, para luego continuar con presentaciones en <strong>Mendoza <\/strong>y terminar la gira en <strong>Buenos Aires<\/strong>, donde grabar\u00e1n su nuevo material en el Estudio de<strong> Gustavo Cerati.<\/strong><\/p>\n\n\n\n<p><\/p>\n\n\n\n<p>Por su parte<strong> Tugurio<\/strong>,&nbsp;banda de heavy rock formada en el a\u00f1o 2005, integrada por<strong> Jack pistola (guitarra y voz), Guas\u00f3n (bater\u00eda) y Toro Kaiser (bajo)<\/strong>, con tres discos editados, presentar\u00e1n un show potente, repasando su repertorio y parte de lo que ser\u00e1 su cuarta producci\u00f3n musical <strong>&#8220;Tierra maldita&#8221;,&nbsp;<\/strong>del que se&nbsp;ya se encuentran dos singles disponibles el <strong>&#8220;Guerrero del Camino&#8221; y &#8220;Tierra Maldita&#8221;.<\/strong><\/p>\n\n\n\n<p>Las entradas se encuentran a la venta v\u00eda wsp +56 9 45417571.<\/p>\n\n\n\n<p>Jueves 1 de septiembre desde las 21.30hrs:<br>Escenario El\u00e9ctrico<\/p>\n\n\n\n<p>El evento se realizar\u00e1 con pase de movilidad, respetando todos los protocolos de COVID-19 decretados por el Ministerio de Salud.<\/p>\n\n\n\n<figure class=\"wp-block-image is-resized\"><img loading=\"lazy\" decoding=\"async\" src=\"https:\/\/ci3.googleusercontent.com\/proxy\/mz0gMYIkn5BfxolIp7sCoPEXZdfjLOnr4Q2rIOjxWfkWmOd53ugzRHSX-XyzzCP92Fso02jyQn3dwUBzqwj5j7ximLn32jSsCBIfCTY9Th5cbttWxm9qbX27D5bYvhP9kHTUpxT4_PjQ9UkYoQN8Vc4gFGrqTA=s0-d-e1-ft#https:\/\/mcusercontent.com\/79a86e888635868c7967a8ae8\/images\/8131a6f5-d23c-082f-bf1d-506b71722cf7.jpg\" alt=\"\" width=\"811\" height=\"871\"\/><\/figure>\n","protected":false},"excerpt":{"rendered":"<div class=\"pvc_clear\"><\/div>\n<p id=\"pvc_stats_34857\" class=\"pvc_stats total_only  \" data-element-id=\"34857\" style=\"\"><i class=\"pvc-stats-icon large\" aria-hidden=\"true\"><svg aria-hidden=\"true\" focusable=\"false\" data-prefix=\"far\" data-icon=\"chart-bar\" role=\"img\" xmlns=\"http:\/\/www.w3.org\/2000\/svg\" viewBox=\"0 0 512 512\" class=\"svg-inline--fa fa-chart-bar fa-w-16 fa-2x\"><path fill=\"currentColor\" d=\"M396.8 352h22.4c6.4 0 12.8-6.4 12.8-12.8V108.8c0-6.4-6.4-12.8-12.8-12.8h-22.4c-6.4 0-12.8 6.4-12.8 12.8v230.4c0 6.4 6.4 12.8 12.8 12.8zm-192 0h22.4c6.4 0 12.8-6.4 12.8-12.8V140.8c0-6.4-6.4-12.8-12.8-12.8h-22.4c-6.4 0-12.8 6.4-12.8 12.8v198.4c0 6.4 6.4 12.8 12.8 12.8zm96 0h22.4c6.4 0 12.8-6.4 12.8-12.8V204.8c0-6.4-6.4-12.8-12.8-12.8h-22.4c-6.4 0-12.8 6.4-12.8 12.8v134.4c0 6.4 6.4 12.8 12.8 12.8zM496 400H48V80c0-8.84-7.16-16-16-16H16C7.16 64 0 71.16 0 80v336c0 17.67 14.33 32 32 32h464c8.84 0 16-7.16 16-16v-16c0-8.84-7.16-16-16-16zm-387.2-48h22.4c6.4 0 12.8-6.4 12.8-12.8v-70.4c0-6.4-6.4-12.8-12.8-12.8h-22.4c-6.4 0-12.8 6.4-12.8 12.8v70.4c0 6.4 6.4 12.8 12.8 12.8z\" class=\"\"><\/path><\/svg><\/i> <img loading=\"lazy\" decoding=\"async\" width=\"16\" height=\"16\" alt=\"Loading\" src=\"https:\/\/temucotelevision.cl\/web\/wp-content\/plugins\/page-views-count\/ajax-loader-2x.gif\" border=0 \/><\/p>\n<div class=\"pvc_clear\"><\/div>\n<p>La banda nacional Barbeta anunci\u00f3 un show en vivo junto a Tugurio, el que se realizar\u00e1 en el m\u00edtico Bar<\/p>\n","protected":false},"author":1,"featured_media":34868,"comment_status":"open","ping_status":"open","sticky":false,"template":"","format":"standard","meta":{"colormag_page_container_layout":"default_layout","colormag_page_sidebar_layout":"default_layout","footnotes":""},"categories":[369],"tags":[],"class_list":["post-34857","post","type-post","status-publish","format-standard","has-post-thumbnail","hentry","category-musica"],"a3_pvc":{"activated":true,"total_views":42,"today_views":0},"_links":{"self":[{"href":"https:\/\/temucotelevision.cl\/web\/wp-json\/wp\/v2\/posts\/34857","targetHints":{"allow":["GET"]}}],"collection":[{"href":"https:\/\/temucotelevision.cl\/web\/wp-json\/wp\/v2\/posts"}],"about":[{"href":"https:\/\/temucotelevision.cl\/web\/wp-json\/wp\/v2\/types\/post"}],"author":[{"embeddable":true,"href":"https:\/\/temucotelevision.cl\/web\/wp-json\/wp\/v2\/users\/1"}],"replies":[{"embeddable":true,"href":"https:\/\/temucotelevision.cl\/web\/wp-json\/wp\/v2\/comments?post=34857"}],"version-history":[{"count":3,"href":"https:\/\/temucotelevision.cl\/web\/wp-json\/wp\/v2\/posts\/34857\/revisions"}],"predecessor-version":[{"id":34871,"href":"https:\/\/temucotelevision.cl\/web\/wp-json\/wp\/v2\/posts\/34857\/revisions\/34871"}],"wp:featuredmedia":[{"embeddable":true,"href":"https:\/\/temucotelevision.cl\/web\/wp-json\/wp\/v2\/media\/34868"}],"wp:attachment":[{"href":"https:\/\/temucotelevision.cl\/web\/wp-json\/wp\/v2\/media?parent=34857"}],"wp:term":[{"taxonomy":"category","embeddable":true,"href":"https:\/\/temucotelevision.cl\/web\/wp-json\/wp\/v2\/categories?post=34857"},{"taxonomy":"post_tag","embeddable":true,"href":"https:\/\/temucotelevision.cl\/web\/wp-json\/wp\/v2\/tags?post=34857"}],"curies":[{"name":"wp","href":"https:\/\/api.w.org\/{rel}","templated":true}]}}