{"id":34808,"date":"2022-08-29T23:24:01","date_gmt":"2022-08-30T02:24:01","guid":{"rendered":"https:\/\/temucotelevision.cl\/web\/?p=34808"},"modified":"2022-08-29T23:24:02","modified_gmt":"2022-08-30T02:24:02","slug":"temuco-musica-de-camara-presentara-la-orquesta-juvenil-en-el-teatro-municipal","status":"publish","type":"post","link":"https:\/\/temucotelevision.cl\/web\/2022\/08\/29\/temuco-musica-de-camara-presentara-la-orquesta-juvenil-en-el-teatro-municipal\/","title":{"rendered":"Temuco: M\u00fasica de C\u00e1mara presentar\u00e1 la Orquesta Juvenil en el Teatro Municipal"},"content":{"rendered":"<div class=\"pvc_clear\"><\/div><p id=\"pvc_stats_34808\" class=\"pvc_stats total_only  \" data-element-id=\"34808\" style=\"\"><i class=\"pvc-stats-icon large\" aria-hidden=\"true\"><svg aria-hidden=\"true\" focusable=\"false\" data-prefix=\"far\" data-icon=\"chart-bar\" role=\"img\" xmlns=\"http:\/\/www.w3.org\/2000\/svg\" viewBox=\"0 0 512 512\" class=\"svg-inline--fa fa-chart-bar fa-w-16 fa-2x\"><path fill=\"currentColor\" d=\"M396.8 352h22.4c6.4 0 12.8-6.4 12.8-12.8V108.8c0-6.4-6.4-12.8-12.8-12.8h-22.4c-6.4 0-12.8 6.4-12.8 12.8v230.4c0 6.4 6.4 12.8 12.8 12.8zm-192 0h22.4c6.4 0 12.8-6.4 12.8-12.8V140.8c0-6.4-6.4-12.8-12.8-12.8h-22.4c-6.4 0-12.8 6.4-12.8 12.8v198.4c0 6.4 6.4 12.8 12.8 12.8zm96 0h22.4c6.4 0 12.8-6.4 12.8-12.8V204.8c0-6.4-6.4-12.8-12.8-12.8h-22.4c-6.4 0-12.8 6.4-12.8 12.8v134.4c0 6.4 6.4 12.8 12.8 12.8zM496 400H48V80c0-8.84-7.16-16-16-16H16C7.16 64 0 71.16 0 80v336c0 17.67 14.33 32 32 32h464c8.84 0 16-7.16 16-16v-16c0-8.84-7.16-16-16-16zm-387.2-48h22.4c6.4 0 12.8-6.4 12.8-12.8v-70.4c0-6.4-6.4-12.8-12.8-12.8h-22.4c-6.4 0-12.8 6.4-12.8 12.8v70.4c0 6.4 6.4 12.8 12.8 12.8z\" class=\"\"><\/path><\/svg><\/i> <img loading=\"lazy\" decoding=\"async\" width=\"16\" height=\"16\" alt=\"Loading\" src=\"https:\/\/temucotelevision.cl\/web\/wp-content\/plugins\/page-views-count\/ajax-loader-2x.gif\" border=0 \/><\/p><div class=\"pvc_clear\"><\/div>\n<p>Este viernes 02 de septiembre la Orquesta Juvenil del Teatro Municipal de Temuco, tendr\u00e1 su concierto de temporada 2022. El formato m\u00fasica de c\u00e1mara se apodera del trabajo que realizar\u00e1 la orquesta este a\u00f1o. Cumpliendo 17 a\u00f1os de existencia el trabajo musical que hemos podido abordar despu\u00e9s de dos a\u00f1os de pandemia, nos ha llevado a generar un trabajo en formato de c\u00e1mara para nuestro p\u00fablico visitante. Quienes nos acompa\u00f1en escuchar\u00e1n un concierto con repertorio variado que va desde el barroco hasta la \u00e9poca moderna y que junto a la obra solista hacen una mezcla muy interesante de escuchar, adem\u00e1s del \u201centusiasmo t\u00edpico que agrega la fuerza de la juventud a las interpretaciones\u201d, nos comenta Marcelo Jara, Director de la Orquesta.<\/p>\n\n\n\n<p>Este concierto de la Secci\u00f3n de Cuerdas, Flautas Traversas y Clarinetes de la Orquesta Juvenil incluir\u00e1 obras que el p\u00fablico podr\u00e1 disfrutar como por ejemplo la Sinfon\u00eda N\u00ba 21, de Wolfgang Amadeus Mozart, la cual escribi\u00f3 a sus 16 a\u00f1os. Obra cargada de notables movimientos sinf\u00f3nicos que destacan expresiones llenas de calidez, sonidos decisivos y cl\u00e1sicamente delicados.&nbsp;<\/p>\n\n\n\n<p>Continuar\u00e1 con una obra para clarinete solista de Karl Phillip Stamitz, la cu\u00e1l ser\u00e1 interpretada por Pedro Mendoza, primer clarinete de la Orquesta Juvenil, quien actualmente es alumno de Javier Leone, primer clarinete de la Orquesta Filarm\u00f3nica de Temuco.&nbsp;Pedro nos comenta que sue\u00f1a con estudiar en el Conservatorio de m\u00fasica de la Universidad Cat\u00f3lica en Santiago, adem\u00e1s de poder estudiar fuera de Chile, para luego regresar al pa\u00eds y retribuir lo aprendido con las nuevas generaciones. Pedro Mendoza nos coment\u00f3 que: comenz\u00f3 sus<em>&nbsp;<\/em>estudios en el Colegio Armando Dufey Blanc<em>,\u201d toqu\u00e9 en la orquesta de mi colegio y luego en la Orquesta Juvenil del TMT, mi ingreso fue muy agradable desde un inicio, me acogieron como una familia y eso a m\u00ed me motiv\u00f3 mucho m\u00e1s para seguir con la m\u00fasica. Siempre me quedar\u00e9 con los recuerdos de todos los lugares en los que hemos tocado juntos como Orquesta, mis amigos y el trabajo musical que hemos realizado. Quiero ser clarinetista y estoy absolutamente convencido de esto. Cuando conoc\u00ed el trabajo musical de la Orquesta Filarm\u00f3nica de Temuco y en espec\u00edfico de sus clarinetistas decid\u00ed que dedicar\u00eda mi vida a estudiar clarinete. Los m\u00fasicos profesionales de la oft, su sonido e interpretaci\u00f3n, la versatilidad con la que interpretan este instrumento sellaron mi decisi\u00f3n.\u201d<\/em><\/p>\n\n\n\n<p>El estilo de este concierto para clarinete refleja la orquestaci\u00f3n habitual de mediados del siglo XVIII, donde la mayor parte del material musical importante se entregaba a las cuerdas, mientras que los vientos se ocupaban de la armon\u00eda. El estilo de Karl Stamitz es agradable y fluido, como se ilustra muy bien en este concierto.<\/p>\n\n\n\n<p>La conocida Orquesta Juvenil tambi\u00e9n interpretar\u00e1&nbsp;&nbsp;la Suite Abdelazar, de Henry Purcell, la cual escribi\u00f3 en los \u00faltimos a\u00f1os de su vida, es principalmente una tragedia de venganza, obra en la que el p\u00fablico podr\u00e1 notar claramente los estados de \u00e1nimo del compositor, que van desde los lentos y suaves hasta los en\u00e9rgicos y animados, pasajes muy \u00e1giles para el conjunto de cuerdas.<\/p>\n\n\n\n<p>Para finalizar escuchar\u00e1n la Pavane de Gabriel de Faur\u00e9. Escrita por este&nbsp;organista, compositor y pianista franc\u00e9s se qued\u00f3 completamente sordo al final de su vida. Pero a diferencia de Beethoven, el m\u00fasico franc\u00e9s sufri\u00f3 la p\u00e9rdida del sentido de audici\u00f3n cuando hab\u00eda sobrepasado los setenta a\u00f1os. En 1922, cuando cumpli\u00f3 78 a\u00f1os, la ciudad de Par\u00eds decidi\u00f3 rendirle un homenaje a quien era considerado ya una de las figuras claves de la evoluci\u00f3n de la m\u00fasica francesa desde la \u00e9poca rom\u00e1ntica hasta el modernismo. Dulce y elegante, la pieza recordaba con propiedad la danza espa\u00f1ola de las cortes del siglo XVI.<\/p>\n\n\n\n<p>Para asistir a este concierto puedes retirar tus invitaciones en corporacioncultural.cl, el concierto es absolutamente gratuito, te esperamos este 02 de septiembre a las 20:00 hrs en el Municipal. S\u00f3lo requieres pase de movilidad o PCR con resultado negativo actualizado.&nbsp;<\/p>\n","protected":false},"excerpt":{"rendered":"<div class=\"pvc_clear\"><\/div>\n<p id=\"pvc_stats_34808\" class=\"pvc_stats total_only  \" data-element-id=\"34808\" style=\"\"><i class=\"pvc-stats-icon large\" aria-hidden=\"true\"><svg aria-hidden=\"true\" focusable=\"false\" data-prefix=\"far\" data-icon=\"chart-bar\" role=\"img\" xmlns=\"http:\/\/www.w3.org\/2000\/svg\" viewBox=\"0 0 512 512\" class=\"svg-inline--fa fa-chart-bar fa-w-16 fa-2x\"><path fill=\"currentColor\" d=\"M396.8 352h22.4c6.4 0 12.8-6.4 12.8-12.8V108.8c0-6.4-6.4-12.8-12.8-12.8h-22.4c-6.4 0-12.8 6.4-12.8 12.8v230.4c0 6.4 6.4 12.8 12.8 12.8zm-192 0h22.4c6.4 0 12.8-6.4 12.8-12.8V140.8c0-6.4-6.4-12.8-12.8-12.8h-22.4c-6.4 0-12.8 6.4-12.8 12.8v198.4c0 6.4 6.4 12.8 12.8 12.8zm96 0h22.4c6.4 0 12.8-6.4 12.8-12.8V204.8c0-6.4-6.4-12.8-12.8-12.8h-22.4c-6.4 0-12.8 6.4-12.8 12.8v134.4c0 6.4 6.4 12.8 12.8 12.8zM496 400H48V80c0-8.84-7.16-16-16-16H16C7.16 64 0 71.16 0 80v336c0 17.67 14.33 32 32 32h464c8.84 0 16-7.16 16-16v-16c0-8.84-7.16-16-16-16zm-387.2-48h22.4c6.4 0 12.8-6.4 12.8-12.8v-70.4c0-6.4-6.4-12.8-12.8-12.8h-22.4c-6.4 0-12.8 6.4-12.8 12.8v70.4c0 6.4 6.4 12.8 12.8 12.8z\" class=\"\"><\/path><\/svg><\/i> <img loading=\"lazy\" decoding=\"async\" width=\"16\" height=\"16\" alt=\"Loading\" src=\"https:\/\/temucotelevision.cl\/web\/wp-content\/plugins\/page-views-count\/ajax-loader-2x.gif\" border=0 \/><\/p>\n<div class=\"pvc_clear\"><\/div>\n<p>Este viernes 02 de septiembre la Orquesta Juvenil del Teatro Municipal de Temuco, tendr\u00e1 su concierto de temporada 2022. El<\/p>\n","protected":false},"author":1,"featured_media":34810,"comment_status":"open","ping_status":"open","sticky":false,"template":"","format":"standard","meta":{"colormag_page_container_layout":"default_layout","colormag_page_sidebar_layout":"default_layout","footnotes":""},"categories":[86,14],"tags":[380,311,1299,283],"class_list":["post-34808","post","type-post","status-publish","format-standard","has-post-thumbnail","hentry","category-panoramas","category-temuco","tag-municipal","tag-musica","tag-orquesta","tag-teatro"],"a3_pvc":{"activated":true,"total_views":97,"today_views":0},"_links":{"self":[{"href":"https:\/\/temucotelevision.cl\/web\/wp-json\/wp\/v2\/posts\/34808","targetHints":{"allow":["GET"]}}],"collection":[{"href":"https:\/\/temucotelevision.cl\/web\/wp-json\/wp\/v2\/posts"}],"about":[{"href":"https:\/\/temucotelevision.cl\/web\/wp-json\/wp\/v2\/types\/post"}],"author":[{"embeddable":true,"href":"https:\/\/temucotelevision.cl\/web\/wp-json\/wp\/v2\/users\/1"}],"replies":[{"embeddable":true,"href":"https:\/\/temucotelevision.cl\/web\/wp-json\/wp\/v2\/comments?post=34808"}],"version-history":[{"count":1,"href":"https:\/\/temucotelevision.cl\/web\/wp-json\/wp\/v2\/posts\/34808\/revisions"}],"predecessor-version":[{"id":34811,"href":"https:\/\/temucotelevision.cl\/web\/wp-json\/wp\/v2\/posts\/34808\/revisions\/34811"}],"wp:featuredmedia":[{"embeddable":true,"href":"https:\/\/temucotelevision.cl\/web\/wp-json\/wp\/v2\/media\/34810"}],"wp:attachment":[{"href":"https:\/\/temucotelevision.cl\/web\/wp-json\/wp\/v2\/media?parent=34808"}],"wp:term":[{"taxonomy":"category","embeddable":true,"href":"https:\/\/temucotelevision.cl\/web\/wp-json\/wp\/v2\/categories?post=34808"},{"taxonomy":"post_tag","embeddable":true,"href":"https:\/\/temucotelevision.cl\/web\/wp-json\/wp\/v2\/tags?post=34808"}],"curies":[{"name":"wp","href":"https:\/\/api.w.org\/{rel}","templated":true}]}}