{"id":34801,"date":"2022-08-29T18:06:11","date_gmt":"2022-08-29T21:06:11","guid":{"rendered":"https:\/\/temucotelevision.cl\/web\/?p=34801"},"modified":"2022-08-29T18:06:11","modified_gmt":"2022-08-29T21:06:11","slug":"cunco-y-victoria-ganan-el-pase-a-la-final-nacional-de-voleibol-de-los-juegos-deportivos-escolares","status":"publish","type":"post","link":"https:\/\/temucotelevision.cl\/web\/2022\/08\/29\/cunco-y-victoria-ganan-el-pase-a-la-final-nacional-de-voleibol-de-los-juegos-deportivos-escolares\/","title":{"rendered":"Cunco y Victoria ganan el pase a la Final Nacional de V\u00f3leibol de Los Juegos Deportivos Escolares \u00a0"},"content":{"rendered":"<div class=\"pvc_clear\"><\/div><p id=\"pvc_stats_34801\" class=\"pvc_stats total_only  \" data-element-id=\"34801\" style=\"\"><i class=\"pvc-stats-icon large\" aria-hidden=\"true\"><svg aria-hidden=\"true\" focusable=\"false\" data-prefix=\"far\" data-icon=\"chart-bar\" role=\"img\" xmlns=\"http:\/\/www.w3.org\/2000\/svg\" viewBox=\"0 0 512 512\" class=\"svg-inline--fa fa-chart-bar fa-w-16 fa-2x\"><path fill=\"currentColor\" d=\"M396.8 352h22.4c6.4 0 12.8-6.4 12.8-12.8V108.8c0-6.4-6.4-12.8-12.8-12.8h-22.4c-6.4 0-12.8 6.4-12.8 12.8v230.4c0 6.4 6.4 12.8 12.8 12.8zm-192 0h22.4c6.4 0 12.8-6.4 12.8-12.8V140.8c0-6.4-6.4-12.8-12.8-12.8h-22.4c-6.4 0-12.8 6.4-12.8 12.8v198.4c0 6.4 6.4 12.8 12.8 12.8zm96 0h22.4c6.4 0 12.8-6.4 12.8-12.8V204.8c0-6.4-6.4-12.8-12.8-12.8h-22.4c-6.4 0-12.8 6.4-12.8 12.8v134.4c0 6.4 6.4 12.8 12.8 12.8zM496 400H48V80c0-8.84-7.16-16-16-16H16C7.16 64 0 71.16 0 80v336c0 17.67 14.33 32 32 32h464c8.84 0 16-7.16 16-16v-16c0-8.84-7.16-16-16-16zm-387.2-48h22.4c6.4 0 12.8-6.4 12.8-12.8v-70.4c0-6.4-6.4-12.8-12.8-12.8h-22.4c-6.4 0-12.8 6.4-12.8 12.8v70.4c0 6.4 6.4 12.8 12.8 12.8z\" class=\"\"><\/path><\/svg><\/i> <img loading=\"lazy\" decoding=\"async\" width=\"16\" height=\"16\" alt=\"Loading\" src=\"https:\/\/temucotelevision.cl\/web\/wp-content\/plugins\/page-views-count\/ajax-loader-2x.gif\" border=0 \/><\/p><div class=\"pvc_clear\"><\/div>\n<p>\u00b7&nbsp;&nbsp;&nbsp;&nbsp;&nbsp;&nbsp;&nbsp;&nbsp;&nbsp;<strong>El primero en damas y el segundo en varones en la categor\u00eda sub14. Equipos de colegios de ambas comunas se coronaron campeones regionales este fin de semana en una intensa jornada en Campo de Deportes \u00d1ielol.&nbsp;<\/strong><\/p>\n\n\n\n<p> Tras una intensa jornada este fin de semana, los elencos de Liceo Atenea de Cunco en damas, y el Colegio Santa Cruz de Victoria en varones, se coronaron como los campeones del Regional de Voleibol Sub 14.<\/p>\n\n\n\n<p>Ambas escuadras ganaron as\u00ed el derecho de representar a la regi\u00f3n en la Final Nacional de los Juegos Deportivos Escolares (JDE) que se disputar\u00e1n entre el 3 y el 9 de octubre pr\u00f3ximo &nbsp;en Villarrica Puc\u00f3n, organizados por el &nbsp;Ministerio del Deporte a trav\u00e9s del IND La Araucan\u00eda. &nbsp;&nbsp;<\/p>\n\n\n\n<p>Cabe recordar que el s\u00e1bado se jug\u00f3 la final regional de la especialidad en Campo de Deportes \u00d1ielol, en Temuco. 32 equipos y casi 400 voleibolistas se movilizaron en esa fase en el marco del programa de deporte competitivo escolar que condujo el IND, en tanto que se calcula que incluyendo las etapas comunales de clasificaci\u00f3n, participaron este a\u00f1o &nbsp;m\u00e1s de 800 escolares.<\/p>\n\n\n\n<p>El Campeonato Escolar de Voleibol Sub 14 es organizado por Instituto Nacional&nbsp; del Deporte, y demand\u00f3 una inversi\u00f3n sectorial de cerca de 8 millones de pesos.&nbsp;<\/p>\n","protected":false},"excerpt":{"rendered":"<div class=\"pvc_clear\"><\/div>\n<p id=\"pvc_stats_34801\" class=\"pvc_stats total_only  \" data-element-id=\"34801\" style=\"\"><i class=\"pvc-stats-icon large\" aria-hidden=\"true\"><svg aria-hidden=\"true\" focusable=\"false\" data-prefix=\"far\" data-icon=\"chart-bar\" role=\"img\" xmlns=\"http:\/\/www.w3.org\/2000\/svg\" viewBox=\"0 0 512 512\" class=\"svg-inline--fa fa-chart-bar fa-w-16 fa-2x\"><path fill=\"currentColor\" d=\"M396.8 352h22.4c6.4 0 12.8-6.4 12.8-12.8V108.8c0-6.4-6.4-12.8-12.8-12.8h-22.4c-6.4 0-12.8 6.4-12.8 12.8v230.4c0 6.4 6.4 12.8 12.8 12.8zm-192 0h22.4c6.4 0 12.8-6.4 12.8-12.8V140.8c0-6.4-6.4-12.8-12.8-12.8h-22.4c-6.4 0-12.8 6.4-12.8 12.8v198.4c0 6.4 6.4 12.8 12.8 12.8zm96 0h22.4c6.4 0 12.8-6.4 12.8-12.8V204.8c0-6.4-6.4-12.8-12.8-12.8h-22.4c-6.4 0-12.8 6.4-12.8 12.8v134.4c0 6.4 6.4 12.8 12.8 12.8zM496 400H48V80c0-8.84-7.16-16-16-16H16C7.16 64 0 71.16 0 80v336c0 17.67 14.33 32 32 32h464c8.84 0 16-7.16 16-16v-16c0-8.84-7.16-16-16-16zm-387.2-48h22.4c6.4 0 12.8-6.4 12.8-12.8v-70.4c0-6.4-6.4-12.8-12.8-12.8h-22.4c-6.4 0-12.8 6.4-12.8 12.8v70.4c0 6.4 6.4 12.8 12.8 12.8z\" class=\"\"><\/path><\/svg><\/i> <img loading=\"lazy\" decoding=\"async\" width=\"16\" height=\"16\" alt=\"Loading\" src=\"https:\/\/temucotelevision.cl\/web\/wp-content\/plugins\/page-views-count\/ajax-loader-2x.gif\" border=0 \/><\/p>\n<div class=\"pvc_clear\"><\/div>\n<p>\u00b7&nbsp;&nbsp;&nbsp;&nbsp;&nbsp;&nbsp;&nbsp;&nbsp;&nbsp;El primero en damas y el segundo en varones en la categor\u00eda sub14. Equipos de colegios de ambas comunas se<\/p>\n","protected":false},"author":1,"featured_media":34802,"comment_status":"open","ping_status":"open","sticky":false,"template":"","format":"standard","meta":{"colormag_page_container_layout":"default_layout","colormag_page_sidebar_layout":"default_layout","footnotes":""},"categories":[15],"tags":[246,599,1966,469,1020],"class_list":["post-34801","post","type-post","status-publish","format-standard","has-post-thumbnail","hentry","category-la-araucania","tag-competencia","tag-escolares","tag-final","tag-juegos","tag-nacional"],"a3_pvc":{"activated":true,"total_views":142,"today_views":0},"_links":{"self":[{"href":"https:\/\/temucotelevision.cl\/web\/wp-json\/wp\/v2\/posts\/34801","targetHints":{"allow":["GET"]}}],"collection":[{"href":"https:\/\/temucotelevision.cl\/web\/wp-json\/wp\/v2\/posts"}],"about":[{"href":"https:\/\/temucotelevision.cl\/web\/wp-json\/wp\/v2\/types\/post"}],"author":[{"embeddable":true,"href":"https:\/\/temucotelevision.cl\/web\/wp-json\/wp\/v2\/users\/1"}],"replies":[{"embeddable":true,"href":"https:\/\/temucotelevision.cl\/web\/wp-json\/wp\/v2\/comments?post=34801"}],"version-history":[{"count":1,"href":"https:\/\/temucotelevision.cl\/web\/wp-json\/wp\/v2\/posts\/34801\/revisions"}],"predecessor-version":[{"id":34803,"href":"https:\/\/temucotelevision.cl\/web\/wp-json\/wp\/v2\/posts\/34801\/revisions\/34803"}],"wp:featuredmedia":[{"embeddable":true,"href":"https:\/\/temucotelevision.cl\/web\/wp-json\/wp\/v2\/media\/34802"}],"wp:attachment":[{"href":"https:\/\/temucotelevision.cl\/web\/wp-json\/wp\/v2\/media?parent=34801"}],"wp:term":[{"taxonomy":"category","embeddable":true,"href":"https:\/\/temucotelevision.cl\/web\/wp-json\/wp\/v2\/categories?post=34801"},{"taxonomy":"post_tag","embeddable":true,"href":"https:\/\/temucotelevision.cl\/web\/wp-json\/wp\/v2\/tags?post=34801"}],"curies":[{"name":"wp","href":"https:\/\/api.w.org\/{rel}","templated":true}]}}