{"id":34793,"date":"2022-08-29T14:41:18","date_gmt":"2022-08-29T17:41:18","guid":{"rendered":"https:\/\/temucotelevision.cl\/web\/?p=34793"},"modified":"2022-08-29T14:41:19","modified_gmt":"2022-08-29T17:41:19","slug":"tempera-agenda-concierto-en-santiago-para-el-21-de-septiembre","status":"publish","type":"post","link":"https:\/\/temucotelevision.cl\/web\/2022\/08\/29\/tempera-agenda-concierto-en-santiago-para-el-21-de-septiembre\/","title":{"rendered":"Tempera agenda concierto en Santiago para el 21 de septiembre"},"content":{"rendered":"<div class=\"pvc_clear\"><\/div><p id=\"pvc_stats_34793\" class=\"pvc_stats total_only  \" data-element-id=\"34793\" style=\"\"><i class=\"pvc-stats-icon large\" aria-hidden=\"true\"><svg aria-hidden=\"true\" focusable=\"false\" data-prefix=\"far\" data-icon=\"chart-bar\" role=\"img\" xmlns=\"http:\/\/www.w3.org\/2000\/svg\" viewBox=\"0 0 512 512\" class=\"svg-inline--fa fa-chart-bar fa-w-16 fa-2x\"><path fill=\"currentColor\" d=\"M396.8 352h22.4c6.4 0 12.8-6.4 12.8-12.8V108.8c0-6.4-6.4-12.8-12.8-12.8h-22.4c-6.4 0-12.8 6.4-12.8 12.8v230.4c0 6.4 6.4 12.8 12.8 12.8zm-192 0h22.4c6.4 0 12.8-6.4 12.8-12.8V140.8c0-6.4-6.4-12.8-12.8-12.8h-22.4c-6.4 0-12.8 6.4-12.8 12.8v198.4c0 6.4 6.4 12.8 12.8 12.8zm96 0h22.4c6.4 0 12.8-6.4 12.8-12.8V204.8c0-6.4-6.4-12.8-12.8-12.8h-22.4c-6.4 0-12.8 6.4-12.8 12.8v134.4c0 6.4 6.4 12.8 12.8 12.8zM496 400H48V80c0-8.84-7.16-16-16-16H16C7.16 64 0 71.16 0 80v336c0 17.67 14.33 32 32 32h464c8.84 0 16-7.16 16-16v-16c0-8.84-7.16-16-16-16zm-387.2-48h22.4c6.4 0 12.8-6.4 12.8-12.8v-70.4c0-6.4-6.4-12.8-12.8-12.8h-22.4c-6.4 0-12.8 6.4-12.8 12.8v70.4c0 6.4 6.4 12.8 12.8 12.8z\" class=\"\"><\/path><\/svg><\/i> <img loading=\"lazy\" decoding=\"async\" width=\"16\" height=\"16\" alt=\"Loading\" src=\"https:\/\/temucotelevision.cl\/web\/wp-content\/plugins\/page-views-count\/ajax-loader-2x.gif\" border=0 \/><\/p><div class=\"pvc_clear\"><\/div>\n<p><strong>El grupo chileno estar\u00e1 repasando en vivo toda su carrera musical con especial \u00e9nfasis en su disco \u201cElementos\u201d.<\/strong><\/p>\n\n\n\n<p><strong>T\u00e9mpera<\/strong> es una banda chilena que destaca por una propuesta musical caracterizada por canciones impregnadas de paisajes, texturas, colores y estilo. Sus sonoridades fluct\u00faan entre las ra\u00edces m\u00e1s profundas de la m\u00fasica latinoamericana, <strong>el rock psicod\u00e9lico de los 60&#8217;s<\/strong>, la energ\u00eda noventera y el pulsar contempor\u00e1neo. Muestra de aquello son el EP hom\u00f3nimo (2015) y su primer disco larga duraci\u00f3n <strong>\u201cElementos\u201d (2020)<\/strong>, del cual se desprenden singles como<strong> \u201cDa Una Vuelta\u201d, \u201cFuego\u201d<\/strong> y su primer videoclip <strong>\u201cGravedad\u201d.<\/strong><\/p>\n\n\n\n<p>El cuarteto santiaguino integrado por<strong> Jos\u00e9 Antonio Raffo (voz y guitarra), Mat\u00edas Duque (bater\u00eda y voz), Felipe Calder\u00f3n (bajo) y Alex Haindl (guitarra <\/strong>principal), se ha presentado en distintos escenarios de la escena rockera local, destacando entre ellos La Batuta, Onaciu, Bar de Rene, Bar Grez, <strong>Teatro Municipal de Santiago (junto al Ensamble Filarm\u00f3nico del Municipal),<\/strong> entre otros. Pr\u00f3ximamente la banda har\u00e1 su debut en Sala Ceina, ubicada en pleno centro de la capital.<\/p>\n\n\n\n<p><strong>Este pr\u00f3ximo 21 de septiembre<\/strong>, <strong>T\u00e9mpera<\/strong> ofrecer\u00e1 un gran concierto en el Centro <strong>Arte Alameda<\/strong>, actualmente ubicado en <strong>Arturo Prat #33, Metro Universidad de Chile.<\/strong> Las entradas ya est\u00e1n disponibles y van desde los <strong>$6000 en precio preventa.<\/strong><\/p>\n\n\n\n<p><strong>\u201cEste concierto es una invitaci\u00f3n a viajar por la m\u00fasica del disco \u2018Elementos\u2019, conocer una pincelada de lo que ser\u00e1 el pr\u00f3ximo \u00e1lbum y visitar algunas canciones que, sin estar dentro del disco, han marcado hitos para T\u00e9mpera y sus seguidores. Adem\u00e1s, es una instancia para inmiscuirse en los paisajes sonoros y visuales de la banda, que componen su m\u00edstica y esencia\u201d<\/strong>, explica el grupo. Compra entradas para el concierto ac\u00e1 <a rel=\"noreferrer noopener\" href=\"https:\/\/www.passline.com\/eventos\/tempera-en-centro-arte-alameda\" target=\"_blank\">Passline<\/a>.<\/p>\n\n\n\n<figure class=\"wp-block-image size-large\"><img loading=\"lazy\" decoding=\"async\" width=\"723\" height=\"1024\" src=\"https:\/\/temucotelevision.cl\/web\/wp-content\/uploads\/2022\/08\/IMG-20220813-WA0080-723x1024.jpg\" alt=\"\" class=\"wp-image-34795\" srcset=\"https:\/\/temucotelevision.cl\/web\/wp-content\/uploads\/2022\/08\/IMG-20220813-WA0080-723x1024.jpg 723w, https:\/\/temucotelevision.cl\/web\/wp-content\/uploads\/2022\/08\/IMG-20220813-WA0080-768x1087.jpg 768w, https:\/\/temucotelevision.cl\/web\/wp-content\/uploads\/2022\/08\/IMG-20220813-WA0080.jpg 904w\" sizes=\"auto, (max-width: 723px) 100vw, 723px\" \/><\/figure>\n","protected":false},"excerpt":{"rendered":"<div class=\"pvc_clear\"><\/div>\n<p id=\"pvc_stats_34793\" class=\"pvc_stats total_only  \" data-element-id=\"34793\" style=\"\"><i class=\"pvc-stats-icon large\" aria-hidden=\"true\"><svg aria-hidden=\"true\" focusable=\"false\" data-prefix=\"far\" data-icon=\"chart-bar\" role=\"img\" xmlns=\"http:\/\/www.w3.org\/2000\/svg\" viewBox=\"0 0 512 512\" class=\"svg-inline--fa fa-chart-bar fa-w-16 fa-2x\"><path fill=\"currentColor\" d=\"M396.8 352h22.4c6.4 0 12.8-6.4 12.8-12.8V108.8c0-6.4-6.4-12.8-12.8-12.8h-22.4c-6.4 0-12.8 6.4-12.8 12.8v230.4c0 6.4 6.4 12.8 12.8 12.8zm-192 0h22.4c6.4 0 12.8-6.4 12.8-12.8V140.8c0-6.4-6.4-12.8-12.8-12.8h-22.4c-6.4 0-12.8 6.4-12.8 12.8v198.4c0 6.4 6.4 12.8 12.8 12.8zm96 0h22.4c6.4 0 12.8-6.4 12.8-12.8V204.8c0-6.4-6.4-12.8-12.8-12.8h-22.4c-6.4 0-12.8 6.4-12.8 12.8v134.4c0 6.4 6.4 12.8 12.8 12.8zM496 400H48V80c0-8.84-7.16-16-16-16H16C7.16 64 0 71.16 0 80v336c0 17.67 14.33 32 32 32h464c8.84 0 16-7.16 16-16v-16c0-8.84-7.16-16-16-16zm-387.2-48h22.4c6.4 0 12.8-6.4 12.8-12.8v-70.4c0-6.4-6.4-12.8-12.8-12.8h-22.4c-6.4 0-12.8 6.4-12.8 12.8v70.4c0 6.4 6.4 12.8 12.8 12.8z\" class=\"\"><\/path><\/svg><\/i> <img loading=\"lazy\" decoding=\"async\" width=\"16\" height=\"16\" alt=\"Loading\" src=\"https:\/\/temucotelevision.cl\/web\/wp-content\/plugins\/page-views-count\/ajax-loader-2x.gif\" border=0 \/><\/p>\n<div class=\"pvc_clear\"><\/div>\n<p>El grupo chileno estar\u00e1 repasando en vivo toda su carrera musical con especial \u00e9nfasis en su disco \u201cElementos\u201d. T\u00e9mpera es<\/p>\n","protected":false},"author":1,"featured_media":34794,"comment_status":"open","ping_status":"open","sticky":false,"template":"","format":"standard","meta":{"colormag_page_container_layout":"default_layout","colormag_page_sidebar_layout":"default_layout","footnotes":""},"categories":[369],"tags":[],"class_list":["post-34793","post","type-post","status-publish","format-standard","has-post-thumbnail","hentry","category-musica"],"a3_pvc":{"activated":true,"total_views":52,"today_views":0},"_links":{"self":[{"href":"https:\/\/temucotelevision.cl\/web\/wp-json\/wp\/v2\/posts\/34793","targetHints":{"allow":["GET"]}}],"collection":[{"href":"https:\/\/temucotelevision.cl\/web\/wp-json\/wp\/v2\/posts"}],"about":[{"href":"https:\/\/temucotelevision.cl\/web\/wp-json\/wp\/v2\/types\/post"}],"author":[{"embeddable":true,"href":"https:\/\/temucotelevision.cl\/web\/wp-json\/wp\/v2\/users\/1"}],"replies":[{"embeddable":true,"href":"https:\/\/temucotelevision.cl\/web\/wp-json\/wp\/v2\/comments?post=34793"}],"version-history":[{"count":1,"href":"https:\/\/temucotelevision.cl\/web\/wp-json\/wp\/v2\/posts\/34793\/revisions"}],"predecessor-version":[{"id":34796,"href":"https:\/\/temucotelevision.cl\/web\/wp-json\/wp\/v2\/posts\/34793\/revisions\/34796"}],"wp:featuredmedia":[{"embeddable":true,"href":"https:\/\/temucotelevision.cl\/web\/wp-json\/wp\/v2\/media\/34794"}],"wp:attachment":[{"href":"https:\/\/temucotelevision.cl\/web\/wp-json\/wp\/v2\/media?parent=34793"}],"wp:term":[{"taxonomy":"category","embeddable":true,"href":"https:\/\/temucotelevision.cl\/web\/wp-json\/wp\/v2\/categories?post=34793"},{"taxonomy":"post_tag","embeddable":true,"href":"https:\/\/temucotelevision.cl\/web\/wp-json\/wp\/v2\/tags?post=34793"}],"curies":[{"name":"wp","href":"https:\/\/api.w.org\/{rel}","templated":true}]}}