{"id":34785,"date":"2022-08-28T13:57:04","date_gmt":"2022-08-28T16:57:04","guid":{"rendered":"https:\/\/temucotelevision.cl\/web\/?p=34785"},"modified":"2022-08-28T14:09:06","modified_gmt":"2022-08-28T17:09:06","slug":"carabineros-detienen-a-dos-sujetos-e-incautan-un-camion-un-remolque-y-39-m%c2%b3-de-madera-robada-en-collipulli","status":"publish","type":"post","link":"https:\/\/temucotelevision.cl\/web\/2022\/08\/28\/carabineros-detienen-a-dos-sujetos-e-incautan-un-camion-un-remolque-y-39-m%c2%b3-de-madera-robada-en-collipulli\/","title":{"rendered":"Carabineros detienen a dos sujetos e incautan un cami\u00f3n, un remolque y 39 m\u00b3 de madera robada en Collipulli"},"content":{"rendered":"<div class=\"pvc_clear\"><\/div><p id=\"pvc_stats_34785\" class=\"pvc_stats total_only  \" data-element-id=\"34785\" style=\"\"><i class=\"pvc-stats-icon large\" aria-hidden=\"true\"><svg aria-hidden=\"true\" focusable=\"false\" data-prefix=\"far\" data-icon=\"chart-bar\" role=\"img\" xmlns=\"http:\/\/www.w3.org\/2000\/svg\" viewBox=\"0 0 512 512\" class=\"svg-inline--fa fa-chart-bar fa-w-16 fa-2x\"><path fill=\"currentColor\" d=\"M396.8 352h22.4c6.4 0 12.8-6.4 12.8-12.8V108.8c0-6.4-6.4-12.8-12.8-12.8h-22.4c-6.4 0-12.8 6.4-12.8 12.8v230.4c0 6.4 6.4 12.8 12.8 12.8zm-192 0h22.4c6.4 0 12.8-6.4 12.8-12.8V140.8c0-6.4-6.4-12.8-12.8-12.8h-22.4c-6.4 0-12.8 6.4-12.8 12.8v198.4c0 6.4 6.4 12.8 12.8 12.8zm96 0h22.4c6.4 0 12.8-6.4 12.8-12.8V204.8c0-6.4-6.4-12.8-12.8-12.8h-22.4c-6.4 0-12.8 6.4-12.8 12.8v134.4c0 6.4 6.4 12.8 12.8 12.8zM496 400H48V80c0-8.84-7.16-16-16-16H16C7.16 64 0 71.16 0 80v336c0 17.67 14.33 32 32 32h464c8.84 0 16-7.16 16-16v-16c0-8.84-7.16-16-16-16zm-387.2-48h22.4c6.4 0 12.8-6.4 12.8-12.8v-70.4c0-6.4-6.4-12.8-12.8-12.8h-22.4c-6.4 0-12.8 6.4-12.8 12.8v70.4c0 6.4 6.4 12.8 12.8 12.8z\" class=\"\"><\/path><\/svg><\/i> <img loading=\"lazy\" decoding=\"async\" width=\"16\" height=\"16\" alt=\"Loading\" src=\"https:\/\/temucotelevision.cl\/web\/wp-content\/plugins\/page-views-count\/ajax-loader-2x.gif\" border=0 \/><\/p><div class=\"pvc_clear\"><\/div>\n<p>En horas de la noche de este s\u00e1bado, Carabineros con apoyo de personal de la Prefectura COP &#8220;Araucan\u00eda&#8221; lograron la detenci\u00f3n de dos personas por el delito de hurto de madera y ocultaci\u00f3n de placa patente; un cami\u00f3n, un remolque y 39 m\u00b3 de pino radiata fueron incautados.<\/p>\n\n\n\n<figure class=\"wp-block-video\"><video height=\"352\" style=\"aspect-ratio: 640 \/ 352;\" width=\"640\" controls src=\"https:\/\/temucotelevision.cl\/web\/wp-content\/uploads\/2022\/08\/WhatsApp-Video-2022-08-28-at-10.37.04-AM.mp4\"><\/video><\/figure>\n\n\n\n<p>El procedimiento se registr\u00f3 pasadas las 21:15 horas de ayer luego que a ra\u00edz de un llamado telef\u00f3nico, se dio cuenta a Carabineros de la sustracci\u00f3n ilegal de madera desde el fundo Mapulhue ubicado en la ruta R-35 en direcci\u00f3n al sector de San Andr\u00e9s, comuna de Collipulli, Regi\u00f3n de La Araucan\u00eda.<\/p>\n\n\n\n<p>El Mayor Erich Anfossy Salazar, Comisario de la 2\u00aa Comisar\u00eda &#8220;Collipulli&#8221;, precis\u00f3 que los sujetos se movilizaban en un cami\u00f3n autocargante con remolque y un trineum\u00e1tico.<\/p>\n\n\n\n<p>&#8220;Teniendo evidencia audiovisual, captada a trav\u00e9s de aeronaves no tripuladas (dron) se inici\u00f3 un seguimiento por parte de la empresa y Carabineros apoyados por personal de Control Orden P\u00fablico, logrando la detenci\u00f3n de este cami\u00f3n en las cercan\u00edas del Peaje Las Maicas, procediendo a la detenci\u00f3n del conductor y el pasajero&#8221;, relat\u00f3 el Mayor Anfossy.<\/p>\n\n\n\n<p>Por instrucci\u00f3n de la Fiscal\u00eda, ambos detenidos pasar\u00e1n este domingo a control de la detenci\u00f3n. En tanto, el cami\u00f3n fue incautado y la madera qued\u00f3 a disposici\u00f3n de la empresa afectada.<\/p>\n\n\n\n<figure class=\"wp-block-image size-large\"><img loading=\"lazy\" decoding=\"async\" width=\"1024\" height=\"554\" src=\"https:\/\/temucotelevision.cl\/web\/wp-content\/uploads\/2022\/08\/Captura-de-pantalla-2022-08-28-a-las-12.54.41-1024x554.png\" alt=\"\" class=\"wp-image-34787\" srcset=\"https:\/\/temucotelevision.cl\/web\/wp-content\/uploads\/2022\/08\/Captura-de-pantalla-2022-08-28-a-las-12.54.41-1024x554.png 1024w, https:\/\/temucotelevision.cl\/web\/wp-content\/uploads\/2022\/08\/Captura-de-pantalla-2022-08-28-a-las-12.54.41-768x416.png 768w, https:\/\/temucotelevision.cl\/web\/wp-content\/uploads\/2022\/08\/Captura-de-pantalla-2022-08-28-a-las-12.54.41.png 1264w\" sizes=\"auto, (max-width: 1024px) 100vw, 1024px\" \/><\/figure>\n\n\n\n<figure class=\"wp-block-video\"><video height=\"352\" style=\"aspect-ratio: 640 \/ 352;\" width=\"640\" controls src=\"https:\/\/temucotelevision.cl\/web\/wp-content\/uploads\/2022\/08\/WhatsApp-Video-2022-08-28-at-10.49.34-AM.mp4\"><\/video><\/figure>\n","protected":false},"excerpt":{"rendered":"<div class=\"pvc_clear\"><\/div>\n<p id=\"pvc_stats_34785\" class=\"pvc_stats total_only  \" data-element-id=\"34785\" style=\"\"><i class=\"pvc-stats-icon large\" aria-hidden=\"true\"><svg aria-hidden=\"true\" focusable=\"false\" data-prefix=\"far\" data-icon=\"chart-bar\" role=\"img\" xmlns=\"http:\/\/www.w3.org\/2000\/svg\" viewBox=\"0 0 512 512\" class=\"svg-inline--fa fa-chart-bar fa-w-16 fa-2x\"><path fill=\"currentColor\" d=\"M396.8 352h22.4c6.4 0 12.8-6.4 12.8-12.8V108.8c0-6.4-6.4-12.8-12.8-12.8h-22.4c-6.4 0-12.8 6.4-12.8 12.8v230.4c0 6.4 6.4 12.8 12.8 12.8zm-192 0h22.4c6.4 0 12.8-6.4 12.8-12.8V140.8c0-6.4-6.4-12.8-12.8-12.8h-22.4c-6.4 0-12.8 6.4-12.8 12.8v198.4c0 6.4 6.4 12.8 12.8 12.8zm96 0h22.4c6.4 0 12.8-6.4 12.8-12.8V204.8c0-6.4-6.4-12.8-12.8-12.8h-22.4c-6.4 0-12.8 6.4-12.8 12.8v134.4c0 6.4 6.4 12.8 12.8 12.8zM496 400H48V80c0-8.84-7.16-16-16-16H16C7.16 64 0 71.16 0 80v336c0 17.67 14.33 32 32 32h464c8.84 0 16-7.16 16-16v-16c0-8.84-7.16-16-16-16zm-387.2-48h22.4c6.4 0 12.8-6.4 12.8-12.8v-70.4c0-6.4-6.4-12.8-12.8-12.8h-22.4c-6.4 0-12.8 6.4-12.8 12.8v70.4c0 6.4 6.4 12.8 12.8 12.8z\" class=\"\"><\/path><\/svg><\/i> <img loading=\"lazy\" decoding=\"async\" width=\"16\" height=\"16\" alt=\"Loading\" src=\"https:\/\/temucotelevision.cl\/web\/wp-content\/plugins\/page-views-count\/ajax-loader-2x.gif\" border=0 \/><\/p>\n<div class=\"pvc_clear\"><\/div>\n<p>En horas de la noche de este s\u00e1bado, Carabineros con apoyo de personal de la Prefectura COP &#8220;Araucan\u00eda&#8221; lograron la<\/p>\n","protected":false},"author":1,"featured_media":34786,"comment_status":"open","ping_status":"open","sticky":false,"template":"","format":"standard","meta":{"colormag_page_container_layout":"default_layout","colormag_page_sidebar_layout":"default_layout","footnotes":""},"categories":[15,16],"tags":[649,5126,237,138,140],"class_list":["post-34785","post","type-post","status-publish","format-standard","has-post-thumbnail","hentry","category-la-araucania","category-policial","tag-camion","tag-cop","tag-madera","tag-robo","tag-sujetos"],"a3_pvc":{"activated":true,"total_views":91,"today_views":0},"_links":{"self":[{"href":"https:\/\/temucotelevision.cl\/web\/wp-json\/wp\/v2\/posts\/34785","targetHints":{"allow":["GET"]}}],"collection":[{"href":"https:\/\/temucotelevision.cl\/web\/wp-json\/wp\/v2\/posts"}],"about":[{"href":"https:\/\/temucotelevision.cl\/web\/wp-json\/wp\/v2\/types\/post"}],"author":[{"embeddable":true,"href":"https:\/\/temucotelevision.cl\/web\/wp-json\/wp\/v2\/users\/1"}],"replies":[{"embeddable":true,"href":"https:\/\/temucotelevision.cl\/web\/wp-json\/wp\/v2\/comments?post=34785"}],"version-history":[{"count":3,"href":"https:\/\/temucotelevision.cl\/web\/wp-json\/wp\/v2\/posts\/34785\/revisions"}],"predecessor-version":[{"id":34792,"href":"https:\/\/temucotelevision.cl\/web\/wp-json\/wp\/v2\/posts\/34785\/revisions\/34792"}],"wp:featuredmedia":[{"embeddable":true,"href":"https:\/\/temucotelevision.cl\/web\/wp-json\/wp\/v2\/media\/34786"}],"wp:attachment":[{"href":"https:\/\/temucotelevision.cl\/web\/wp-json\/wp\/v2\/media?parent=34785"}],"wp:term":[{"taxonomy":"category","embeddable":true,"href":"https:\/\/temucotelevision.cl\/web\/wp-json\/wp\/v2\/categories?post=34785"},{"taxonomy":"post_tag","embeddable":true,"href":"https:\/\/temucotelevision.cl\/web\/wp-json\/wp\/v2\/tags?post=34785"}],"curies":[{"name":"wp","href":"https:\/\/api.w.org\/{rel}","templated":true}]}}