{"id":34782,"date":"2022-08-27T21:21:43","date_gmt":"2022-08-28T00:21:43","guid":{"rendered":"https:\/\/temucotelevision.cl\/web\/?p=34782"},"modified":"2022-08-27T21:21:44","modified_gmt":"2022-08-28T00:21:44","slug":"en-temuco-estara-el-primer-microscopio-en-chile-que-utiliza-inteligencia-artificial-para-diagnosticar-cancer-y-enfermedades-autoinmunes","status":"publish","type":"post","link":"https:\/\/temucotelevision.cl\/web\/2022\/08\/27\/en-temuco-estara-el-primer-microscopio-en-chile-que-utiliza-inteligencia-artificial-para-diagnosticar-cancer-y-enfermedades-autoinmunes\/","title":{"rendered":"En Temuco estar\u00e1 el primer microscopio en Chile que utiliza inteligencia artificial para diagnosticar c\u00e1ncer y enfermedades autoinmunes"},"content":{"rendered":"<div class=\"pvc_clear\"><\/div><p id=\"pvc_stats_34782\" class=\"pvc_stats total_only  \" data-element-id=\"34782\" style=\"\"><i class=\"pvc-stats-icon large\" aria-hidden=\"true\"><svg aria-hidden=\"true\" focusable=\"false\" data-prefix=\"far\" data-icon=\"chart-bar\" role=\"img\" xmlns=\"http:\/\/www.w3.org\/2000\/svg\" viewBox=\"0 0 512 512\" class=\"svg-inline--fa fa-chart-bar fa-w-16 fa-2x\"><path fill=\"currentColor\" d=\"M396.8 352h22.4c6.4 0 12.8-6.4 12.8-12.8V108.8c0-6.4-6.4-12.8-12.8-12.8h-22.4c-6.4 0-12.8 6.4-12.8 12.8v230.4c0 6.4 6.4 12.8 12.8 12.8zm-192 0h22.4c6.4 0 12.8-6.4 12.8-12.8V140.8c0-6.4-6.4-12.8-12.8-12.8h-22.4c-6.4 0-12.8 6.4-12.8 12.8v198.4c0 6.4 6.4 12.8 12.8 12.8zm96 0h22.4c6.4 0 12.8-6.4 12.8-12.8V204.8c0-6.4-6.4-12.8-12.8-12.8h-22.4c-6.4 0-12.8 6.4-12.8 12.8v134.4c0 6.4 6.4 12.8 12.8 12.8zM496 400H48V80c0-8.84-7.16-16-16-16H16C7.16 64 0 71.16 0 80v336c0 17.67 14.33 32 32 32h464c8.84 0 16-7.16 16-16v-16c0-8.84-7.16-16-16-16zm-387.2-48h22.4c6.4 0 12.8-6.4 12.8-12.8v-70.4c0-6.4-6.4-12.8-12.8-12.8h-22.4c-6.4 0-12.8 6.4-12.8 12.8v70.4c0 6.4 6.4 12.8 12.8 12.8z\" class=\"\"><\/path><\/svg><\/i> <img loading=\"lazy\" decoding=\"async\" width=\"16\" height=\"16\" alt=\"Loading\" src=\"https:\/\/temucotelevision.cl\/web\/wp-content\/plugins\/page-views-count\/ajax-loader-2x.gif\" border=0 \/><\/p><div class=\"pvc_clear\"><\/div>\n<p><em>Se trata del tercer equipo de este tipo disponible en Latinoam\u00e9rica: un analizador de tejidos \u00fanico que combina su nivel de precisi\u00f3n \u00f3ptica con un poderoso software capaz de realizar m\u00faltiples an\u00e1lisis de im\u00e1genes al mismo tiempo, con el apoyo de algoritmos e IA. Su uso principal apunta al sector de la salud, como el estudio celular, pero tambi\u00e9n tiene aplicaciones en otras \u00e1reas como la ciencia de materiales, que permite estudiar sus propiedades y estructura. UFRO abrir\u00e1 su uso en forma gratuita para las otras universidades de la regi\u00f3n y del pa\u00eds, que lo requieran.<\/em><\/p>\n\n\n\n<p>&nbsp;&#8220;TissueFAXS i Plus\u201d es el nombre del poderoso microscopio, \u00fanico en Chile que acaba de adquirir la Universidad de La Frontera a trav\u00e9s del IX Concurso de Equipamiento Cient\u00edfico y Tecnol\u00f3gico mediano FONDEQUIP 2020, de la Agencia Nacional de Investigaci\u00f3n y Desarrollo (ANID). Se trata del tercero disponible en Latinoam\u00e9rica y el primero fuera de Brasil, ya que los otros dos pertenecen a la Universidad de Sao Paulo.<\/p>\n\n\n\n<p>Este instrumento destaca por su precisi\u00f3n para el diagn\u00f3stico de c\u00e1ncer, en virtud del an\u00e1lisis que otorga a nivel de las c\u00e9lulas cancer\u00edgenas de distintos tipos de patolog\u00edas. Igualmente tiene aplicaciones en el estudio de enfermedades autoinmunes y en estudios de fertilidad animal y humana.<\/p>\n\n\n\n<p>Este microscopio posee fluorescencia combinada (es decir, al que se le adapta un accesorio luminoso que permite marcar y detectar los objetos de estudio), y presenta una serie de caracter\u00edsticas que lo diferencian de los otros de su clase.&nbsp;<\/p>\n\n\n\n<p>Ello, porque combina precisi\u00f3n con un software \u00fanico que permite realizar m\u00faltiples an\u00e1lisis de im\u00e1genes al mismo tiempo con el apoyo de algoritmos e inteligencia artificial.&nbsp; El resultado son mejores im\u00e1genes y resultados m\u00e1s r\u00e1pidos y precisos.<\/p>\n\n\n\n<p>\u201cMientras en un microscopio normal se coloca la muestra y solo se obtiene una imagen, que despu\u00e9s debo llevar a un computador aparte que cuente con el software para analizarla, este equipo hace todo el trabajo autom\u00e1ticamente\u201d, explica el acad\u00e9mico de la Facultad de Odontolog\u00eda e investigador del Centro de Excelencia en Estudios Morfol\u00f3gicos y Quir\u00fargicos (CEMyQ) de UFRO, doctor Nicol\u00e1s Ottone, quien dirigi\u00f3 el proyecto que permiti\u00f3 adquirir el instrumental.<\/p>\n\n\n\n<p>El equipo de an\u00e1lisis potenciar\u00e1 el desarrollo de las l\u00edneas de investigaci\u00f3n asociadas a las Ciencias Morfol\u00f3gicas, Reproducci\u00f3n Humana y Animal, Biolog\u00eda Celular y Molecular, Patolog\u00eda Molecular, Medicina Traslacional, Ciencias M\u00e9dicas, F\u00edsica Biom\u00e9dica y Acuicultura, fomentando la producci\u00f3n cient\u00edfica de gran impacto y fortaleciendo dichas \u00e1reas en seis programas de postgrado de la UFRO.<\/p>\n\n\n\n<p>Para conseguir su particular rendimiento, el TissueFAXS i Plus funciona con un computador en paralelo. \u201cPor ejemplo, si ingreso al software y le digo que quiero ver los n\u00facleos de las c\u00e9lulas en espec\u00edfico, analiza, los cuenta y entrega resultados inmediatos. En el sistema cl\u00e1sico uno tiene que realizar mayor cantidad de pasos para obtener el mismo resultado\u201d, compara el doctor Ottone, quien es director de Postgrado e Investigaci\u00f3n de la facultad de Odontolog\u00eda y profesor asociado de la UFRO.<\/p>\n\n\n\n<p>El equipo est\u00e1 instalado en el CEMyQ desde principios de abril y actualmente se encuentra en proceso de calibraci\u00f3n y pruebas preliminares. \u201cEst\u00e1n viniendo todos los d\u00edas investigadores a probar el equipo\u201d, dice.&nbsp;<\/p>\n\n\n\n<p>El equipo, que tuvo un costo de 280 millones de pesos, no s\u00f3lo favorecer\u00e1 a la investigaci\u00f3n de la UFRO sino que tambi\u00e9n a investigadores externos ya que est\u00e1 abierto su uso en forma gratuita para las otras universidades de la regi\u00f3n y del pa\u00eds. \u201cSi bien el equipo nos lo adjudicamos en la Universidad de La Frontera, su uso estar\u00e1 disponible tambi\u00e9n para investigadores externos a la UFRO, con el objetivo de potenciar la investigaci\u00f3n colaborativa e interdisciplinaria en el Sur de Chile y todo el pa\u00eds. De esta manera, con el uso de este equipo se buscar\u00e1 mejorar la calidad de la investigaci\u00f3n, lo cual es uno de los objetivos principales de este concurso de ANID\u201d, dice el doctor Ottone.<\/p>\n\n\n\n<p>Para abrir esta puerta a la investigaci\u00f3n cient\u00edfica nacional, generaron un sitio web para que los interesados puedan conocer la disponibilidad y pedir turnos de acuerdo con sus necesidades (<a href=\"http:\/\/www.tissuecytometry.com\/\" target=\"_blank\" rel=\"noreferrer noopener\">www.tissuecytometry.com<\/a>).<\/p>\n\n\n\n<p>El doctor Ottone no descarta que los investigadores puedan operar en el futuro el equipo remotamente, tal como se hace con los grandes telescopios. De hecho, la mantenci\u00f3n que hacen t\u00e9cnicos austriacos la realizan por esta v\u00eda. \u201cUn investigador tambi\u00e9n podr\u00eda trabajar remotamente, pero tendr\u00eda que enviar las muestras, porque deben ser escaneadas aqu\u00ed\u201d, explica.<\/p>\n\n\n\n<p>\u201cComo la principal universidad estatal de regiones, buscamos con este proyecto reforzar el aporte que desde las ciencias y la investigaci\u00f3n podemos entregarle al pa\u00eds. En este caso, las capacidades de este cit\u00f3metro de tejidos ofrecen a los investigadores inmejorables ventajas que repercutir\u00e1n directamente en los resultados posibles de alcanzar y que podr\u00e1n trasladarse a su vez a la comunidad&#8221;, detall\u00f3 el Vicerrector de Investigaci\u00f3n y Postgrado de UFRO, Dr. Rodrigo Navia.<\/p>\n\n\n\n<p>La colaboraci\u00f3n internacional tambi\u00e9n se ver\u00e1 fortalecida, especialmente con universidades y centros de investigaci\u00f3n de Brasil, Alemania y Espa\u00f1a, que apoyaron la postulaci\u00f3n de este proyecto FONDEQUIP, espec\u00edficamente la Universidad de Giessen (Alemania); el Centro Androgen en Espa\u00f1a; Universidade do Estado do Rio de Janeiro; y Universidade de S\u00e3o Paulo.<\/p>\n\n\n\n<p>M\u00e1s all\u00e1 del \u00e1rea de la Salud, el TissueFAXS i Plus tiene un potencial para abrir y desarrollar nuevas l\u00edneas de investigaci\u00f3n, destaca el especialista. \u201cHicimos un workshop de entrenamiento inicial y nos visit\u00f3 un acad\u00e9mico de la Universidad de S\u00e3o Paulo que nos coment\u00f3 que tambi\u00e9n puede usarse en ciencia de materiales (que permite estudiar sus propiedades y estructura), u otro tipo de equipo de alta complejidad que requiera esta clase de microscop\u00eda\u201d.<\/p>\n","protected":false},"excerpt":{"rendered":"<div class=\"pvc_clear\"><\/div>\n<p id=\"pvc_stats_34782\" class=\"pvc_stats total_only  \" data-element-id=\"34782\" style=\"\"><i class=\"pvc-stats-icon large\" aria-hidden=\"true\"><svg aria-hidden=\"true\" focusable=\"false\" data-prefix=\"far\" data-icon=\"chart-bar\" role=\"img\" xmlns=\"http:\/\/www.w3.org\/2000\/svg\" viewBox=\"0 0 512 512\" class=\"svg-inline--fa fa-chart-bar fa-w-16 fa-2x\"><path fill=\"currentColor\" d=\"M396.8 352h22.4c6.4 0 12.8-6.4 12.8-12.8V108.8c0-6.4-6.4-12.8-12.8-12.8h-22.4c-6.4 0-12.8 6.4-12.8 12.8v230.4c0 6.4 6.4 12.8 12.8 12.8zm-192 0h22.4c6.4 0 12.8-6.4 12.8-12.8V140.8c0-6.4-6.4-12.8-12.8-12.8h-22.4c-6.4 0-12.8 6.4-12.8 12.8v198.4c0 6.4 6.4 12.8 12.8 12.8zm96 0h22.4c6.4 0 12.8-6.4 12.8-12.8V204.8c0-6.4-6.4-12.8-12.8-12.8h-22.4c-6.4 0-12.8 6.4-12.8 12.8v134.4c0 6.4 6.4 12.8 12.8 12.8zM496 400H48V80c0-8.84-7.16-16-16-16H16C7.16 64 0 71.16 0 80v336c0 17.67 14.33 32 32 32h464c8.84 0 16-7.16 16-16v-16c0-8.84-7.16-16-16-16zm-387.2-48h22.4c6.4 0 12.8-6.4 12.8-12.8v-70.4c0-6.4-6.4-12.8-12.8-12.8h-22.4c-6.4 0-12.8 6.4-12.8 12.8v70.4c0 6.4 6.4 12.8 12.8 12.8z\" class=\"\"><\/path><\/svg><\/i> <img loading=\"lazy\" decoding=\"async\" width=\"16\" height=\"16\" alt=\"Loading\" src=\"https:\/\/temucotelevision.cl\/web\/wp-content\/plugins\/page-views-count\/ajax-loader-2x.gif\" border=0 \/><\/p>\n<div class=\"pvc_clear\"><\/div>\n<p>Se trata del tercer equipo de este tipo disponible en Latinoam\u00e9rica: un analizador de tejidos \u00fanico que combina su nivel<\/p>\n","protected":false},"author":1,"featured_media":34783,"comment_status":"open","ping_status":"open","sticky":false,"template":"","format":"standard","meta":{"colormag_page_container_layout":"default_layout","colormag_page_sidebar_layout":"default_layout","footnotes":""},"categories":[14],"tags":[4075,1914,991,1451,5741],"class_list":["post-34782","post","type-post","status-publish","format-standard","has-post-thumbnail","hentry","category-temuco","tag-artificial","tag-cancer","tag-enfermedades","tag-inteligencia","tag-microscopio"],"a3_pvc":{"activated":true,"total_views":105,"today_views":0},"_links":{"self":[{"href":"https:\/\/temucotelevision.cl\/web\/wp-json\/wp\/v2\/posts\/34782","targetHints":{"allow":["GET"]}}],"collection":[{"href":"https:\/\/temucotelevision.cl\/web\/wp-json\/wp\/v2\/posts"}],"about":[{"href":"https:\/\/temucotelevision.cl\/web\/wp-json\/wp\/v2\/types\/post"}],"author":[{"embeddable":true,"href":"https:\/\/temucotelevision.cl\/web\/wp-json\/wp\/v2\/users\/1"}],"replies":[{"embeddable":true,"href":"https:\/\/temucotelevision.cl\/web\/wp-json\/wp\/v2\/comments?post=34782"}],"version-history":[{"count":1,"href":"https:\/\/temucotelevision.cl\/web\/wp-json\/wp\/v2\/posts\/34782\/revisions"}],"predecessor-version":[{"id":34784,"href":"https:\/\/temucotelevision.cl\/web\/wp-json\/wp\/v2\/posts\/34782\/revisions\/34784"}],"wp:featuredmedia":[{"embeddable":true,"href":"https:\/\/temucotelevision.cl\/web\/wp-json\/wp\/v2\/media\/34783"}],"wp:attachment":[{"href":"https:\/\/temucotelevision.cl\/web\/wp-json\/wp\/v2\/media?parent=34782"}],"wp:term":[{"taxonomy":"category","embeddable":true,"href":"https:\/\/temucotelevision.cl\/web\/wp-json\/wp\/v2\/categories?post=34782"},{"taxonomy":"post_tag","embeddable":true,"href":"https:\/\/temucotelevision.cl\/web\/wp-json\/wp\/v2\/tags?post=34782"}],"curies":[{"name":"wp","href":"https:\/\/api.w.org\/{rel}","templated":true}]}}