{"id":34779,"date":"2022-08-27T20:40:37","date_gmt":"2022-08-27T23:40:37","guid":{"rendered":"https:\/\/temucotelevision.cl\/web\/?p=34779"},"modified":"2022-08-27T20:40:38","modified_gmt":"2022-08-27T23:40:38","slug":"en-la-araucania-autoridades-coordinan-medidas-de-seguridad-por-plebiscito-2022","status":"publish","type":"post","link":"https:\/\/temucotelevision.cl\/web\/2022\/08\/27\/en-la-araucania-autoridades-coordinan-medidas-de-seguridad-por-plebiscito-2022\/","title":{"rendered":"En La Araucan\u00eda autoridades coordinan medidas de seguridad por Plebiscito 2022"},"content":{"rendered":"<div class=\"pvc_clear\"><\/div><p id=\"pvc_stats_34779\" class=\"pvc_stats total_only  \" data-element-id=\"34779\" style=\"\"><i class=\"pvc-stats-icon large\" aria-hidden=\"true\"><svg aria-hidden=\"true\" focusable=\"false\" data-prefix=\"far\" data-icon=\"chart-bar\" role=\"img\" xmlns=\"http:\/\/www.w3.org\/2000\/svg\" viewBox=\"0 0 512 512\" class=\"svg-inline--fa fa-chart-bar fa-w-16 fa-2x\"><path fill=\"currentColor\" d=\"M396.8 352h22.4c6.4 0 12.8-6.4 12.8-12.8V108.8c0-6.4-6.4-12.8-12.8-12.8h-22.4c-6.4 0-12.8 6.4-12.8 12.8v230.4c0 6.4 6.4 12.8 12.8 12.8zm-192 0h22.4c6.4 0 12.8-6.4 12.8-12.8V140.8c0-6.4-6.4-12.8-12.8-12.8h-22.4c-6.4 0-12.8 6.4-12.8 12.8v198.4c0 6.4 6.4 12.8 12.8 12.8zm96 0h22.4c6.4 0 12.8-6.4 12.8-12.8V204.8c0-6.4-6.4-12.8-12.8-12.8h-22.4c-6.4 0-12.8 6.4-12.8 12.8v134.4c0 6.4 6.4 12.8 12.8 12.8zM496 400H48V80c0-8.84-7.16-16-16-16H16C7.16 64 0 71.16 0 80v336c0 17.67 14.33 32 32 32h464c8.84 0 16-7.16 16-16v-16c0-8.84-7.16-16-16-16zm-387.2-48h22.4c6.4 0 12.8-6.4 12.8-12.8v-70.4c0-6.4-6.4-12.8-12.8-12.8h-22.4c-6.4 0-12.8 6.4-12.8 12.8v70.4c0 6.4 6.4 12.8 12.8 12.8z\" class=\"\"><\/path><\/svg><\/i> <img loading=\"lazy\" decoding=\"async\" width=\"16\" height=\"16\" alt=\"Loading\" src=\"https:\/\/temucotelevision.cl\/web\/wp-content\/plugins\/page-views-count\/ajax-loader-2x.gif\" border=0 \/><\/p><div class=\"pvc_clear\"><\/div>\n<p>El pr\u00f3ximo 4 de septiembre se desarrollar\u00e1 el plebiscito constitucional, que permitir\u00e1 al electorado, elegir si aprueba o rechaza el texto propuesto por la Convenci\u00f3n Constitucional.<\/p>\n\n\n\n<p>Con el objetivo de coordinar diversos aspectos log\u00edsticos para el correcto desarrollo del Plebiscito Constitucional 2022, que se ejecutar\u00e1 en la Regi\u00f3n de La Araucan\u00eda, se realiz\u00f3 en dependencias del Destacamento de Monta\u00f1a N\u00b08 \u201cTucapel\u201d, una reuni\u00f3n inicial de coordinaci\u00f3n, en la que participaron representantes de todas las instituciones involucradas en este proceso democr\u00e1tico.<\/p>\n\n\n\n<p>En ese sentido, la reuni\u00f3n convoc\u00f3 la participaci\u00f3n del Ej\u00e9rcito, Carabineros, Polic\u00eda de Investigaciones, Servel, Seremi de Transportes y de la Delegaci\u00f3n Presidencial Regional.<\/p>\n\n\n\n<p>Por su parte, el delegado presidencial, Ra\u00fal Allard, destac\u00f3 la preparaci\u00f3n de las Fuerzas Armadas y de Orden para asegurar el normal desarrollo de las pr\u00f3ximas elecciones. \u201cLas instituciones est\u00e1n preparadas, lo han demostrado en el Estado de Excepci\u00f3n y en procesos eleccionarios anteriores, por lo cual estamos seguros que podremos cumplir con este desaf\u00edo, y estamos realizando las coordinaciones necesarias junto al Servel para que este plebiscito salga de la mejor manera posible\u201d.<\/p>\n\n\n\n<p>En la ocasi\u00f3n, el jefe de Defensa Nacional para la Regi\u00f3n de La Araucan\u00eda, general Edward Slater, manifest\u00f3 que la importancia de esta reuni\u00f3n radica en exponer c\u00f3mo se est\u00e1 organizando y ser\u00e1 desplegada la fuerza militar, as\u00ed como las medidas de seguridad que se est\u00e1n adoptando para que las personas puedan ir a votar sin inconvenientes el pr\u00f3ximo 4 de septiembre.<\/p>\n\n\n\n<p>Para ello, recalc\u00f3 que \u201cvamos a recibir un refuerzo adicional de personal, lo que nos permitir\u00e1 cumplir con una dualidad de funciones, es decir, con las misiones que emanan del Estado de Excepci\u00f3n Constitucional y con aquellas que permitan resguardar la seguridad al interior de los locales de votaci\u00f3n\u201d.&nbsp;<\/p>\n\n\n\n<p>Por su parte el jefe de la IX Zona de Carabineros, general Manuel Cifuentes, detall\u00f3 el procedimiento de seguridad que efectuar\u00e1n antes, durante y despu\u00e9s del proceso eleccionario.<\/p>\n\n\n\n<p>Al t\u00e9rmino de la reuni\u00f3n, el Director Regional del Servel, Carlos Zurita, afirm\u00f3 que \u201cesta reuni\u00f3n fue relevante por las caracter\u00edsticas que tenemos como regi\u00f3n\u201d, y junto con lo anterior, destac\u00f3 el trabajo en conjunto que se efect\u00faa.<\/p>\n\n\n\n<p>\u201cSiempre hemos mantenido una estrecha relaci\u00f3n y coordinaci\u00f3n con el Ej\u00e9rcito y Carabineros, tanto para asegurar el traslado del material electoral, como para el resguardo de la seguridad al interior y exterior de los locales de votaci\u00f3n, que en esta oportunidad alcanzan los 2.297\u201d, concluy\u00f3 el director del Servel.<\/p>\n","protected":false},"excerpt":{"rendered":"<div class=\"pvc_clear\"><\/div>\n<p id=\"pvc_stats_34779\" class=\"pvc_stats total_only  \" data-element-id=\"34779\" style=\"\"><i class=\"pvc-stats-icon large\" aria-hidden=\"true\"><svg aria-hidden=\"true\" focusable=\"false\" data-prefix=\"far\" data-icon=\"chart-bar\" role=\"img\" xmlns=\"http:\/\/www.w3.org\/2000\/svg\" viewBox=\"0 0 512 512\" class=\"svg-inline--fa fa-chart-bar fa-w-16 fa-2x\"><path fill=\"currentColor\" d=\"M396.8 352h22.4c6.4 0 12.8-6.4 12.8-12.8V108.8c0-6.4-6.4-12.8-12.8-12.8h-22.4c-6.4 0-12.8 6.4-12.8 12.8v230.4c0 6.4 6.4 12.8 12.8 12.8zm-192 0h22.4c6.4 0 12.8-6.4 12.8-12.8V140.8c0-6.4-6.4-12.8-12.8-12.8h-22.4c-6.4 0-12.8 6.4-12.8 12.8v198.4c0 6.4 6.4 12.8 12.8 12.8zm96 0h22.4c6.4 0 12.8-6.4 12.8-12.8V204.8c0-6.4-6.4-12.8-12.8-12.8h-22.4c-6.4 0-12.8 6.4-12.8 12.8v134.4c0 6.4 6.4 12.8 12.8 12.8zM496 400H48V80c0-8.84-7.16-16-16-16H16C7.16 64 0 71.16 0 80v336c0 17.67 14.33 32 32 32h464c8.84 0 16-7.16 16-16v-16c0-8.84-7.16-16-16-16zm-387.2-48h22.4c6.4 0 12.8-6.4 12.8-12.8v-70.4c0-6.4-6.4-12.8-12.8-12.8h-22.4c-6.4 0-12.8 6.4-12.8 12.8v70.4c0 6.4 6.4 12.8 12.8 12.8z\" class=\"\"><\/path><\/svg><\/i> <img loading=\"lazy\" decoding=\"async\" width=\"16\" height=\"16\" alt=\"Loading\" src=\"https:\/\/temucotelevision.cl\/web\/wp-content\/plugins\/page-views-count\/ajax-loader-2x.gif\" border=0 \/><\/p>\n<div class=\"pvc_clear\"><\/div>\n<p>El pr\u00f3ximo 4 de septiembre se desarrollar\u00e1 el plebiscito constitucional, que permitir\u00e1 al electorado, elegir si aprueba o rechaza el<\/p>\n","protected":false},"author":1,"featured_media":34780,"comment_status":"open","ping_status":"open","sticky":false,"template":"","format":"standard","meta":{"colormag_page_container_layout":"default_layout","colormag_page_sidebar_layout":"default_layout","footnotes":""},"categories":[15],"tags":[745,4166,2117,399,1686],"class_list":["post-34779","post","type-post","status-publish","format-standard","has-post-thumbnail","hentry","category-la-araucania","tag-autoridades","tag-destacamento","tag-plebiscito","tag-seguridad","tag-septiembre"],"a3_pvc":{"activated":true,"total_views":49,"today_views":0},"_links":{"self":[{"href":"https:\/\/temucotelevision.cl\/web\/wp-json\/wp\/v2\/posts\/34779","targetHints":{"allow":["GET"]}}],"collection":[{"href":"https:\/\/temucotelevision.cl\/web\/wp-json\/wp\/v2\/posts"}],"about":[{"href":"https:\/\/temucotelevision.cl\/web\/wp-json\/wp\/v2\/types\/post"}],"author":[{"embeddable":true,"href":"https:\/\/temucotelevision.cl\/web\/wp-json\/wp\/v2\/users\/1"}],"replies":[{"embeddable":true,"href":"https:\/\/temucotelevision.cl\/web\/wp-json\/wp\/v2\/comments?post=34779"}],"version-history":[{"count":1,"href":"https:\/\/temucotelevision.cl\/web\/wp-json\/wp\/v2\/posts\/34779\/revisions"}],"predecessor-version":[{"id":34781,"href":"https:\/\/temucotelevision.cl\/web\/wp-json\/wp\/v2\/posts\/34779\/revisions\/34781"}],"wp:featuredmedia":[{"embeddable":true,"href":"https:\/\/temucotelevision.cl\/web\/wp-json\/wp\/v2\/media\/34780"}],"wp:attachment":[{"href":"https:\/\/temucotelevision.cl\/web\/wp-json\/wp\/v2\/media?parent=34779"}],"wp:term":[{"taxonomy":"category","embeddable":true,"href":"https:\/\/temucotelevision.cl\/web\/wp-json\/wp\/v2\/categories?post=34779"},{"taxonomy":"post_tag","embeddable":true,"href":"https:\/\/temucotelevision.cl\/web\/wp-json\/wp\/v2\/tags?post=34779"}],"curies":[{"name":"wp","href":"https:\/\/api.w.org\/{rel}","templated":true}]}}