{"id":34773,"date":"2022-08-27T19:11:58","date_gmt":"2022-08-27T22:11:58","guid":{"rendered":"https:\/\/temucotelevision.cl\/web\/?p=34773"},"modified":"2022-08-27T19:11:58","modified_gmt":"2022-08-27T22:11:58","slug":"alumnos-de-pucon-disfrutaron-de-obra-que-narra-parte-de-la-historia-de-chile","status":"publish","type":"post","link":"https:\/\/temucotelevision.cl\/web\/2022\/08\/27\/alumnos-de-pucon-disfrutaron-de-obra-que-narra-parte-de-la-historia-de-chile\/","title":{"rendered":"Alumnos de Puc\u00f3n disfrutaron de obra que narra parte de la Historia de Chile"},"content":{"rendered":"<div class=\"pvc_clear\"><\/div><p id=\"pvc_stats_34773\" class=\"pvc_stats total_only  \" data-element-id=\"34773\" style=\"\"><i class=\"pvc-stats-icon large\" aria-hidden=\"true\"><svg aria-hidden=\"true\" focusable=\"false\" data-prefix=\"far\" data-icon=\"chart-bar\" role=\"img\" xmlns=\"http:\/\/www.w3.org\/2000\/svg\" viewBox=\"0 0 512 512\" class=\"svg-inline--fa fa-chart-bar fa-w-16 fa-2x\"><path fill=\"currentColor\" d=\"M396.8 352h22.4c6.4 0 12.8-6.4 12.8-12.8V108.8c0-6.4-6.4-12.8-12.8-12.8h-22.4c-6.4 0-12.8 6.4-12.8 12.8v230.4c0 6.4 6.4 12.8 12.8 12.8zm-192 0h22.4c6.4 0 12.8-6.4 12.8-12.8V140.8c0-6.4-6.4-12.8-12.8-12.8h-22.4c-6.4 0-12.8 6.4-12.8 12.8v198.4c0 6.4 6.4 12.8 12.8 12.8zm96 0h22.4c6.4 0 12.8-6.4 12.8-12.8V204.8c0-6.4-6.4-12.8-12.8-12.8h-22.4c-6.4 0-12.8 6.4-12.8 12.8v134.4c0 6.4 6.4 12.8 12.8 12.8zM496 400H48V80c0-8.84-7.16-16-16-16H16C7.16 64 0 71.16 0 80v336c0 17.67 14.33 32 32 32h464c8.84 0 16-7.16 16-16v-16c0-8.84-7.16-16-16-16zm-387.2-48h22.4c6.4 0 12.8-6.4 12.8-12.8v-70.4c0-6.4-6.4-12.8-12.8-12.8h-22.4c-6.4 0-12.8 6.4-12.8 12.8v70.4c0 6.4 6.4 12.8 12.8 12.8z\" class=\"\"><\/path><\/svg><\/i> <img loading=\"lazy\" decoding=\"async\" width=\"16\" height=\"16\" alt=\"Loading\" src=\"https:\/\/temucotelevision.cl\/web\/wp-content\/plugins\/page-views-count\/ajax-loader-2x.gif\" border=0 \/><\/p><div class=\"pvc_clear\"><\/div>\n<p>Con un gran marco de p\u00fablico se present\u00f3 en colegios municipales la obra \u201cTraves\u00eda\u201d de la compa\u00f1\u00eda de teatro Achen, quienes se adjudicaron un proyecto Fondart para el desarrollo de esta obra que hace una narraci\u00f3n de parte de la historia de Chile.&nbsp;<\/p>\n\n\n\n<p>La obra fue presentada en la escuela Carileufu, el pasado lunes y este mi\u00e9rcoles se efectu\u00f3 en el Complejo Educacional Carlos Holzapfel, haciendo dos presentaciones por establecimiento, una para las comunidades escolares y una segunda para el p\u00fablico en general, ocasi\u00f3n donde asistieron docentes, j\u00f3venes, asistentes de la educaci\u00f3n, padres y apoderados, quienes agradecieron esta oportunidad de presenciar un gran trabajo teatral, que con aplausos entregaron su reconocimiento a los actores de la compa\u00f1\u00eda.<\/p>\n\n\n\n<p>La Coordinadora de Arte y Cultura del Departamento de Educaci\u00f3n, Bel\u00e9n Arratia coment\u00f3 que fue una experiencia maravillosa. \u201c Las familias agradecieron que se generen estos espacios de cultura, los cuales creemos que hay que seguir potenciando para poder integrar en las familias todo lo relacionado con el arte y la cultura\u201d, concluy\u00f3 la profesional.<\/p>\n","protected":false},"excerpt":{"rendered":"<div class=\"pvc_clear\"><\/div>\n<p id=\"pvc_stats_34773\" class=\"pvc_stats total_only  \" data-element-id=\"34773\" style=\"\"><i class=\"pvc-stats-icon large\" aria-hidden=\"true\"><svg aria-hidden=\"true\" focusable=\"false\" data-prefix=\"far\" data-icon=\"chart-bar\" role=\"img\" xmlns=\"http:\/\/www.w3.org\/2000\/svg\" viewBox=\"0 0 512 512\" class=\"svg-inline--fa fa-chart-bar fa-w-16 fa-2x\"><path fill=\"currentColor\" d=\"M396.8 352h22.4c6.4 0 12.8-6.4 12.8-12.8V108.8c0-6.4-6.4-12.8-12.8-12.8h-22.4c-6.4 0-12.8 6.4-12.8 12.8v230.4c0 6.4 6.4 12.8 12.8 12.8zm-192 0h22.4c6.4 0 12.8-6.4 12.8-12.8V140.8c0-6.4-6.4-12.8-12.8-12.8h-22.4c-6.4 0-12.8 6.4-12.8 12.8v198.4c0 6.4 6.4 12.8 12.8 12.8zm96 0h22.4c6.4 0 12.8-6.4 12.8-12.8V204.8c0-6.4-6.4-12.8-12.8-12.8h-22.4c-6.4 0-12.8 6.4-12.8 12.8v134.4c0 6.4 6.4 12.8 12.8 12.8zM496 400H48V80c0-8.84-7.16-16-16-16H16C7.16 64 0 71.16 0 80v336c0 17.67 14.33 32 32 32h464c8.84 0 16-7.16 16-16v-16c0-8.84-7.16-16-16-16zm-387.2-48h22.4c6.4 0 12.8-6.4 12.8-12.8v-70.4c0-6.4-6.4-12.8-12.8-12.8h-22.4c-6.4 0-12.8 6.4-12.8 12.8v70.4c0 6.4 6.4 12.8 12.8 12.8z\" class=\"\"><\/path><\/svg><\/i> <img loading=\"lazy\" decoding=\"async\" width=\"16\" height=\"16\" alt=\"Loading\" src=\"https:\/\/temucotelevision.cl\/web\/wp-content\/plugins\/page-views-count\/ajax-loader-2x.gif\" border=0 \/><\/p>\n<div class=\"pvc_clear\"><\/div>\n<p>Con un gran marco de p\u00fablico se present\u00f3 en colegios municipales la obra \u201cTraves\u00eda\u201d de la compa\u00f1\u00eda de teatro Achen,<\/p>\n","protected":false},"author":1,"featured_media":34774,"comment_status":"open","ping_status":"open","sticky":false,"template":"","format":"standard","meta":{"colormag_page_container_layout":"default_layout","colormag_page_sidebar_layout":"default_layout","footnotes":""},"categories":[86],"tags":[151,925,161,283],"class_list":["post-34773","post","type-post","status-publish","format-standard","has-post-thumbnail","hentry","category-panoramas","tag-alumnos","tag-obra","tag-pucon","tag-teatro"],"a3_pvc":{"activated":true,"total_views":63,"today_views":0},"_links":{"self":[{"href":"https:\/\/temucotelevision.cl\/web\/wp-json\/wp\/v2\/posts\/34773","targetHints":{"allow":["GET"]}}],"collection":[{"href":"https:\/\/temucotelevision.cl\/web\/wp-json\/wp\/v2\/posts"}],"about":[{"href":"https:\/\/temucotelevision.cl\/web\/wp-json\/wp\/v2\/types\/post"}],"author":[{"embeddable":true,"href":"https:\/\/temucotelevision.cl\/web\/wp-json\/wp\/v2\/users\/1"}],"replies":[{"embeddable":true,"href":"https:\/\/temucotelevision.cl\/web\/wp-json\/wp\/v2\/comments?post=34773"}],"version-history":[{"count":1,"href":"https:\/\/temucotelevision.cl\/web\/wp-json\/wp\/v2\/posts\/34773\/revisions"}],"predecessor-version":[{"id":34775,"href":"https:\/\/temucotelevision.cl\/web\/wp-json\/wp\/v2\/posts\/34773\/revisions\/34775"}],"wp:featuredmedia":[{"embeddable":true,"href":"https:\/\/temucotelevision.cl\/web\/wp-json\/wp\/v2\/media\/34774"}],"wp:attachment":[{"href":"https:\/\/temucotelevision.cl\/web\/wp-json\/wp\/v2\/media?parent=34773"}],"wp:term":[{"taxonomy":"category","embeddable":true,"href":"https:\/\/temucotelevision.cl\/web\/wp-json\/wp\/v2\/categories?post=34773"},{"taxonomy":"post_tag","embeddable":true,"href":"https:\/\/temucotelevision.cl\/web\/wp-json\/wp\/v2\/tags?post=34773"}],"curies":[{"name":"wp","href":"https:\/\/api.w.org\/{rel}","templated":true}]}}