{"id":34769,"date":"2022-08-27T18:41:53","date_gmt":"2022-08-27T21:41:53","guid":{"rendered":"https:\/\/temucotelevision.cl\/web\/?p=34769"},"modified":"2022-08-27T18:41:54","modified_gmt":"2022-08-27T21:41:54","slug":"seremi-de-las-culturas-impulsa-trabajo-colaborativo-con-representantes-de-espacios-culturales-autogestionados-de-la-araucania","status":"publish","type":"post","link":"https:\/\/temucotelevision.cl\/web\/2022\/08\/27\/seremi-de-las-culturas-impulsa-trabajo-colaborativo-con-representantes-de-espacios-culturales-autogestionados-de-la-araucania\/","title":{"rendered":"Seremi de las Culturas impulsa trabajo colaborativo con representantes de espacios culturales autogestionados de La Araucan\u00eda"},"content":{"rendered":"<div class=\"pvc_clear\"><\/div><p id=\"pvc_stats_34769\" class=\"pvc_stats total_only  \" data-element-id=\"34769\" style=\"\"><i class=\"pvc-stats-icon large\" aria-hidden=\"true\"><svg aria-hidden=\"true\" focusable=\"false\" data-prefix=\"far\" data-icon=\"chart-bar\" role=\"img\" xmlns=\"http:\/\/www.w3.org\/2000\/svg\" viewBox=\"0 0 512 512\" class=\"svg-inline--fa fa-chart-bar fa-w-16 fa-2x\"><path fill=\"currentColor\" d=\"M396.8 352h22.4c6.4 0 12.8-6.4 12.8-12.8V108.8c0-6.4-6.4-12.8-12.8-12.8h-22.4c-6.4 0-12.8 6.4-12.8 12.8v230.4c0 6.4 6.4 12.8 12.8 12.8zm-192 0h22.4c6.4 0 12.8-6.4 12.8-12.8V140.8c0-6.4-6.4-12.8-12.8-12.8h-22.4c-6.4 0-12.8 6.4-12.8 12.8v198.4c0 6.4 6.4 12.8 12.8 12.8zm96 0h22.4c6.4 0 12.8-6.4 12.8-12.8V204.8c0-6.4-6.4-12.8-12.8-12.8h-22.4c-6.4 0-12.8 6.4-12.8 12.8v134.4c0 6.4 6.4 12.8 12.8 12.8zM496 400H48V80c0-8.84-7.16-16-16-16H16C7.16 64 0 71.16 0 80v336c0 17.67 14.33 32 32 32h464c8.84 0 16-7.16 16-16v-16c0-8.84-7.16-16-16-16zm-387.2-48h22.4c6.4 0 12.8-6.4 12.8-12.8v-70.4c0-6.4-6.4-12.8-12.8-12.8h-22.4c-6.4 0-12.8 6.4-12.8 12.8v70.4c0 6.4 6.4 12.8 12.8 12.8z\" class=\"\"><\/path><\/svg><\/i> <img loading=\"lazy\" decoding=\"async\" width=\"16\" height=\"16\" alt=\"Loading\" src=\"https:\/\/temucotelevision.cl\/web\/wp-content\/plugins\/page-views-count\/ajax-loader-2x.gif\" border=0 \/><\/p><div class=\"pvc_clear\"><\/div>\n<p>\u00b7&nbsp;&nbsp;&nbsp;&nbsp;&nbsp;&nbsp;&nbsp;&nbsp;&nbsp;<strong>La jornada se desarroll\u00f3 en Temuco como una instancia de trabajo que busca elaborar un diagn\u00f3stico de estos espacios que han surgido con fuerza en la regi\u00f3n.<\/strong><\/p>\n\n\n\n<p>Un in\u00e9dito encuentro con representantes de espacios culturales autogestionados de la regi\u00f3n encabez\u00f3 la seremi de las Culturas Jeannette Paillan. Participaron 16 organizaciones provenientes de 7 comunas de la regi\u00f3n: Villarrica, Puc\u00f3n, Angol, Curarrehue, Victoria, Carahue y Temuco. En total 21 personas que tuvieron la oportunidad de conocer e intercambiar experiencias, aproximarse a la gesti\u00f3n institucional de la Secretar\u00eda y proyectar un trabajo colaborativo que permita fortalecer la labor de cada espacio, as\u00ed como aportar a la reactivaci\u00f3n del sector.<\/p>\n\n\n\n<p>La actividad se realiz\u00f3 en el Pabell\u00f3n Araucan\u00eda, como parte del Programa de Fortalecimiento de la Identidad Cultural Regional FICR de la Unidad de Ciudadan\u00eda Cultural de esta cartera, con el objetivo de diagnosticar la situaci\u00f3n actual de los espacios culturales autogestionados con fines p\u00fablicos de La Araucan\u00eda, para indagar en las brechas y desaf\u00edos que enfrentan, de manera de impulsar un trabajo conjunto.<\/p>\n\n\n\n<p>Jeannette Paillan, seremi de las Culturas, expres\u00f3 que \u201cfue una jornada enriquecedora, que nos permite por primera vez acercarnos a quienes est\u00e1n trabajando en la autogesti\u00f3n de espacios culturales. Labor que valoramos enormemente, sabemos que no es f\u00e1cil y menos en estos tiempos. No obstante, tenemos la convicci\u00f3n de que la sinergia que podemos construir mediante la colaboraci\u00f3n y articulaci\u00f3n de esfuerzos es primordial y es lo que nos ha pedido el presidente Gabriel Boric: aportar desde los territorios al di\u00e1logo, a la participaci\u00f3n, para sumar a todas y todos quienes forman parte del ecosistema cultural, en este nuevo periodo, en que la cultura es un pilar para el pa\u00eds que queremos cimentar\u201d.&nbsp;<\/p>\n\n\n\n<p><strong>Participantes<\/strong><\/p>\n\n\n\n<p>Entre las asistentes estuvo Francisca Melin, de la Organizaci\u00f3n Comunitaria Oveja Verde de Victoria, la que se form\u00f3 hace unos 10 a\u00f1os en torno a tem\u00e1ticas vinculadas al cuidado del medioambiente, el reciclaje y la educaci\u00f3n. Consiguieron hace 8 a\u00f1os el comodato de un recinto municipal en la comuna, luego de una larga lucha. \u201cEs muy importante que en este Gobierno la cultura est\u00e9 en el lugar en que debe estar, que nos encontremos aqu\u00ed vinculados y en red. Esta actividad genera eso, mecanismos para abordar las particularidades de cada organizaci\u00f3n. Me parece important\u00edsimo que se den estos encuentros, para llevar a la comunidad la mediaci\u00f3n de la cultura\u201d, sostuvo.<\/p>\n\n\n\n<p>La fot\u00f3grafa Leonora Vicu\u00f1a tambi\u00e9n particip\u00f3 en la jornada, como gestora del espacio Puerto Peral de Carahue, que est\u00e1 funcionando desde este a\u00f1o, ya han realizado dos actividades y esta semana cerrar\u00e1n con una residencia el mes de la fotograf\u00eda. En torno a la cita subray\u00f3 que \u201ceste encuentro me parece una iniciativa extraordinaria de parte del Ministerio, creo que es fundamental reunirse con quienes tienen centros culturales y nos abre una posibilidad muy grande de que podamos efectivamente crear lazos en este territorio maravilloso que es La Araucan\u00eda\u201d.<\/p>\n\n\n\n<p>En tanto Dafne Meezs, representante de la Biblioteca comunitaria Guido Eytel de Temuco, ubicada en el espacio que comparten con el Colegio de Periodistas en la Poblaci\u00f3n Jos\u00e9 Miguel Carrera, manifest\u00f3 que \u201cyo creo que esta instancia es de una tremenda riqueza porque aqu\u00ed confluye gente que est\u00e1 moviendo la escena cultural y art\u00edstica desde las bases de la poblaci\u00f3n y con la diversidad que representa cada uno de estos espacios. Tambi\u00e9n nos damos cuenta de que coincidimos en muchos puntos, en muchas necesidades y proyecciones, creo que la relevancia es la riqueza humana y creativa que est\u00e1 aqu\u00ed proyect\u00e1ndose y confluyendo\u201d.<\/p>\n\n\n\n<p>Es importante mencionar que este espacio de encuentro se genera dado que en este \u00faltimo tiempo, en La Araucan\u00eda han surgido diversos espacios culturales autogestionados, d\u00e1ndole nuevos aires a la escena art\u00edstica regional. Lugares de convocatoria especialmente orientados a creadores j\u00f3venes y nuevos p\u00fablicos que desde variadas expresiones art\u00edsticas desarrollan nuevos contenidos, lo que genera oportunidades de vinculaci\u00f3n con la institucionalidad p\u00fablica.<\/p>\n\n\n\n<figure class=\"wp-block-image size-large\"><img loading=\"lazy\" decoding=\"async\" width=\"1024\" height=\"683\" src=\"https:\/\/temucotelevision.cl\/web\/wp-content\/uploads\/2022\/08\/Asistentes-a-la-jornada-1024x683.jpg\" alt=\"\" class=\"wp-image-34771\" srcset=\"https:\/\/temucotelevision.cl\/web\/wp-content\/uploads\/2022\/08\/Asistentes-a-la-jornada-1024x683.jpg 1024w, https:\/\/temucotelevision.cl\/web\/wp-content\/uploads\/2022\/08\/Asistentes-a-la-jornada-768x512.jpg 768w, https:\/\/temucotelevision.cl\/web\/wp-content\/uploads\/2022\/08\/Asistentes-a-la-jornada-1536x1024.jpg 1536w, https:\/\/temucotelevision.cl\/web\/wp-content\/uploads\/2022\/08\/Asistentes-a-la-jornada-2048x1365.jpg 2048w\" sizes=\"auto, (max-width: 1024px) 100vw, 1024px\" \/><\/figure>\n","protected":false},"excerpt":{"rendered":"<div class=\"pvc_clear\"><\/div>\n<p id=\"pvc_stats_34769\" class=\"pvc_stats total_only  \" data-element-id=\"34769\" style=\"\"><i class=\"pvc-stats-icon large\" aria-hidden=\"true\"><svg aria-hidden=\"true\" focusable=\"false\" data-prefix=\"far\" data-icon=\"chart-bar\" role=\"img\" xmlns=\"http:\/\/www.w3.org\/2000\/svg\" viewBox=\"0 0 512 512\" class=\"svg-inline--fa fa-chart-bar fa-w-16 fa-2x\"><path fill=\"currentColor\" d=\"M396.8 352h22.4c6.4 0 12.8-6.4 12.8-12.8V108.8c0-6.4-6.4-12.8-12.8-12.8h-22.4c-6.4 0-12.8 6.4-12.8 12.8v230.4c0 6.4 6.4 12.8 12.8 12.8zm-192 0h22.4c6.4 0 12.8-6.4 12.8-12.8V140.8c0-6.4-6.4-12.8-12.8-12.8h-22.4c-6.4 0-12.8 6.4-12.8 12.8v198.4c0 6.4 6.4 12.8 12.8 12.8zm96 0h22.4c6.4 0 12.8-6.4 12.8-12.8V204.8c0-6.4-6.4-12.8-12.8-12.8h-22.4c-6.4 0-12.8 6.4-12.8 12.8v134.4c0 6.4 6.4 12.8 12.8 12.8zM496 400H48V80c0-8.84-7.16-16-16-16H16C7.16 64 0 71.16 0 80v336c0 17.67 14.33 32 32 32h464c8.84 0 16-7.16 16-16v-16c0-8.84-7.16-16-16-16zm-387.2-48h22.4c6.4 0 12.8-6.4 12.8-12.8v-70.4c0-6.4-6.4-12.8-12.8-12.8h-22.4c-6.4 0-12.8 6.4-12.8 12.8v70.4c0 6.4 6.4 12.8 12.8 12.8z\" class=\"\"><\/path><\/svg><\/i> <img loading=\"lazy\" decoding=\"async\" width=\"16\" height=\"16\" alt=\"Loading\" src=\"https:\/\/temucotelevision.cl\/web\/wp-content\/plugins\/page-views-count\/ajax-loader-2x.gif\" border=0 \/><\/p>\n<div class=\"pvc_clear\"><\/div>\n<p>\u00b7&nbsp;&nbsp;&nbsp;&nbsp;&nbsp;&nbsp;&nbsp;&nbsp;&nbsp;La jornada se desarroll\u00f3 en Temuco como una instancia de trabajo que busca elaborar un diagn\u00f3stico de estos espacios que<\/p>\n","protected":false},"author":1,"featured_media":34770,"comment_status":"open","ping_status":"open","sticky":false,"template":"","format":"standard","meta":{"colormag_page_container_layout":"default_layout","colormag_page_sidebar_layout":"default_layout","footnotes":""},"categories":[86,14],"tags":[5740,4228,407,232,342],"class_list":["post-34769","post","type-post","status-publish","format-standard","has-post-thumbnail","hentry","category-panoramas","category-temuco","tag-culturales","tag-culturas","tag-espacios","tag-seremi","tag-trabajo"],"a3_pvc":{"activated":true,"total_views":45,"today_views":1},"_links":{"self":[{"href":"https:\/\/temucotelevision.cl\/web\/wp-json\/wp\/v2\/posts\/34769","targetHints":{"allow":["GET"]}}],"collection":[{"href":"https:\/\/temucotelevision.cl\/web\/wp-json\/wp\/v2\/posts"}],"about":[{"href":"https:\/\/temucotelevision.cl\/web\/wp-json\/wp\/v2\/types\/post"}],"author":[{"embeddable":true,"href":"https:\/\/temucotelevision.cl\/web\/wp-json\/wp\/v2\/users\/1"}],"replies":[{"embeddable":true,"href":"https:\/\/temucotelevision.cl\/web\/wp-json\/wp\/v2\/comments?post=34769"}],"version-history":[{"count":1,"href":"https:\/\/temucotelevision.cl\/web\/wp-json\/wp\/v2\/posts\/34769\/revisions"}],"predecessor-version":[{"id":34772,"href":"https:\/\/temucotelevision.cl\/web\/wp-json\/wp\/v2\/posts\/34769\/revisions\/34772"}],"wp:featuredmedia":[{"embeddable":true,"href":"https:\/\/temucotelevision.cl\/web\/wp-json\/wp\/v2\/media\/34770"}],"wp:attachment":[{"href":"https:\/\/temucotelevision.cl\/web\/wp-json\/wp\/v2\/media?parent=34769"}],"wp:term":[{"taxonomy":"category","embeddable":true,"href":"https:\/\/temucotelevision.cl\/web\/wp-json\/wp\/v2\/categories?post=34769"},{"taxonomy":"post_tag","embeddable":true,"href":"https:\/\/temucotelevision.cl\/web\/wp-json\/wp\/v2\/tags?post=34769"}],"curies":[{"name":"wp","href":"https:\/\/api.w.org\/{rel}","templated":true}]}}