{"id":34764,"date":"2022-08-27T18:31:24","date_gmt":"2022-08-27T21:31:24","guid":{"rendered":"https:\/\/temucotelevision.cl\/web\/?p=34764"},"modified":"2022-08-27T18:31:24","modified_gmt":"2022-08-27T21:31:24","slug":"senadores-presentan-proyecto-de-ley-que-busca-aumentar-las-penas-por-delitos-de-amenaza-cometidos-por-organizaciones-criminales","status":"publish","type":"post","link":"https:\/\/temucotelevision.cl\/web\/2022\/08\/27\/senadores-presentan-proyecto-de-ley-que-busca-aumentar-las-penas-por-delitos-de-amenaza-cometidos-por-organizaciones-criminales\/","title":{"rendered":"Senadores presentan proyecto de ley que busca aumentar las penas por delitos de amenaza cometidos por organizaciones criminales"},"content":{"rendered":"<div class=\"pvc_clear\"><\/div><p id=\"pvc_stats_34764\" class=\"pvc_stats total_only  \" data-element-id=\"34764\" style=\"\"><i class=\"pvc-stats-icon large\" aria-hidden=\"true\"><svg aria-hidden=\"true\" focusable=\"false\" data-prefix=\"far\" data-icon=\"chart-bar\" role=\"img\" xmlns=\"http:\/\/www.w3.org\/2000\/svg\" viewBox=\"0 0 512 512\" class=\"svg-inline--fa fa-chart-bar fa-w-16 fa-2x\"><path fill=\"currentColor\" d=\"M396.8 352h22.4c6.4 0 12.8-6.4 12.8-12.8V108.8c0-6.4-6.4-12.8-12.8-12.8h-22.4c-6.4 0-12.8 6.4-12.8 12.8v230.4c0 6.4 6.4 12.8 12.8 12.8zm-192 0h22.4c6.4 0 12.8-6.4 12.8-12.8V140.8c0-6.4-6.4-12.8-12.8-12.8h-22.4c-6.4 0-12.8 6.4-12.8 12.8v198.4c0 6.4 6.4 12.8 12.8 12.8zm96 0h22.4c6.4 0 12.8-6.4 12.8-12.8V204.8c0-6.4-6.4-12.8-12.8-12.8h-22.4c-6.4 0-12.8 6.4-12.8 12.8v134.4c0 6.4 6.4 12.8 12.8 12.8zM496 400H48V80c0-8.84-7.16-16-16-16H16C7.16 64 0 71.16 0 80v336c0 17.67 14.33 32 32 32h464c8.84 0 16-7.16 16-16v-16c0-8.84-7.16-16-16-16zm-387.2-48h22.4c6.4 0 12.8-6.4 12.8-12.8v-70.4c0-6.4-6.4-12.8-12.8-12.8h-22.4c-6.4 0-12.8 6.4-12.8 12.8v70.4c0 6.4 6.4 12.8 12.8 12.8z\" class=\"\"><\/path><\/svg><\/i> <img loading=\"lazy\" decoding=\"async\" width=\"16\" height=\"16\" alt=\"Loading\" src=\"https:\/\/temucotelevision.cl\/web\/wp-content\/plugins\/page-views-count\/ajax-loader-2x.gif\" border=0 \/><\/p><div class=\"pvc_clear\"><\/div>\n<p><em>La iniciativa presentada por los senadores Carmen Gloria Aravena, Juan Castro, Jos\u00e9 Miguel Durana, Pedro Araya y Manuel Jos\u00e9 Ossand\u00f3n, considera como agravante, haber cometido el delito de amenazas existiendo adem\u00e1s asociaci\u00f3n il\u00edcita, estableciendo mayores penas, que podr\u00edan llegar hasta 15 a\u00f1os de c\u00e1rcel. La propuesta se da en medio de la reciente detenci\u00f3n del l\u00edder de la CAM, H\u00e9ctor Llaitul.<\/em><\/p>\n\n\n\n<p>El sostenido aumento de la violencia terrorista y la delincuencia en el pa\u00eds, el incremento de la percepci\u00f3n de inseguridad por parte de la ciudadan\u00eda y la instalaci\u00f3n en Chile de peligrosas bandas criminales internacionales, como el Tren de Aragua, Jalisco Nueva Generaci\u00f3n y el Cartel de Sinaloa, llev\u00f3 a los senadores Carmen Gloria Aravena, Juan Castro, Jos\u00e9 Miguel Durana, Pedro Araya y Manuel Jos\u00e9 Ossand\u00f3n, a presentar un proyecto de ley que busca aumentar las penas por delitos de amenaza cuando adem\u00e1s se cometan existiendo asociaci\u00f3n il\u00edcita.<\/p>\n\n\n\n<p>La propuesta plantea una modificaci\u00f3n al C\u00f3digo Penal, respecto al delito de amenazas cometidas existiendo asociaci\u00f3n il\u00edcita, como es el caso de las peligrosas bandas criminales que est\u00e1n operando en el pa\u00eds, aumentando en un grado la pena, que podr\u00eda significar hasta 10 a\u00f1os de c\u00e1rcel para sus autores.<\/p>\n\n\n\n<p>La propuesta de los senadores tambi\u00e9n introduce una modificaci\u00f3n a la Ley Antiterrorista, de manera tal de aumentar tambi\u00e9n la pena al delito de amenazas cuando se cometa en el contexto de una asociaci\u00f3n il\u00edcita terrorista. As\u00ed, en este caso, se busca aumentar la pena asignada al delito de amenazas en 2 grados, la que podr\u00eda llegar significar hasta 15 a\u00f1os de presidio.<\/p>\n\n\n\n<p>Al respecto, la Senadora Carmen Gloria Aravena afirm\u00f3 que \u201cestamos en un momento particularmente delicado en materia de seguridad p\u00fablica, porque la violencia y el crimen organizado est\u00e1n absolutamente desatados, por lo que los parlamentarios que presentamos este proyecto, consideramos que es fundamental, en el actual contexto, donde est\u00e1n operando en el pa\u00eds peligrosas bandas criminales internacionales a lo largo del pa\u00eds y organizaciones terroristas en varias regiones, como La Araucan\u00eda, Bio B\u00edo, Los R\u00edos y ahora tambi\u00e9n O\u00b4Higgins, resulta fundamental incrementar las penas para quienes realizan amenazas en un contexto de asociaci\u00f3n il\u00edcita\u201d.<\/p>\n\n\n\n<p>La legisladora destaca que la propia Fiscal\u00eda ha se\u00f1alado que es necesario incorporar modificaciones al C\u00f3digo Penal orientadas a sancionar el delito de amenazas de forma distinta cuando existe participaci\u00f3n de organizaciones criminales. De hecho, el Presidente de la Asociaci\u00f3n de Fiscales, Francisco Bravo, se\u00f1al\u00f3 que `es necesario avanzar en una modificaci\u00f3n sustantiva al C\u00f3digo Penal en orden a establecer que las amenazas que se cometan en el contexto de organizaciones criminales tengan una sanci\u00f3n distinta\u00b4.<\/p>\n\n\n\n<p>En esa l\u00ednea, la Senadora Aravena expres\u00f3 que \u201ccompartimos las observaciones de la Fiscal\u00eda al respecto por dos razones: uno, porque nos enfrentamos a una crisis de seguridad grave que se ha acentuado en los \u00faltimos meses, particularmente en la Macrozona Sur, que pronto cumplir\u00e1 un a\u00f1o en Estado de Excepci\u00f3n Constitucional y donde a diario se registran graves atentados terroristas cometido por organizaciones criminales. Estas organizaciones terroristas tambi\u00e9n amenazan a los habitantes de las zonas en las que operan, por ejemplo, cuando cometen delitos de usurpaci\u00f3n de tierras. Y dos, considerando que la llegada de peligrosas bandas criminales a nuestro pa\u00eds nos enfrenta ante una realidad totalmente distinta a las situaciones que se tuvieron a la vista para tipificar este delito en sus inicios\u201d.<\/p>\n\n\n\n<p><strong>Incremento de los delitos de amenaza<\/strong><\/p>\n\n\n\n<p>De acuerdo con cifras de la Subsecretar\u00eda de Prevenci\u00f3n del Delito, durante el 2020 se realizaron 101.112 denuncias por el delito de amenazas, mientras que en 2021 esa cifra aument\u00f3 a 110.759, y en lo que va del a\u00f1o, ya son 32.516 las denuncias por este delito, lo que representa un aumento de un 20% respecto al mismo periodo del a\u00f1o pasado. Esto lo convierte en el delito con mayores denuncias en nuestro pa\u00eds, afectando tanto a civiles como autoridades.<\/p>\n\n\n\n<p>A su vez, la encuesta CEP de abril-mayo 2022, se\u00f1ala que un 70% de la poblaci\u00f3n considera de la mayor importancia los temas de seguridad p\u00fablica (violencia, delincuencia, narcotr\u00e1fico, crimen organizado) y que estos deben ser una prioridad para el gobierno. Mientras que la \u00faltima Encuesta Nacional Urbana de Seguridad Ciudadana reflej\u00f3 que la percepci\u00f3n de inseguridad en la poblaci\u00f3n alcanz\u00f3 un 86,9%.<\/p>\n\n\n\n<p>Por su parte, el crimen organizado ha llegado a nuestro pa\u00eds de la mano de delitos que antes nunca hab\u00edamos visto. Un ejemplo claro viene dado por la proliferaci\u00f3n de sicarios y el aumento de homicidios cometidos con armas de fuego. De hecho, en la Regi\u00f3n de Tarapac\u00e1, de acuerdo con cifras del Ministerio P\u00fablico, los homicidios subieron en un 183% entre 2020 y 2021.<\/p>\n\n\n\n<p>Por su parte, la Polic\u00eda de Investigaciones, en el primer balance que hizo este a\u00f1o, inform\u00f3 que el uso de arma de fuego en la comisi\u00f3n de los delitos de homicidio aument\u00f3 en un 48%.A nivel pa\u00eds, entre el 1 de enero y el 26 de junio de este a\u00f1o se registraron 413 homicidios, esto representa un aumento de un 28,7%respecto al mismo periodo del a\u00f1o pasado y un aumento de 45% respecto al 2019<\/p>\n","protected":false},"excerpt":{"rendered":"<div class=\"pvc_clear\"><\/div>\n<p id=\"pvc_stats_34764\" class=\"pvc_stats total_only  \" data-element-id=\"34764\" style=\"\"><i class=\"pvc-stats-icon large\" aria-hidden=\"true\"><svg aria-hidden=\"true\" focusable=\"false\" data-prefix=\"far\" data-icon=\"chart-bar\" role=\"img\" xmlns=\"http:\/\/www.w3.org\/2000\/svg\" viewBox=\"0 0 512 512\" class=\"svg-inline--fa fa-chart-bar fa-w-16 fa-2x\"><path fill=\"currentColor\" d=\"M396.8 352h22.4c6.4 0 12.8-6.4 12.8-12.8V108.8c0-6.4-6.4-12.8-12.8-12.8h-22.4c-6.4 0-12.8 6.4-12.8 12.8v230.4c0 6.4 6.4 12.8 12.8 12.8zm-192 0h22.4c6.4 0 12.8-6.4 12.8-12.8V140.8c0-6.4-6.4-12.8-12.8-12.8h-22.4c-6.4 0-12.8 6.4-12.8 12.8v198.4c0 6.4 6.4 12.8 12.8 12.8zm96 0h22.4c6.4 0 12.8-6.4 12.8-12.8V204.8c0-6.4-6.4-12.8-12.8-12.8h-22.4c-6.4 0-12.8 6.4-12.8 12.8v134.4c0 6.4 6.4 12.8 12.8 12.8zM496 400H48V80c0-8.84-7.16-16-16-16H16C7.16 64 0 71.16 0 80v336c0 17.67 14.33 32 32 32h464c8.84 0 16-7.16 16-16v-16c0-8.84-7.16-16-16-16zm-387.2-48h22.4c6.4 0 12.8-6.4 12.8-12.8v-70.4c0-6.4-6.4-12.8-12.8-12.8h-22.4c-6.4 0-12.8 6.4-12.8 12.8v70.4c0 6.4 6.4 12.8 12.8 12.8z\" class=\"\"><\/path><\/svg><\/i> <img loading=\"lazy\" decoding=\"async\" width=\"16\" height=\"16\" alt=\"Loading\" src=\"https:\/\/temucotelevision.cl\/web\/wp-content\/plugins\/page-views-count\/ajax-loader-2x.gif\" border=0 \/><\/p>\n<div class=\"pvc_clear\"><\/div>\n<p>La iniciativa presentada por los senadores Carmen Gloria Aravena, Juan Castro, Jos\u00e9 Miguel Durana, Pedro Araya y Manuel Jos\u00e9 Ossand\u00f3n,<\/p>\n","protected":false},"author":1,"featured_media":34081,"comment_status":"open","ping_status":"open","sticky":false,"template":"","format":"standard","meta":{"colormag_page_container_layout":"default_layout","colormag_page_sidebar_layout":"default_layout","footnotes":""},"categories":[84],"tags":[929,772,506,1083,155,2065],"class_list":["post-34764","post","type-post","status-publish","format-standard","has-post-thumbnail","hentry","category-politica","tag-amenazas","tag-delitos","tag-ley","tag-penas","tag-proyecto","tag-senadora"],"a3_pvc":{"activated":true,"total_views":46,"today_views":0},"_links":{"self":[{"href":"https:\/\/temucotelevision.cl\/web\/wp-json\/wp\/v2\/posts\/34764","targetHints":{"allow":["GET"]}}],"collection":[{"href":"https:\/\/temucotelevision.cl\/web\/wp-json\/wp\/v2\/posts"}],"about":[{"href":"https:\/\/temucotelevision.cl\/web\/wp-json\/wp\/v2\/types\/post"}],"author":[{"embeddable":true,"href":"https:\/\/temucotelevision.cl\/web\/wp-json\/wp\/v2\/users\/1"}],"replies":[{"embeddable":true,"href":"https:\/\/temucotelevision.cl\/web\/wp-json\/wp\/v2\/comments?post=34764"}],"version-history":[{"count":1,"href":"https:\/\/temucotelevision.cl\/web\/wp-json\/wp\/v2\/posts\/34764\/revisions"}],"predecessor-version":[{"id":34765,"href":"https:\/\/temucotelevision.cl\/web\/wp-json\/wp\/v2\/posts\/34764\/revisions\/34765"}],"wp:featuredmedia":[{"embeddable":true,"href":"https:\/\/temucotelevision.cl\/web\/wp-json\/wp\/v2\/media\/34081"}],"wp:attachment":[{"href":"https:\/\/temucotelevision.cl\/web\/wp-json\/wp\/v2\/media?parent=34764"}],"wp:term":[{"taxonomy":"category","embeddable":true,"href":"https:\/\/temucotelevision.cl\/web\/wp-json\/wp\/v2\/categories?post=34764"},{"taxonomy":"post_tag","embeddable":true,"href":"https:\/\/temucotelevision.cl\/web\/wp-json\/wp\/v2\/tags?post=34764"}],"curies":[{"name":"wp","href":"https:\/\/api.w.org\/{rel}","templated":true}]}}