{"id":34755,"date":"2022-08-27T17:45:50","date_gmt":"2022-08-27T20:45:50","guid":{"rendered":"https:\/\/temucotelevision.cl\/web\/?p=34755"},"modified":"2022-08-27T17:45:50","modified_gmt":"2022-08-27T20:45:50","slug":"inauguran-festival-puerto-de-ideas-biobio-que-donara-un-arbol-por-cada-asistente","status":"publish","type":"post","link":"https:\/\/temucotelevision.cl\/web\/2022\/08\/27\/inauguran-festival-puerto-de-ideas-biobio-que-donara-un-arbol-por-cada-asistente\/","title":{"rendered":"Inauguran festival Puerto de Ideas Biob\u00edo que donar\u00e1 un \u00e1rbol por cada asistente"},"content":{"rendered":"<div class=\"pvc_clear\"><\/div><p id=\"pvc_stats_34755\" class=\"pvc_stats total_only  \" data-element-id=\"34755\" style=\"\"><i class=\"pvc-stats-icon large\" aria-hidden=\"true\"><svg aria-hidden=\"true\" focusable=\"false\" data-prefix=\"far\" data-icon=\"chart-bar\" role=\"img\" xmlns=\"http:\/\/www.w3.org\/2000\/svg\" viewBox=\"0 0 512 512\" class=\"svg-inline--fa fa-chart-bar fa-w-16 fa-2x\"><path fill=\"currentColor\" d=\"M396.8 352h22.4c6.4 0 12.8-6.4 12.8-12.8V108.8c0-6.4-6.4-12.8-12.8-12.8h-22.4c-6.4 0-12.8 6.4-12.8 12.8v230.4c0 6.4 6.4 12.8 12.8 12.8zm-192 0h22.4c6.4 0 12.8-6.4 12.8-12.8V140.8c0-6.4-6.4-12.8-12.8-12.8h-22.4c-6.4 0-12.8 6.4-12.8 12.8v198.4c0 6.4 6.4 12.8 12.8 12.8zm96 0h22.4c6.4 0 12.8-6.4 12.8-12.8V204.8c0-6.4-6.4-12.8-12.8-12.8h-22.4c-6.4 0-12.8 6.4-12.8 12.8v134.4c0 6.4 6.4 12.8 12.8 12.8zM496 400H48V80c0-8.84-7.16-16-16-16H16C7.16 64 0 71.16 0 80v336c0 17.67 14.33 32 32 32h464c8.84 0 16-7.16 16-16v-16c0-8.84-7.16-16-16-16zm-387.2-48h22.4c6.4 0 12.8-6.4 12.8-12.8v-70.4c0-6.4-6.4-12.8-12.8-12.8h-22.4c-6.4 0-12.8 6.4-12.8 12.8v70.4c0 6.4 6.4 12.8 12.8 12.8z\" class=\"\"><\/path><\/svg><\/i> <img loading=\"lazy\" decoding=\"async\" width=\"16\" height=\"16\" alt=\"Loading\" src=\"https:\/\/temucotelevision.cl\/web\/wp-content\/plugins\/page-views-count\/ajax-loader-2x.gif\" border=0 \/><\/p><div class=\"pvc_clear\"><\/div>\n<p><em>El festival, que se realizar\u00e1 por primera vez en la regi\u00f3n, contar\u00e1 con el auspicio de CMPC, compa\u00f1\u00eda que comprometi\u00f3 la donaci\u00f3n de un \u00e1rbol por cada persona que asista al festival. Estos ser\u00e1n plantados en distintas regiones del pa\u00eds.&nbsp;<\/em><\/p>\n\n\n\n<p>Con una ceremonia en el Teatro Udec, en Concepci\u00f3n, se dio en vamos a la primera edici\u00f3n de Puerto de Ideas Biob\u00edo, festival que desde hace 11 a\u00f1os se realiza en la regi\u00f3n de Valpara\u00edso y que se ha expandido a Antofagasta y, ahora, al sur del pa\u00eds.&nbsp;<\/p>\n\n\n\n<p>Desde 2011 a la fecha, casi 500 mil personas han sido parte de Puerto Ideas, iniciativa que ha dejado un sinf\u00edn de actividades en Valpara\u00edso y Antofagasta y que tambi\u00e9n ha tenido invitados de diversas partes del mundo.&nbsp;<\/p>\n\n\n\n<p>Esta primera edici\u00f3n en la regi\u00f3n del Biob\u00edo tendr\u00e1 un especial agregado para todas las personas que asistan a alguna de las 27 actividades que tendr\u00e1 el festival. CMPC, el principal auspiciador de Puerto de Ideas Biob\u00edo, donar\u00e1 un \u00e1rbol nativo por cada asistente al encuentro. Estos ser\u00e1n plantados en las regiones del Maule, Biob\u00edo y La Araucan\u00eda.<\/p>\n\n\n\n<p>Ignacio Lira, subgerente de Asuntos Corporativos de CMPC, afirm\u00f3 que \u201cno dudamos en sumarnos a este gran evento que precisamente busca expandir las fronteras del conocimiento, la innovaci\u00f3n y abrir nuevos caminos que nos permitan mirar hacia el futuro. Esos son principios que a nosotros nos inspiran en CMPC que, pese a ser una empresa centenaria con una larga historia, siempre estamos mirando al futuro, viendo c\u00f3mo podemos ser un aporte para los desaf\u00edos medioambientales que debemos enfrentar como humanidad\u201d.<\/p>\n\n\n\n<p>Entre las actividades m\u00e1s destacadas de este fin de semana se encuentran las charlas \u201cUna econom\u00eda para el futuro de los oc\u00e9anos\u201d deRashid Sumaila, profesor nigeriano-canadiense de econom\u00eda oce\u00e1nica de la Universidad de la Columbia Brit\u00e1nica, especialista en bioeconom\u00eda y \u201cLa Neurociencia de Dios\u201d, dictada por Diego Golombek, bi\u00f3logo y divulgador cient\u00edfico argentino, acad\u00e9mico de la Universidad de Nacional de Quilmes.&nbsp;<\/p>\n\n\n\n<p>Adem\u00e1s, el recientemente ganador del Premio Nacional de Historia, el historiador Rafael Sagredo, realizar\u00e1 la charla \u201cChile: de \u201cfinis terrae imperial\u201d a &#8220;copia feliz del ed\u00e9n&#8221; autoritario\u201d el s\u00e1bado 27 de agosto.<\/p>\n\n\n\n<p>Chantal Signorio, fundadora y presidenta de la Fundaci\u00f3n Puerto de Ideas, inst\u00f3 a la comunidad del Biob\u00edo a que se sumen a este nuevo festival en la regi\u00f3n: \u201cla invitaci\u00f3n es a involucrarse y a participar en grupo, en familia, con los vecinos, los compa\u00f1eros de colegio, universidad o trabajo. La verdad es que esa es la parte entretenida, porque despu\u00e9s se comenta y se discute lo que se escuch\u00f3. La idea es generar pensamiento propio, no es que nosotros pongamos las ideas y esas sean las verdades, si no que uno va aprendiendo y sumando informaci\u00f3n de una manera entretenida\u201d.<\/p>\n\n\n\n<p>\u00c1lvaro Ortiz, alcalde de Concepci\u00f3n, explic\u00f3 que \u201ccuando se proyecta una ciudad, la proyecta tambi\u00e9n para que el proceso de descentralizaci\u00f3n realmente llegue hacia este tipo de regiones, hasta estas ciudades. Nosotros cuando hablamos de Concepci\u00f3n como capital del rock, como capital universitaria, deportiva, de grandes eventos, etc, estamos hablando de una ciudad que tiene las condiciones necesarias para poder recibir este tipo de instancias, es una oportunidad enorme que tiene esta ciudad y regi\u00f3n de poder ser protagonista de este encuentro\u201d.<\/p>\n\n\n\n<p>Para m\u00e1s detalles sobre las charlas, talleres y las distintas actividades que se realizar\u00e1n durante el fin de semana, que incluye adem\u00e1s un festival de cine en el Biob\u00edo, puedes visitar el sitio web\u00a0<a rel=\"noreferrer noopener\" href=\"http:\/\/www.puertodeideas.cl\/\" target=\"_blank\">www.puertodeideas.cl<\/a>.<\/p>\n\n\n\n<figure class=\"wp-block-image size-large\"><img loading=\"lazy\" decoding=\"async\" width=\"1024\" height=\"683\" src=\"https:\/\/temucotelevision.cl\/web\/wp-content\/uploads\/2022\/08\/Inauguracion-Puerto-de-Ideas-3-1024x683.jpg\" alt=\"\" class=\"wp-image-34757\" srcset=\"https:\/\/temucotelevision.cl\/web\/wp-content\/uploads\/2022\/08\/Inauguracion-Puerto-de-Ideas-3-1024x683.jpg 1024w, https:\/\/temucotelevision.cl\/web\/wp-content\/uploads\/2022\/08\/Inauguracion-Puerto-de-Ideas-3-768x512.jpg 768w, https:\/\/temucotelevision.cl\/web\/wp-content\/uploads\/2022\/08\/Inauguracion-Puerto-de-Ideas-3-1536x1024.jpg 1536w, https:\/\/temucotelevision.cl\/web\/wp-content\/uploads\/2022\/08\/Inauguracion-Puerto-de-Ideas-3-2048x1366.jpg 2048w\" sizes=\"auto, (max-width: 1024px) 100vw, 1024px\" \/><\/figure>\n\n\n\n<figure class=\"wp-block-image size-large\"><img loading=\"lazy\" decoding=\"async\" width=\"1024\" height=\"683\" src=\"https:\/\/temucotelevision.cl\/web\/wp-content\/uploads\/2022\/08\/Inauguracion-Puerto-de-Ideas-5-1024x683.jpg\" alt=\"\" class=\"wp-image-34758\" srcset=\"https:\/\/temucotelevision.cl\/web\/wp-content\/uploads\/2022\/08\/Inauguracion-Puerto-de-Ideas-5-1024x683.jpg 1024w, https:\/\/temucotelevision.cl\/web\/wp-content\/uploads\/2022\/08\/Inauguracion-Puerto-de-Ideas-5-768x512.jpg 768w, https:\/\/temucotelevision.cl\/web\/wp-content\/uploads\/2022\/08\/Inauguracion-Puerto-de-Ideas-5-1536x1024.jpg 1536w, https:\/\/temucotelevision.cl\/web\/wp-content\/uploads\/2022\/08\/Inauguracion-Puerto-de-Ideas-5-2048x1366.jpg 2048w\" sizes=\"auto, (max-width: 1024px) 100vw, 1024px\" \/><\/figure>\n","protected":false},"excerpt":{"rendered":"<div class=\"pvc_clear\"><\/div>\n<p id=\"pvc_stats_34755\" class=\"pvc_stats total_only  \" data-element-id=\"34755\" style=\"\"><i class=\"pvc-stats-icon large\" aria-hidden=\"true\"><svg aria-hidden=\"true\" focusable=\"false\" data-prefix=\"far\" data-icon=\"chart-bar\" role=\"img\" xmlns=\"http:\/\/www.w3.org\/2000\/svg\" viewBox=\"0 0 512 512\" class=\"svg-inline--fa fa-chart-bar fa-w-16 fa-2x\"><path fill=\"currentColor\" d=\"M396.8 352h22.4c6.4 0 12.8-6.4 12.8-12.8V108.8c0-6.4-6.4-12.8-12.8-12.8h-22.4c-6.4 0-12.8 6.4-12.8 12.8v230.4c0 6.4 6.4 12.8 12.8 12.8zm-192 0h22.4c6.4 0 12.8-6.4 12.8-12.8V140.8c0-6.4-6.4-12.8-12.8-12.8h-22.4c-6.4 0-12.8 6.4-12.8 12.8v198.4c0 6.4 6.4 12.8 12.8 12.8zm96 0h22.4c6.4 0 12.8-6.4 12.8-12.8V204.8c0-6.4-6.4-12.8-12.8-12.8h-22.4c-6.4 0-12.8 6.4-12.8 12.8v134.4c0 6.4 6.4 12.8 12.8 12.8zM496 400H48V80c0-8.84-7.16-16-16-16H16C7.16 64 0 71.16 0 80v336c0 17.67 14.33 32 32 32h464c8.84 0 16-7.16 16-16v-16c0-8.84-7.16-16-16-16zm-387.2-48h22.4c6.4 0 12.8-6.4 12.8-12.8v-70.4c0-6.4-6.4-12.8-12.8-12.8h-22.4c-6.4 0-12.8 6.4-12.8 12.8v70.4c0 6.4 6.4 12.8 12.8 12.8z\" class=\"\"><\/path><\/svg><\/i> <img loading=\"lazy\" decoding=\"async\" width=\"16\" height=\"16\" alt=\"Loading\" src=\"https:\/\/temucotelevision.cl\/web\/wp-content\/plugins\/page-views-count\/ajax-loader-2x.gif\" border=0 \/><\/p>\n<div class=\"pvc_clear\"><\/div>\n<p>El festival, que se realizar\u00e1 por primera vez en la regi\u00f3n, contar\u00e1 con el auspicio de CMPC, compa\u00f1\u00eda que comprometi\u00f3<\/p>\n","protected":false},"author":1,"featured_media":34756,"comment_status":"open","ping_status":"open","sticky":false,"template":"","format":"standard","meta":{"colormag_page_container_layout":"default_layout","colormag_page_sidebar_layout":"default_layout","footnotes":""},"categories":[101,18],"tags":[1051,3639,2365,141,1669],"class_list":["post-34755","post","type-post","status-publish","format-standard","has-post-thumbnail","hentry","category-actualidad","category-nacional","tag-arbol","tag-biobio","tag-cmpc","tag-festival","tag-ideas"],"a3_pvc":{"activated":true,"total_views":43,"today_views":0},"_links":{"self":[{"href":"https:\/\/temucotelevision.cl\/web\/wp-json\/wp\/v2\/posts\/34755","targetHints":{"allow":["GET"]}}],"collection":[{"href":"https:\/\/temucotelevision.cl\/web\/wp-json\/wp\/v2\/posts"}],"about":[{"href":"https:\/\/temucotelevision.cl\/web\/wp-json\/wp\/v2\/types\/post"}],"author":[{"embeddable":true,"href":"https:\/\/temucotelevision.cl\/web\/wp-json\/wp\/v2\/users\/1"}],"replies":[{"embeddable":true,"href":"https:\/\/temucotelevision.cl\/web\/wp-json\/wp\/v2\/comments?post=34755"}],"version-history":[{"count":1,"href":"https:\/\/temucotelevision.cl\/web\/wp-json\/wp\/v2\/posts\/34755\/revisions"}],"predecessor-version":[{"id":34759,"href":"https:\/\/temucotelevision.cl\/web\/wp-json\/wp\/v2\/posts\/34755\/revisions\/34759"}],"wp:featuredmedia":[{"embeddable":true,"href":"https:\/\/temucotelevision.cl\/web\/wp-json\/wp\/v2\/media\/34756"}],"wp:attachment":[{"href":"https:\/\/temucotelevision.cl\/web\/wp-json\/wp\/v2\/media?parent=34755"}],"wp:term":[{"taxonomy":"category","embeddable":true,"href":"https:\/\/temucotelevision.cl\/web\/wp-json\/wp\/v2\/categories?post=34755"},{"taxonomy":"post_tag","embeddable":true,"href":"https:\/\/temucotelevision.cl\/web\/wp-json\/wp\/v2\/tags?post=34755"}],"curies":[{"name":"wp","href":"https:\/\/api.w.org\/{rel}","templated":true}]}}