{"id":34752,"date":"2022-08-27T00:40:39","date_gmt":"2022-08-27T03:40:39","guid":{"rendered":"https:\/\/temucotelevision.cl\/web\/?p=34752"},"modified":"2022-08-27T00:40:40","modified_gmt":"2022-08-27T03:40:40","slug":"top-de-temuco-condena-a-20-anos-de-presidio-a-autor-de-los-delitos-reiterados-de-abuso-sexual-y-violacion","status":"publish","type":"post","link":"https:\/\/temucotelevision.cl\/web\/2022\/08\/27\/top-de-temuco-condena-a-20-anos-de-presidio-a-autor-de-los-delitos-reiterados-de-abuso-sexual-y-violacion\/","title":{"rendered":"TOP de Temuco condena a 20 a\u00f1os de presidio a autor de los delitos reiterados de abuso sexual y violaci\u00f3n"},"content":{"rendered":"<div class=\"pvc_clear\"><\/div><p id=\"pvc_stats_34752\" class=\"pvc_stats total_only  \" data-element-id=\"34752\" style=\"\"><i class=\"pvc-stats-icon large\" aria-hidden=\"true\"><svg aria-hidden=\"true\" focusable=\"false\" data-prefix=\"far\" data-icon=\"chart-bar\" role=\"img\" xmlns=\"http:\/\/www.w3.org\/2000\/svg\" viewBox=\"0 0 512 512\" class=\"svg-inline--fa fa-chart-bar fa-w-16 fa-2x\"><path fill=\"currentColor\" d=\"M396.8 352h22.4c6.4 0 12.8-6.4 12.8-12.8V108.8c0-6.4-6.4-12.8-12.8-12.8h-22.4c-6.4 0-12.8 6.4-12.8 12.8v230.4c0 6.4 6.4 12.8 12.8 12.8zm-192 0h22.4c6.4 0 12.8-6.4 12.8-12.8V140.8c0-6.4-6.4-12.8-12.8-12.8h-22.4c-6.4 0-12.8 6.4-12.8 12.8v198.4c0 6.4 6.4 12.8 12.8 12.8zm96 0h22.4c6.4 0 12.8-6.4 12.8-12.8V204.8c0-6.4-6.4-12.8-12.8-12.8h-22.4c-6.4 0-12.8 6.4-12.8 12.8v134.4c0 6.4 6.4 12.8 12.8 12.8zM496 400H48V80c0-8.84-7.16-16-16-16H16C7.16 64 0 71.16 0 80v336c0 17.67 14.33 32 32 32h464c8.84 0 16-7.16 16-16v-16c0-8.84-7.16-16-16-16zm-387.2-48h22.4c6.4 0 12.8-6.4 12.8-12.8v-70.4c0-6.4-6.4-12.8-12.8-12.8h-22.4c-6.4 0-12.8 6.4-12.8 12.8v70.4c0 6.4 6.4 12.8 12.8 12.8z\" class=\"\"><\/path><\/svg><\/i> <img loading=\"lazy\" decoding=\"async\" width=\"16\" height=\"16\" alt=\"Loading\" src=\"https:\/\/temucotelevision.cl\/web\/wp-content\/plugins\/page-views-count\/ajax-loader-2x.gif\" border=0 \/><\/p><div class=\"pvc_clear\"><\/div>\n<blockquote class=\"wp-block-quote is-layout-flow wp-block-quote-is-layout-flow\"><p>Al resolver, el tribunal tuvo presente: \u201c(\u2026) lo dispuesto en la Convenci\u00f3n Sobre eliminaci\u00f3n de todas las formas de Discriminaci\u00f3n contra la Mujer (CEDAW); Convenci\u00f3n Interamericana para prevenir, sancionar y erradicar la violencia contra la mujer (Convenci\u00f3n Bel\u00e9m do Par\u00e1 de 1994); Convenci\u00f3n de Derechos del Ni\u00f1o y Convenci\u00f3n Interamericana de Derechos Humanos, todo ello en virtud del art\u00edculo 5\u00b0 inciso segundo y 6\u00b0 de la Constituci\u00f3n Pol\u00edtica de la Rep\u00fablica\u201d.<\/p><\/blockquote>\n\n\n\n<p>El Tribunal de Juicio Oral en lo Penal de Temuco conden\u00f3 hoy \u2013viernes 26 de agosto\u2013 a Mart\u00edn Nicol\u00e1s Ignacio Pradenas D\u00fcrr a la pena \u00fanica de 20 a\u00f1os de presidio efectivo, en calidad de autor de dos delitos consumados de violaci\u00f3n de mayor de 14 a\u00f1os, cuatro delitos consumados de abuso sexual de mayor de 14 y un delito consumado de abuso sexual de menor de 14 a\u00f1os. Il\u00edcitos perpetrados entre noviembre de 2010 y septiembre de 2019, en la ciudad y en la comuna de Puc\u00f3n.<\/p>\n\n\n\n<iframe loading=\"lazy\" width=\"560\" height=\"315\" src=\"https:\/\/www.youtube.com\/embed\/JtKocP2PfY8\" title=\"YouTube video player\" frameborder=\"0\" allow=\"accelerometer; autoplay; clipboard-write; encrypted-media; gyroscope; picture-in-picture\" allowfullscreen><\/iframe>\n\n\n\n<p>En fallo un\u00e1nime, el tribunal \u2013integrado por los magistrados Roberto Herrera Olivos (presidente), Wilfred Ziehlmann Zamorano y Leonel Torres Labb\u00e9 (redactor)\u2013 aplic\u00f3, adem\u00e1s, a Pradenas D\u00fcrr las accesorias legales de inhabilitaci\u00f3n absoluta perpetua para cargos y oficios p\u00fablicos y derechos pol\u00edticos y la inhabilitaci\u00f3n absoluta para profesiones titulares mientras dure la condena; m\u00e1s el pago de las costas de la causa.<\/p>\n\n\n\n<p>Asimismo, el tribunal impuso a Pradenas D\u00fcrr la interdicci\u00f3n del derecho de ejercer la guarda y ser o\u00eddo como pariente en los casos que la ley designa; la sujeci\u00f3n a la vigilancia de la autoridad durante los 10 a\u00f1os siguientes al cumplimiento de la pena principal; la inhabilitaci\u00f3n absoluta perpetua en para cargos, empleos, oficios o profesiones ejercidos en \u00e1mbitos educacionales o que involucren una relaci\u00f3n directa y habitual con personas menores de edad; y la prohibici\u00f3n de visitar el domicilio, establecimiento educacional o lugar de trabajo de las ofendidas, as\u00ed como la prohibici\u00f3n de aproximarse a estas en cualquier lugar en que se encuentren, por 10 a\u00f1os.<\/p>\n\n\n\n<p>\u201cEl plazo de todas estas penas accesorias comenzar\u00e1 a partir del momento en que el acusado sea puesto en libertad, sea porque cumpli\u00f3 la pena privativa previamente impuesta, o bien, porque se le otorgasen beneficios o salidas alternativas al medio libre\u201d, consigna el fallo.<\/p>\n\n\n\n<p>Una vez que el fallo quede ejecutoriado, el tribunal dispuso que se proceda a la toma de muestras biol\u00f3gicas del sentenciado para determinar su huella gen\u00e9tica e inclusi\u00f3n en el registro nacional de ADN de condenados.<\/p>\n\n\n\n<p><strong>Hechos acreditados<\/strong><\/p>\n\n\n\n<p>El tribunal dio por acreditado, m\u00e1s all\u00e1 de toda duda razonable y en el mismo orden en que se rindi\u00f3 la prueba en el juicio; es decir, comenzando por los hechos signados con el n\u00famero 6, para continuar con los numerales correlativos del 1 al 5.<\/p>\n\n\n\n<p>De este modo, el tribunal acredit\u00f3 que: \u201c<em>Con fecha 18 de septiembre de 2019, entre las 06:00 y las 09:00 horas aproximadamente, en el exterior del Supermercado L\u00edder, ubicado en Avenida Bernardo O\u2019Higgins N\u00b0 964 de la comuna de Puc\u00f3n, el imputado, MART\u00cdN NICOL\u00c1S IGNACIO PRADENAS D\u00dcRR, aprovech\u00e1ndose que la v\u00edctima \u2013de 21 a\u00f1os a la \u00e9poca de los hechos\u2013,&nbsp;<strong>se encontraba incapacitada para oponerse producto de su estado de ebriedad<\/strong>, procedi\u00f3 a ejecutar actos de significaci\u00f3n sexual y de relevancia en su contra (\u2026).<\/em><\/p>\n\n\n\n<p><em>Posteriormente, el mismo d\u00eda y dentro de la misma franja horaria se\u00f1alada, al interior de la vivienda emplazada en calle Arauco (\u2026), de la comuna de Puc\u00f3n, el imputado MART\u00cdN NICOL\u00c1S IGNACIO PRADENAS D\u00dcRR, aprovech\u00e1ndose que la v\u00edctima (\u2026) se encontraba incapacitada para oponerse producto de su estado de ebriedad, procedi\u00f3 a quitarle su ropa, para luego accederla carnalmente v\u00eda vaginal<\/em>\u201d.<\/p>\n\n\n\n<p>En tanto, con relaci\u00f3n al hecho uno, el tribunal dio por cierto que: \u201c<em>Durante un d\u00eda del mes de noviembre de 2010, en horas de la tarde, al interior del domicilio particular ubicado en calle (\u2026), de la comuna de Temuco, el imputado MART\u00cdN NICOL\u00c1S IGNACIO PRADENAS D\u00dcRR, procedi\u00f3 \u2013por medio de la fuerza\u2013 a ejecutar actos de significaci\u00f3n sexual y de relevancia en perjuicio de la v\u00edctima (\u2026) \u2013de 16 a\u00f1os a la \u00e9poca de los hechos\u2013, empuj\u00e1ndola fuertemente sobre una cama, subi\u00e9ndose encima de ella, efectu\u00e1ndole tocamientos en la zona de sus (\u2026) y en su zona (\u2026)<\/em>\u201d.<\/p>\n\n\n\n<p>Asimismo (hecho dos),\u201c<em>Durante un d\u00eda del mes de marzo de 2012, en horas de la noche, en el sector del jard\u00edn del domicilio ubicado en calle (\u2026), de la comuna de Temuco, el imputado MART\u00cdN PRADENAS D\u00dcRR, procedi\u00f3 a ejecutar actos de significaci\u00f3n sexual y de relevancia en perjuicio de la v\u00edctima (\u2026),de 16 a\u00f1os a la \u00e9poca de los hechos, d\u00e1ndole el imputado besos en el cuello, baj\u00e1ndole intempestivamente su polera y sost\u00e9n, contra su voluntad, pasando su lengua por uno de sus (\u2026), quedando la v\u00edctima incapacitada para oponerse al quedar paralizada por el actuar del imputado<\/em>\u201d.<\/p>\n\n\n\n<p>El tercer hecho se registr\u00f3: \u201c<em>(\u2026) un d\u00eda del periodo comprendido entre los meses de diciembre de 2012 y enero de 2013, en horas de la tarde, al interior del domicilio ubicado en calle (\u2026), de la comuna de Temuco, el imputado MART\u00cdN NICOL\u00c1S IGNACIO PRADENAS DURR, procedi\u00f3 \u2013por medio de la fuerza y contra la voluntad de la afectada\u2013 a ejecutar actos de significaci\u00f3n sexual y de relevancia en perjuicio de la v\u00edctima de iniciales (\u2026) \u2013de 13 a\u00f1os de edad a la \u00e9poca de los hechos\u2013, empuj\u00e1ndola sobre una cama, subi\u00e9ndose encima de ella, bes\u00e1ndola en la boca, sac\u00e1ndole la polera y el sost\u00e9n, para posteriormente proceder a besar la zona de sus<\/em>&nbsp;<em>(\u2026)<\/em>\u201d.<\/p>\n\n\n\n<p>Tambi\u00e9n en forma un\u00e1nime, el tribunal consider\u00f3 probado que: \u201c<em>Durante un d\u00eda del mes de abril de 2014, en horas de la madrugada, al interior del domicilio ubicado en calle (\u2026), de la comuna de Temuco, el imputado MART\u00cdN NICOL\u00c1S IGNACIO PRADENAS D\u00dcRR, aprovech\u00e1ndose que la v\u00edctima de iniciales (\u2026) \u2013nacida con fecha 18 de abril de 1995 y de 19 a\u00f1os a la \u00e9poca de los hechos\u2013, se encontraba incapacitada para oponerse al estar durmiendo en estado de ebriedad, procedi\u00f3 a ejecutar actos de significaci\u00f3n sexual y de relevancia en su contra, bes\u00e1ndola en la boca, efectu\u00e1ndole tocamientos en la zona de sus (\u2026) y en su zona (\u2026), por debajo de la ropa<\/em>\u201d.<\/p>\n\n\n\n<p>Finalmente, el quinto hecho probado acaeci\u00f3: \u201c<em>Con fecha 24 de noviembre de 2018, en horas de la madrugada, en el domicilio particular ubicado en calle (\u2026), de la comuna de Temuco, el imputado, MART\u00cdN NICOL\u00c1S IGNACIO PRADENAS D\u00dcRR, aprovech\u00e1ndose que la v\u00edctima de iniciales (\u2026) \u2013nacida con fecha 30 de junio de 1998 y de 20 a\u00f1os a la \u00e9poca de los hechos\u2013, se encontraba incapacitada para oponerse producto de su estado de ebriedad, procedi\u00f3 a tomarla fuertemente de sus mu\u00f1ecas, para posteriormente accederla carnalmente v\u00eda vaginal<\/em>\u201d.<\/p>\n\n\n\n<p>Al resolver, el tribunal tuvo presente: \u201c(\u2026) lo dispuesto en la Convenci\u00f3n Sobre eliminaci\u00f3n de todas las formas de Discriminaci\u00f3n contra la Mujer (CEDAW), ratifica por Chile en 1989, Convenci\u00f3n Interamericana para prevenir, sancionar y erradicar la violencia contra la mujer (Convenci\u00f3n Bel\u00e9m do Par\u00e1 de 1994), ratificada por Chile, en 1996; Convenci\u00f3n de Derechos del Ni\u00f1o, ratificada por Chile en el a\u00f1o 1990 y Convenci\u00f3n Interamericana de Derechos Humanos, todo ello en virtud del art\u00edculo 5\u00b0 inciso segundo y 6\u00b0 de la Constituci\u00f3n Pol\u00edtica de la Rep\u00fablica\u201d.<\/p>\n\n\n\n<p>\u201cQue, en esta causa la Fiscal\u00eda, secundada por los querellantes, ha solicitado la imposici\u00f3n de una pena total, que es el resultado de la suma individual de cada delito, conforme al art\u00edculo 74 del C\u00f3digo Penal, r\u00e9gimen de acumulaci\u00f3n material que&nbsp;<strong>NO resulta aplicable en el presente caso<\/strong>, pues dicha f\u00f3rmula procede \u00fanicamente en el caso de que la pena as\u00ed calculada sea m\u00e1s favorable al condenado,&nbsp;<strong>lo que NO ocurre en la especie<\/strong>; debiendo este tribunal aplicar la norma legal expresa que resuelve el asunto, esto es, el inciso segundo del art\u00edculo&nbsp;<strong>351 del C\u00f3digo Procesal Penal<\/strong>; pues, m\u00e1s all\u00e1 de las especiales argumentaciones que el tribunal ha tenido a la hora de valorar la prueba rendida,&nbsp;<strong>en el \u00e1mbito del castigo penal<\/strong>, debe estarse a los principios y normas que lo regulan que son ineludibles y obligatorias para el Tribunal, seg\u00fan se razon\u00f3 en el considerando septuag\u00e9simo noveno,&nbsp;<strong>fij\u00e1ndose en todo caso la pena, en el tramo y medida m\u00e1xima que permite la ley en esta causa, teniendo en especial consideraci\u00f3n la gran extensi\u00f3n del mal causado a las v\u00edctimas<\/strong>\u201d, a\u00f1ade.<\/p>\n","protected":false},"excerpt":{"rendered":"<div class=\"pvc_clear\"><\/div>\n<p id=\"pvc_stats_34752\" class=\"pvc_stats total_only  \" data-element-id=\"34752\" style=\"\"><i class=\"pvc-stats-icon large\" aria-hidden=\"true\"><svg aria-hidden=\"true\" focusable=\"false\" data-prefix=\"far\" data-icon=\"chart-bar\" role=\"img\" xmlns=\"http:\/\/www.w3.org\/2000\/svg\" viewBox=\"0 0 512 512\" class=\"svg-inline--fa fa-chart-bar fa-w-16 fa-2x\"><path fill=\"currentColor\" d=\"M396.8 352h22.4c6.4 0 12.8-6.4 12.8-12.8V108.8c0-6.4-6.4-12.8-12.8-12.8h-22.4c-6.4 0-12.8 6.4-12.8 12.8v230.4c0 6.4 6.4 12.8 12.8 12.8zm-192 0h22.4c6.4 0 12.8-6.4 12.8-12.8V140.8c0-6.4-6.4-12.8-12.8-12.8h-22.4c-6.4 0-12.8 6.4-12.8 12.8v198.4c0 6.4 6.4 12.8 12.8 12.8zm96 0h22.4c6.4 0 12.8-6.4 12.8-12.8V204.8c0-6.4-6.4-12.8-12.8-12.8h-22.4c-6.4 0-12.8 6.4-12.8 12.8v134.4c0 6.4 6.4 12.8 12.8 12.8zM496 400H48V80c0-8.84-7.16-16-16-16H16C7.16 64 0 71.16 0 80v336c0 17.67 14.33 32 32 32h464c8.84 0 16-7.16 16-16v-16c0-8.84-7.16-16-16-16zm-387.2-48h22.4c6.4 0 12.8-6.4 12.8-12.8v-70.4c0-6.4-6.4-12.8-12.8-12.8h-22.4c-6.4 0-12.8 6.4-12.8 12.8v70.4c0 6.4 6.4 12.8 12.8 12.8z\" class=\"\"><\/path><\/svg><\/i> <img loading=\"lazy\" decoding=\"async\" width=\"16\" height=\"16\" alt=\"Loading\" src=\"https:\/\/temucotelevision.cl\/web\/wp-content\/plugins\/page-views-count\/ajax-loader-2x.gif\" border=0 \/><\/p>\n<div class=\"pvc_clear\"><\/div>\n<p>Al resolver, el tribunal tuvo presente: \u201c(\u2026) lo dispuesto en la Convenci\u00f3n Sobre eliminaci\u00f3n de todas las formas de Discriminaci\u00f3n<\/p>\n","protected":false},"author":1,"featured_media":34753,"comment_status":"open","ping_status":"open","sticky":false,"template":"","format":"standard","meta":{"colormag_page_container_layout":"default_layout","colormag_page_sidebar_layout":"default_layout","footnotes":""},"categories":[15],"tags":[3101,219,3189,2786,2629,189],"class_list":["post-34752","post","type-post","status-publish","format-standard","has-post-thumbnail","hentry","category-la-araucania","tag-abuso-sexual","tag-condena","tag-martin","tag-pradenas","tag-presidio","tag-violacion"],"a3_pvc":{"activated":true,"total_views":39,"today_views":0},"_links":{"self":[{"href":"https:\/\/temucotelevision.cl\/web\/wp-json\/wp\/v2\/posts\/34752","targetHints":{"allow":["GET"]}}],"collection":[{"href":"https:\/\/temucotelevision.cl\/web\/wp-json\/wp\/v2\/posts"}],"about":[{"href":"https:\/\/temucotelevision.cl\/web\/wp-json\/wp\/v2\/types\/post"}],"author":[{"embeddable":true,"href":"https:\/\/temucotelevision.cl\/web\/wp-json\/wp\/v2\/users\/1"}],"replies":[{"embeddable":true,"href":"https:\/\/temucotelevision.cl\/web\/wp-json\/wp\/v2\/comments?post=34752"}],"version-history":[{"count":1,"href":"https:\/\/temucotelevision.cl\/web\/wp-json\/wp\/v2\/posts\/34752\/revisions"}],"predecessor-version":[{"id":34754,"href":"https:\/\/temucotelevision.cl\/web\/wp-json\/wp\/v2\/posts\/34752\/revisions\/34754"}],"wp:featuredmedia":[{"embeddable":true,"href":"https:\/\/temucotelevision.cl\/web\/wp-json\/wp\/v2\/media\/34753"}],"wp:attachment":[{"href":"https:\/\/temucotelevision.cl\/web\/wp-json\/wp\/v2\/media?parent=34752"}],"wp:term":[{"taxonomy":"category","embeddable":true,"href":"https:\/\/temucotelevision.cl\/web\/wp-json\/wp\/v2\/categories?post=34752"},{"taxonomy":"post_tag","embeddable":true,"href":"https:\/\/temucotelevision.cl\/web\/wp-json\/wp\/v2\/tags?post=34752"}],"curies":[{"name":"wp","href":"https:\/\/api.w.org\/{rel}","templated":true}]}}