{"id":34750,"date":"2022-08-27T00:25:29","date_gmt":"2022-08-27T03:25:29","guid":{"rendered":"https:\/\/temucotelevision.cl\/web\/?p=34750"},"modified":"2022-08-27T00:25:29","modified_gmt":"2022-08-27T03:25:29","slug":"diputado-rathgeb-por-prision-preventiva-para-hector-llaitul-por-todos-los-antecedentes-era-lo-que-se-esperaba","status":"publish","type":"post","link":"https:\/\/temucotelevision.cl\/web\/2022\/08\/27\/diputado-rathgeb-por-prision-preventiva-para-hector-llaitul-por-todos-los-antecedentes-era-lo-que-se-esperaba\/","title":{"rendered":"Diputado Rathgeb por prisi\u00f3n preventiva para H\u00e9ctor Llaitul: \u201cPor todos los antecedentes era lo que se esperaba\u201d"},"content":{"rendered":"<div class=\"pvc_clear\"><\/div><p id=\"pvc_stats_34750\" class=\"pvc_stats total_only  \" data-element-id=\"34750\" style=\"\"><i class=\"pvc-stats-icon large\" aria-hidden=\"true\"><svg aria-hidden=\"true\" focusable=\"false\" data-prefix=\"far\" data-icon=\"chart-bar\" role=\"img\" xmlns=\"http:\/\/www.w3.org\/2000\/svg\" viewBox=\"0 0 512 512\" class=\"svg-inline--fa fa-chart-bar fa-w-16 fa-2x\"><path fill=\"currentColor\" d=\"M396.8 352h22.4c6.4 0 12.8-6.4 12.8-12.8V108.8c0-6.4-6.4-12.8-12.8-12.8h-22.4c-6.4 0-12.8 6.4-12.8 12.8v230.4c0 6.4 6.4 12.8 12.8 12.8zm-192 0h22.4c6.4 0 12.8-6.4 12.8-12.8V140.8c0-6.4-6.4-12.8-12.8-12.8h-22.4c-6.4 0-12.8 6.4-12.8 12.8v198.4c0 6.4 6.4 12.8 12.8 12.8zm96 0h22.4c6.4 0 12.8-6.4 12.8-12.8V204.8c0-6.4-6.4-12.8-12.8-12.8h-22.4c-6.4 0-12.8 6.4-12.8 12.8v134.4c0 6.4 6.4 12.8 12.8 12.8zM496 400H48V80c0-8.84-7.16-16-16-16H16C7.16 64 0 71.16 0 80v336c0 17.67 14.33 32 32 32h464c8.84 0 16-7.16 16-16v-16c0-8.84-7.16-16-16-16zm-387.2-48h22.4c6.4 0 12.8-6.4 12.8-12.8v-70.4c0-6.4-6.4-12.8-12.8-12.8h-22.4c-6.4 0-12.8 6.4-12.8 12.8v70.4c0 6.4 6.4 12.8 12.8 12.8z\" class=\"\"><\/path><\/svg><\/i> <img loading=\"lazy\" decoding=\"async\" width=\"16\" height=\"16\" alt=\"Loading\" src=\"https:\/\/temucotelevision.cl\/web\/wp-content\/plugins\/page-views-count\/ajax-loader-2x.gif\" border=0 \/><\/p><div class=\"pvc_clear\"><\/div>\n<p><strong>Rathgeb coment\u00f3 que ac\u00e1 la justicia tiene que llegar al fondo en las indagatorias m\u00e1s a\u00fan cuando trascendi\u00f3 que desde un ministerio llamaron al l\u00edder de la CAM antes de que se produjera su detenci\u00f3n.<\/strong><\/p>\n\n\n\n<p>Como una medida cautelar que era esperada calific\u00f3 el diputado de Renovaci\u00f3n Nacional por La Araucan\u00eda y presidente regional de la colectividad, Jorge Rathgeb Schifferli, la decisi\u00f3n de prisi\u00f3n preventiva en un recinto penitenciario del Biob\u00edo para H\u00e9ctor Llaitul.<\/p>\n\n\n\n<p>El parlamentario indic\u00f3 que esto es solo el comienzo y que ahora las polic\u00edas y la justicia deben llegar a fondo e investigar todos los antecedentes para dar con m\u00e1s responsables de hechos de violencia y ataques incendiario que se han registrado durante el \u00faltimo tiempo en la Macrozona Sur.<\/p>\n\n\n\n<p>Rathgeb coment\u00f3 que ac\u00e1 deben existir m\u00faltiples indagatorias para as\u00ed dar con m\u00e1s autores de actos que han buscado infundir el temor y el terror en la ciudadan\u00eda y m\u00e1s considerando que tambi\u00e9n existieron llamados desde un ministerio al l\u00edder de la Coordinadora Arauco Malleco, un hecho que es de absoluta gravedad para el parlamentario.<\/p>\n\n\n\n<p>En su calidad de legislador y timonel regional de RN, Rathgeb, espera que la prisi\u00f3n preventiva de H\u00e9ctor Llaitul y todas las acciones que se realicen de ahora en m\u00e1s, arrojen &nbsp;avances, antecedentes y hechos concretos que se traduzcan en ir avanzando en la paz y tranquilidad que los habitantes de La Araucan\u00eda necesitan.<\/p>\n\n\n\n<p>&#8220;Claramente las pruebas esgrimidas en la audiencia, el hecho de que tambi\u00e9n tenga antecedentes anteriores, ameritaba que se decretara la presi\u00f3n preventiva, esperamos que las polic\u00edas y la Fiscal\u00eda sigan investigando para establecer la responsabilidad de otros part\u00edcipes en los hechos y llevar tranquilidad a La Araucan\u00eda, a los peque\u00f1os agricultores, a los transportistas, a los trabajadores, a los adultos mayores, a las mujeres y hombres que laboran y sacan adelante la Regi\u00f3n&#8221;, coment\u00f3 el parlamentario.<\/p>\n\n\n\n<p>Rathgeb tambi\u00e9n indic\u00f3 que el Presidente Gabriel Boric debe entregar una respuesta al pa\u00eds sobre el episodio que vivi\u00f3 la ex ministra Jeannette Vega, tomando en cuenta que desde su ministerio se realizaron llamados a H\u00e9ctor Llaitul.<\/p>\n\n\n\n<p>\u201cEsperamos que el mandatario deje de hacer campa\u00f1a y de explicaciones respecto a este tema, esperamos que lo haga y no diga que se enter\u00f3 por la prensa de esta situaci\u00f3n, porque esto significa que tiene descontrol de su gabinete\u201d, agreg\u00f3 Rathgeb.<\/p>\n\n\n\n<p>Para finalizar el diputado por La Araucan\u00eda, indic\u00f3 que lo ocurrido en las \u00faltimas horas obliga tambi\u00e9n a redoblar la vigilancia en carreteras y zonas rurales a fin de evitar nuevos ataques.<\/p>\n","protected":false},"excerpt":{"rendered":"<div class=\"pvc_clear\"><\/div>\n<p id=\"pvc_stats_34750\" class=\"pvc_stats total_only  \" data-element-id=\"34750\" style=\"\"><i class=\"pvc-stats-icon large\" aria-hidden=\"true\"><svg aria-hidden=\"true\" focusable=\"false\" data-prefix=\"far\" data-icon=\"chart-bar\" role=\"img\" xmlns=\"http:\/\/www.w3.org\/2000\/svg\" viewBox=\"0 0 512 512\" class=\"svg-inline--fa fa-chart-bar fa-w-16 fa-2x\"><path fill=\"currentColor\" d=\"M396.8 352h22.4c6.4 0 12.8-6.4 12.8-12.8V108.8c0-6.4-6.4-12.8-12.8-12.8h-22.4c-6.4 0-12.8 6.4-12.8 12.8v230.4c0 6.4 6.4 12.8 12.8 12.8zm-192 0h22.4c6.4 0 12.8-6.4 12.8-12.8V140.8c0-6.4-6.4-12.8-12.8-12.8h-22.4c-6.4 0-12.8 6.4-12.8 12.8v198.4c0 6.4 6.4 12.8 12.8 12.8zm96 0h22.4c6.4 0 12.8-6.4 12.8-12.8V204.8c0-6.4-6.4-12.8-12.8-12.8h-22.4c-6.4 0-12.8 6.4-12.8 12.8v134.4c0 6.4 6.4 12.8 12.8 12.8zM496 400H48V80c0-8.84-7.16-16-16-16H16C7.16 64 0 71.16 0 80v336c0 17.67 14.33 32 32 32h464c8.84 0 16-7.16 16-16v-16c0-8.84-7.16-16-16-16zm-387.2-48h22.4c6.4 0 12.8-6.4 12.8-12.8v-70.4c0-6.4-6.4-12.8-12.8-12.8h-22.4c-6.4 0-12.8 6.4-12.8 12.8v70.4c0 6.4 6.4 12.8 12.8 12.8z\" class=\"\"><\/path><\/svg><\/i> <img loading=\"lazy\" decoding=\"async\" width=\"16\" height=\"16\" alt=\"Loading\" src=\"https:\/\/temucotelevision.cl\/web\/wp-content\/plugins\/page-views-count\/ajax-loader-2x.gif\" border=0 \/><\/p>\n<div class=\"pvc_clear\"><\/div>\n<p>Rathgeb coment\u00f3 que ac\u00e1 la justicia tiene que llegar al fondo en las indagatorias m\u00e1s a\u00fan cuando trascendi\u00f3 que desde<\/p>\n","protected":false},"author":1,"featured_media":11670,"comment_status":"open","ping_status":"open","sticky":false,"template":"","format":"standard","meta":{"colormag_page_container_layout":"default_layout","colormag_page_sidebar_layout":"default_layout","footnotes":""},"categories":[84],"tags":[1296,154,5611],"class_list":["post-34750","post","type-post","status-publish","format-standard","has-post-thumbnail","hentry","category-politica","tag-cam","tag-diputado","tag-hector-llaitul-2"],"a3_pvc":{"activated":true,"total_views":45,"today_views":0},"_links":{"self":[{"href":"https:\/\/temucotelevision.cl\/web\/wp-json\/wp\/v2\/posts\/34750","targetHints":{"allow":["GET"]}}],"collection":[{"href":"https:\/\/temucotelevision.cl\/web\/wp-json\/wp\/v2\/posts"}],"about":[{"href":"https:\/\/temucotelevision.cl\/web\/wp-json\/wp\/v2\/types\/post"}],"author":[{"embeddable":true,"href":"https:\/\/temucotelevision.cl\/web\/wp-json\/wp\/v2\/users\/1"}],"replies":[{"embeddable":true,"href":"https:\/\/temucotelevision.cl\/web\/wp-json\/wp\/v2\/comments?post=34750"}],"version-history":[{"count":1,"href":"https:\/\/temucotelevision.cl\/web\/wp-json\/wp\/v2\/posts\/34750\/revisions"}],"predecessor-version":[{"id":34751,"href":"https:\/\/temucotelevision.cl\/web\/wp-json\/wp\/v2\/posts\/34750\/revisions\/34751"}],"wp:featuredmedia":[{"embeddable":true,"href":"https:\/\/temucotelevision.cl\/web\/wp-json\/wp\/v2\/media\/11670"}],"wp:attachment":[{"href":"https:\/\/temucotelevision.cl\/web\/wp-json\/wp\/v2\/media?parent=34750"}],"wp:term":[{"taxonomy":"category","embeddable":true,"href":"https:\/\/temucotelevision.cl\/web\/wp-json\/wp\/v2\/categories?post=34750"},{"taxonomy":"post_tag","embeddable":true,"href":"https:\/\/temucotelevision.cl\/web\/wp-json\/wp\/v2\/tags?post=34750"}],"curies":[{"name":"wp","href":"https:\/\/api.w.org\/{rel}","templated":true}]}}