{"id":34747,"date":"2022-08-26T20:48:03","date_gmt":"2022-08-26T23:48:03","guid":{"rendered":"https:\/\/temucotelevision.cl\/web\/?p=34747"},"modified":"2022-08-26T20:48:04","modified_gmt":"2022-08-26T23:48:04","slug":"seremi-de-la-cartera-luis-catrileo-gaete-junto-al-alcalde-alexis-pinera-y-concejales-realizaron-la-entrega-de-titulos-a-17-familias-de-la-comuna-mas-al-sur-de-la-araucania","status":"publish","type":"post","link":"https:\/\/temucotelevision.cl\/web\/2022\/08\/26\/seremi-de-la-cartera-luis-catrileo-gaete-junto-al-alcalde-alexis-pinera-y-concejales-realizaron-la-entrega-de-titulos-a-17-familias-de-la-comuna-mas-al-sur-de-la-araucania\/","title":{"rendered":"Seremi de la cartera, Luis Catrileo Gaete, junto al alcalde Alexis Pinera y concejales, realizaron la entrega de t\u00edtulos a 17 familias de la comuna m\u00e1s al sur de La Araucan\u00eda"},"content":{"rendered":"<div class=\"pvc_clear\"><\/div><p id=\"pvc_stats_34747\" class=\"pvc_stats total_only  \" data-element-id=\"34747\" style=\"\"><i class=\"pvc-stats-icon large\" aria-hidden=\"true\"><svg aria-hidden=\"true\" focusable=\"false\" data-prefix=\"far\" data-icon=\"chart-bar\" role=\"img\" xmlns=\"http:\/\/www.w3.org\/2000\/svg\" viewBox=\"0 0 512 512\" class=\"svg-inline--fa fa-chart-bar fa-w-16 fa-2x\"><path fill=\"currentColor\" d=\"M396.8 352h22.4c6.4 0 12.8-6.4 12.8-12.8V108.8c0-6.4-6.4-12.8-12.8-12.8h-22.4c-6.4 0-12.8 6.4-12.8 12.8v230.4c0 6.4 6.4 12.8 12.8 12.8zm-192 0h22.4c6.4 0 12.8-6.4 12.8-12.8V140.8c0-6.4-6.4-12.8-12.8-12.8h-22.4c-6.4 0-12.8 6.4-12.8 12.8v198.4c0 6.4 6.4 12.8 12.8 12.8zm96 0h22.4c6.4 0 12.8-6.4 12.8-12.8V204.8c0-6.4-6.4-12.8-12.8-12.8h-22.4c-6.4 0-12.8 6.4-12.8 12.8v134.4c0 6.4 6.4 12.8 12.8 12.8zM496 400H48V80c0-8.84-7.16-16-16-16H16C7.16 64 0 71.16 0 80v336c0 17.67 14.33 32 32 32h464c8.84 0 16-7.16 16-16v-16c0-8.84-7.16-16-16-16zm-387.2-48h22.4c6.4 0 12.8-6.4 12.8-12.8v-70.4c0-6.4-6.4-12.8-12.8-12.8h-22.4c-6.4 0-12.8 6.4-12.8 12.8v70.4c0 6.4 6.4 12.8 12.8 12.8z\" class=\"\"><\/path><\/svg><\/i> <img loading=\"lazy\" decoding=\"async\" width=\"16\" height=\"16\" alt=\"Loading\" src=\"https:\/\/temucotelevision.cl\/web\/wp-content\/plugins\/page-views-count\/ajax-loader-2x.gif\" border=0 \/><\/p><div class=\"pvc_clear\"><\/div>\n<p><strong>Loncoche tambi\u00e9n se suma y tiene nuevos propietarios<\/strong> \u00b7\u00a0\u00a0\u00a0\u00a0\u00a0\u00a0<\/p>\n\n\n\n<p>Una nueva entrega de t\u00edtulos de dominio se vivi\u00f3 en La Araucan\u00eda y esta vez tuvo lugar en la comuna de Loncoche, hasta donde se traslad\u00f3 el Seremi de Bienes Nacionales, Luis Catrileo Gaete, para hacer entrega de las respectivas carpetas a 17 familias.<\/p>\n\n\n\n<p>En la sala de concejo y con la presencia de las autoridades comunales encabezadas por el alcalde, Alexis Pineda, se llev\u00f3 a cabo la ceremonia que tuvo como factor com\u00fan, la emoci\u00f3n de los beneficiarios que desde ahora cuentan con la certeza legal de contar con su propiedad regularizada.<\/p>\n\n\n\n<p>En promedio fueron 16 meses los que debieron esperar los nuevos propietarios para tener sus carpetas lo que ahora les abre la posibilidad de aspirar a beneficios del Estado, lo que fue destacado por el titular de Bienes Nacionales, Luis Catrileo, tras culminar la actividad.<\/p>\n\n\n\n<p>\u201cMuy contentos porque ya llevamos m\u00e1s de 800 t\u00edtulos entregados durante este a\u00f1o, felices de compartir esta alegr\u00eda con la gente del territorio y como Gobierno de transformaciones profundas seguiremos desarrollando nuestra actividad en terreno cercano a la gente como lo ha encomendado el Presidente Gabriel Boric\u201d, se\u00f1al\u00f3 el Seremi.<\/p>\n\n\n\n<p>Por su parte el alcalde Alexis Pineda, se\u00f1al\u00f3 que es importante cumplir con los ciudadanos, algo que Bienes Nacionales est\u00e1 concretando con su comuna a trav\u00e9s de distintos planes y trabajo en conjunto.<\/p>\n\n\n\n<p>\u201cMe alegra mucho que este Gobierno en tan poco tiempo de cumplimiento a la promesa de que el Estado tiene que estar al servicio de la gente y de trabajar cercanos con los municipios y eso se ha hecho realidad, yo he sentido mucho respaldo del Seremi que nos ha ayudado con los t\u00edtulos de dominio, con un tema del cementerio y tambi\u00e9n nos ayudar\u00e1 en otras cosas\u201d, manifest\u00f3 la m\u00e1xima autoridad comunal de Loncoche.<\/p>\n\n\n\n<p>En tanto los nuevos propietarios se\u00f1alaron que la espera tuvo su recompensa y que esto ahora les abre una puerta importante para mejorar su est\u00e1ndar de vida.<\/p>\n\n\n\n<p>\u201cEsto es un orgullo, que mis hijos tengan su t\u00edtulo. Yo luch\u00e9 para que ellos tuvieran su t\u00edtulo, hice los tr\u00e1mites yendo de aqu\u00ed para all\u00e1, por eso me emociono porque tendr\u00e1n sus documentos\u201d, indic\u00f3 entre l\u00e1grimas Ximena Calfunao.<\/p>\n\n\n\n<p>Agosto a\u00fan no termina y se anticipa que en los pr\u00f3ximos d\u00edas, Bienes Nacionales estar\u00e1 en Malleco, con una nueva entrega de t\u00edtulos y as\u00ed seguir entregando buenas noticias para los habitantes de La Araucan\u00eda.<\/p>\n","protected":false},"excerpt":{"rendered":"<div class=\"pvc_clear\"><\/div>\n<p id=\"pvc_stats_34747\" class=\"pvc_stats total_only  \" data-element-id=\"34747\" style=\"\"><i class=\"pvc-stats-icon large\" aria-hidden=\"true\"><svg aria-hidden=\"true\" focusable=\"false\" data-prefix=\"far\" data-icon=\"chart-bar\" role=\"img\" xmlns=\"http:\/\/www.w3.org\/2000\/svg\" viewBox=\"0 0 512 512\" class=\"svg-inline--fa fa-chart-bar fa-w-16 fa-2x\"><path fill=\"currentColor\" d=\"M396.8 352h22.4c6.4 0 12.8-6.4 12.8-12.8V108.8c0-6.4-6.4-12.8-12.8-12.8h-22.4c-6.4 0-12.8 6.4-12.8 12.8v230.4c0 6.4 6.4 12.8 12.8 12.8zm-192 0h22.4c6.4 0 12.8-6.4 12.8-12.8V140.8c0-6.4-6.4-12.8-12.8-12.8h-22.4c-6.4 0-12.8 6.4-12.8 12.8v198.4c0 6.4 6.4 12.8 12.8 12.8zm96 0h22.4c6.4 0 12.8-6.4 12.8-12.8V204.8c0-6.4-6.4-12.8-12.8-12.8h-22.4c-6.4 0-12.8 6.4-12.8 12.8v134.4c0 6.4 6.4 12.8 12.8 12.8zM496 400H48V80c0-8.84-7.16-16-16-16H16C7.16 64 0 71.16 0 80v336c0 17.67 14.33 32 32 32h464c8.84 0 16-7.16 16-16v-16c0-8.84-7.16-16-16-16zm-387.2-48h22.4c6.4 0 12.8-6.4 12.8-12.8v-70.4c0-6.4-6.4-12.8-12.8-12.8h-22.4c-6.4 0-12.8 6.4-12.8 12.8v70.4c0 6.4 6.4 12.8 12.8 12.8z\" class=\"\"><\/path><\/svg><\/i> <img loading=\"lazy\" decoding=\"async\" width=\"16\" height=\"16\" alt=\"Loading\" src=\"https:\/\/temucotelevision.cl\/web\/wp-content\/plugins\/page-views-count\/ajax-loader-2x.gif\" border=0 \/><\/p>\n<div class=\"pvc_clear\"><\/div>\n<p>Loncoche tambi\u00e9n se suma y tiene nuevos propietarios \u00b7\u00a0\u00a0\u00a0\u00a0\u00a0\u00a0 Una nueva entrega de t\u00edtulos de dominio se vivi\u00f3 en La<\/p>\n","protected":false},"author":1,"featured_media":34748,"comment_status":"open","ping_status":"open","sticky":false,"template":"","format":"standard","meta":{"colormag_page_container_layout":"default_layout","colormag_page_sidebar_layout":"default_layout","footnotes":""},"categories":[14],"tags":[202,993,5735,232,1802],"class_list":["post-34747","post","type-post","status-publish","format-standard","has-post-thumbnail","hentry","category-temuco","tag-alcalde","tag-loncoche","tag-propietarios","tag-seremi","tag-titulos"],"a3_pvc":{"activated":true,"total_views":73,"today_views":0},"_links":{"self":[{"href":"https:\/\/temucotelevision.cl\/web\/wp-json\/wp\/v2\/posts\/34747","targetHints":{"allow":["GET"]}}],"collection":[{"href":"https:\/\/temucotelevision.cl\/web\/wp-json\/wp\/v2\/posts"}],"about":[{"href":"https:\/\/temucotelevision.cl\/web\/wp-json\/wp\/v2\/types\/post"}],"author":[{"embeddable":true,"href":"https:\/\/temucotelevision.cl\/web\/wp-json\/wp\/v2\/users\/1"}],"replies":[{"embeddable":true,"href":"https:\/\/temucotelevision.cl\/web\/wp-json\/wp\/v2\/comments?post=34747"}],"version-history":[{"count":1,"href":"https:\/\/temucotelevision.cl\/web\/wp-json\/wp\/v2\/posts\/34747\/revisions"}],"predecessor-version":[{"id":34749,"href":"https:\/\/temucotelevision.cl\/web\/wp-json\/wp\/v2\/posts\/34747\/revisions\/34749"}],"wp:featuredmedia":[{"embeddable":true,"href":"https:\/\/temucotelevision.cl\/web\/wp-json\/wp\/v2\/media\/34748"}],"wp:attachment":[{"href":"https:\/\/temucotelevision.cl\/web\/wp-json\/wp\/v2\/media?parent=34747"}],"wp:term":[{"taxonomy":"category","embeddable":true,"href":"https:\/\/temucotelevision.cl\/web\/wp-json\/wp\/v2\/categories?post=34747"},{"taxonomy":"post_tag","embeddable":true,"href":"https:\/\/temucotelevision.cl\/web\/wp-json\/wp\/v2\/tags?post=34747"}],"curies":[{"name":"wp","href":"https:\/\/api.w.org\/{rel}","templated":true}]}}