{"id":34738,"date":"2022-08-26T15:51:29","date_gmt":"2022-08-26T18:51:29","guid":{"rendered":"https:\/\/temucotelevision.cl\/web\/?p=34738"},"modified":"2022-08-26T15:51:30","modified_gmt":"2022-08-26T18:51:30","slug":"pepe-varela-estrena-su-nuevo-singleflorecer","status":"publish","type":"post","link":"https:\/\/temucotelevision.cl\/web\/2022\/08\/26\/pepe-varela-estrena-su-nuevo-singleflorecer\/","title":{"rendered":"Pepe Varela estrena su nuevo single\u201cFlorecer\u201d"},"content":{"rendered":"<div class=\"pvc_clear\"><\/div><p id=\"pvc_stats_34738\" class=\"pvc_stats total_only  \" data-element-id=\"34738\" style=\"\"><i class=\"pvc-stats-icon large\" aria-hidden=\"true\"><svg aria-hidden=\"true\" focusable=\"false\" data-prefix=\"far\" data-icon=\"chart-bar\" role=\"img\" xmlns=\"http:\/\/www.w3.org\/2000\/svg\" viewBox=\"0 0 512 512\" class=\"svg-inline--fa fa-chart-bar fa-w-16 fa-2x\"><path fill=\"currentColor\" d=\"M396.8 352h22.4c6.4 0 12.8-6.4 12.8-12.8V108.8c0-6.4-6.4-12.8-12.8-12.8h-22.4c-6.4 0-12.8 6.4-12.8 12.8v230.4c0 6.4 6.4 12.8 12.8 12.8zm-192 0h22.4c6.4 0 12.8-6.4 12.8-12.8V140.8c0-6.4-6.4-12.8-12.8-12.8h-22.4c-6.4 0-12.8 6.4-12.8 12.8v198.4c0 6.4 6.4 12.8 12.8 12.8zm96 0h22.4c6.4 0 12.8-6.4 12.8-12.8V204.8c0-6.4-6.4-12.8-12.8-12.8h-22.4c-6.4 0-12.8 6.4-12.8 12.8v134.4c0 6.4 6.4 12.8 12.8 12.8zM496 400H48V80c0-8.84-7.16-16-16-16H16C7.16 64 0 71.16 0 80v336c0 17.67 14.33 32 32 32h464c8.84 0 16-7.16 16-16v-16c0-8.84-7.16-16-16-16zm-387.2-48h22.4c6.4 0 12.8-6.4 12.8-12.8v-70.4c0-6.4-6.4-12.8-12.8-12.8h-22.4c-6.4 0-12.8 6.4-12.8 12.8v70.4c0 6.4 6.4 12.8 12.8 12.8z\" class=\"\"><\/path><\/svg><\/i> <img loading=\"lazy\" decoding=\"async\" width=\"16\" height=\"16\" alt=\"Loading\" src=\"https:\/\/temucotelevision.cl\/web\/wp-content\/plugins\/page-views-count\/ajax-loader-2x.gif\" border=0 \/><\/p><div class=\"pvc_clear\"><\/div>\n<p><strong>El reconocido m\u00fasico nacional presenta un nuevo sencillo de su disco \u201cVivo en Ti\u201d.<\/strong><\/p>\n\n\n\n<p><strong>Pepe Varela<\/strong>\u00a0es el proyecto musical del compositor y cantautor chillanejo\u00a0<strong>Juan Pablo Varela,<\/strong>\u00a0quien actualmente est\u00e1 cumpliendo una d\u00e9cada de trayectoria art\u00edstica. El 2013 public\u00f3 su primer disco\u00a0<strong>\u201cCharcos Presentes\u201d,<\/strong>\u00a0lo que lo llev\u00f3 a girar por\u00a0<strong>Colombia, Per\u00fa, Ecuador, Bolivia y Argentina.<\/strong>\u00a0Posteriormente, el m\u00fasico sigue editando material y participando en festivales en\u00a0<strong>Espa\u00f1a<\/strong>\u00a0y tambi\u00e9n nacionales, present\u00e1ndose en m\u00faltiples regiones y ciudades nacionales. Tras un amplio y nutrido historial de lanzamientos, tours y conciertos,<strong>\u00a0Pepe Varela<\/strong>\u00a0nos invita hoy a descubrir su m\u00e1s reciente trabajo musical titulado<strong>\u00a0\u201cFlorecer\u201d.<\/strong><\/p>\n\n\n\n<p>Sonidos folk con elementos ac\u00fasticos y ambientales, y una letra profunda y esperanzadora para los d\u00edas en que vivimos, es lo que propone Pepe Varela en su nuevo sencillo que forma parte de su disco\u00a0<strong>&#8220;Vivo en ti\u201d. \u201cLa canci\u00f3n resulta ser un ejercicio de recordar lo caminado para sembrar con m\u00e1s fuerza cada instante del presente en su determinado momento. Hoy agradezco, pero ma\u00f1ana se lo dejo a Dios\u201d<\/strong>, explica el m\u00fasico.\u00a0<\/p>\n\n\n\n<p>El proceso del sencillo tuvo la participaci\u00f3n del m\u00fasico y\u00a0<strong>productor chileno<\/strong>\u00a0<strong>Orlando Duarte<\/strong>\u00a0en arreglos consecutivos y<strong>\u00a0Mat\u00edas Celis en el Cello<\/strong>. La grabaci\u00f3n fue realizada en\u00a0<strong>Casona Art\u00edstica Puy\u00f3, Bellas Artes.<\/strong>\u00a0El sencillo se suma al ya publicado semanas anteriores\u00a0<strong>&#8220;Brotes del Alma&#8221;,<\/strong>\u00a0que ha alcanzado hasta la fecha\u00a0<strong>100 mil reproducciones en Spotify.<\/strong><\/p>\n\n\n\n<p><strong>\u201cFlorecer\u201d<\/strong>, ya se encuentra disponible en todas las plataformas de streaming junto con el resto de publicaciones de\u00a0<strong>Pepe Varela<\/strong>, quien ya se consolida como uno de los artistas locales m\u00e1s fruct\u00edferos de la escena actual.<\/p>\n\n\n\n<figure class=\"wp-block-embed is-type-rich is-provider-spotify wp-block-embed-spotify wp-embed-aspect-21-9 wp-has-aspect-ratio\"><div class=\"wp-block-embed__wrapper\">\n<iframe title=\"Spotify Embed: Florecer\" style=\"border-radius: 12px\" width=\"100%\" height=\"380\" frameborder=\"0\" allowfullscreen allow=\"autoplay; clipboard-write; encrypted-media; fullscreen; picture-in-picture\" loading=\"lazy\" src=\"https:\/\/open.spotify.com\/embed\/album\/4vBAfrKlPj7XOQLYdSQFUn?utm_source=oembed\"><\/iframe>\n<\/div><\/figure>\n\n\n\n<p><\/p>\n","protected":false},"excerpt":{"rendered":"<div class=\"pvc_clear\"><\/div>\n<p id=\"pvc_stats_34738\" class=\"pvc_stats total_only  \" data-element-id=\"34738\" style=\"\"><i class=\"pvc-stats-icon large\" aria-hidden=\"true\"><svg aria-hidden=\"true\" focusable=\"false\" data-prefix=\"far\" data-icon=\"chart-bar\" role=\"img\" xmlns=\"http:\/\/www.w3.org\/2000\/svg\" viewBox=\"0 0 512 512\" class=\"svg-inline--fa fa-chart-bar fa-w-16 fa-2x\"><path fill=\"currentColor\" d=\"M396.8 352h22.4c6.4 0 12.8-6.4 12.8-12.8V108.8c0-6.4-6.4-12.8-12.8-12.8h-22.4c-6.4 0-12.8 6.4-12.8 12.8v230.4c0 6.4 6.4 12.8 12.8 12.8zm-192 0h22.4c6.4 0 12.8-6.4 12.8-12.8V140.8c0-6.4-6.4-12.8-12.8-12.8h-22.4c-6.4 0-12.8 6.4-12.8 12.8v198.4c0 6.4 6.4 12.8 12.8 12.8zm96 0h22.4c6.4 0 12.8-6.4 12.8-12.8V204.8c0-6.4-6.4-12.8-12.8-12.8h-22.4c-6.4 0-12.8 6.4-12.8 12.8v134.4c0 6.4 6.4 12.8 12.8 12.8zM496 400H48V80c0-8.84-7.16-16-16-16H16C7.16 64 0 71.16 0 80v336c0 17.67 14.33 32 32 32h464c8.84 0 16-7.16 16-16v-16c0-8.84-7.16-16-16-16zm-387.2-48h22.4c6.4 0 12.8-6.4 12.8-12.8v-70.4c0-6.4-6.4-12.8-12.8-12.8h-22.4c-6.4 0-12.8 6.4-12.8 12.8v70.4c0 6.4 6.4 12.8 12.8 12.8z\" class=\"\"><\/path><\/svg><\/i> <img loading=\"lazy\" decoding=\"async\" width=\"16\" height=\"16\" alt=\"Loading\" src=\"https:\/\/temucotelevision.cl\/web\/wp-content\/plugins\/page-views-count\/ajax-loader-2x.gif\" border=0 \/><\/p>\n<div class=\"pvc_clear\"><\/div>\n<p>El reconocido m\u00fasico nacional presenta un nuevo sencillo de su disco \u201cVivo en Ti\u201d. Pepe Varela\u00a0es el proyecto musical del<\/p>\n","protected":false},"author":1,"featured_media":34740,"comment_status":"open","ping_status":"open","sticky":false,"template":"","format":"standard","meta":{"colormag_page_container_layout":"default_layout","colormag_page_sidebar_layout":"default_layout","footnotes":""},"categories":[369],"tags":[],"class_list":["post-34738","post","type-post","status-publish","format-standard","has-post-thumbnail","hentry","category-musica"],"a3_pvc":{"activated":true,"total_views":52,"today_views":0},"_links":{"self":[{"href":"https:\/\/temucotelevision.cl\/web\/wp-json\/wp\/v2\/posts\/34738","targetHints":{"allow":["GET"]}}],"collection":[{"href":"https:\/\/temucotelevision.cl\/web\/wp-json\/wp\/v2\/posts"}],"about":[{"href":"https:\/\/temucotelevision.cl\/web\/wp-json\/wp\/v2\/types\/post"}],"author":[{"embeddable":true,"href":"https:\/\/temucotelevision.cl\/web\/wp-json\/wp\/v2\/users\/1"}],"replies":[{"embeddable":true,"href":"https:\/\/temucotelevision.cl\/web\/wp-json\/wp\/v2\/comments?post=34738"}],"version-history":[{"count":2,"href":"https:\/\/temucotelevision.cl\/web\/wp-json\/wp\/v2\/posts\/34738\/revisions"}],"predecessor-version":[{"id":34742,"href":"https:\/\/temucotelevision.cl\/web\/wp-json\/wp\/v2\/posts\/34738\/revisions\/34742"}],"wp:featuredmedia":[{"embeddable":true,"href":"https:\/\/temucotelevision.cl\/web\/wp-json\/wp\/v2\/media\/34740"}],"wp:attachment":[{"href":"https:\/\/temucotelevision.cl\/web\/wp-json\/wp\/v2\/media?parent=34738"}],"wp:term":[{"taxonomy":"category","embeddable":true,"href":"https:\/\/temucotelevision.cl\/web\/wp-json\/wp\/v2\/categories?post=34738"},{"taxonomy":"post_tag","embeddable":true,"href":"https:\/\/temucotelevision.cl\/web\/wp-json\/wp\/v2\/tags?post=34738"}],"curies":[{"name":"wp","href":"https:\/\/api.w.org\/{rel}","templated":true}]}}