{"id":34729,"date":"2022-08-25T23:37:42","date_gmt":"2022-08-26T02:37:42","guid":{"rendered":"https:\/\/temucotelevision.cl\/web\/?p=34729"},"modified":"2022-08-25T23:37:43","modified_gmt":"2022-08-26T02:37:43","slug":"juzgado-de-garantia-de-temuco-ordena-la-prision-preventiva-de-imputado-por-ley-de-seguridad-del-estado-usurpacion-hurto-y-atentado-a-la-autoridad","status":"publish","type":"post","link":"https:\/\/temucotelevision.cl\/web\/2022\/08\/25\/juzgado-de-garantia-de-temuco-ordena-la-prision-preventiva-de-imputado-por-ley-de-seguridad-del-estado-usurpacion-hurto-y-atentado-a-la-autoridad\/","title":{"rendered":"Juzgado de Garant\u00eda de Temuco ordena la prisi\u00f3n preventiva de imputado por ley de seguridad del Estado, usurpaci\u00f3n, hurto y atentado a la autoridad"},"content":{"rendered":"<div class=\"pvc_clear\"><\/div><p id=\"pvc_stats_34729\" class=\"pvc_stats total_only  \" data-element-id=\"34729\" style=\"\"><i class=\"pvc-stats-icon large\" aria-hidden=\"true\"><svg aria-hidden=\"true\" focusable=\"false\" data-prefix=\"far\" data-icon=\"chart-bar\" role=\"img\" xmlns=\"http:\/\/www.w3.org\/2000\/svg\" viewBox=\"0 0 512 512\" class=\"svg-inline--fa fa-chart-bar fa-w-16 fa-2x\"><path fill=\"currentColor\" d=\"M396.8 352h22.4c6.4 0 12.8-6.4 12.8-12.8V108.8c0-6.4-6.4-12.8-12.8-12.8h-22.4c-6.4 0-12.8 6.4-12.8 12.8v230.4c0 6.4 6.4 12.8 12.8 12.8zm-192 0h22.4c6.4 0 12.8-6.4 12.8-12.8V140.8c0-6.4-6.4-12.8-12.8-12.8h-22.4c-6.4 0-12.8 6.4-12.8 12.8v198.4c0 6.4 6.4 12.8 12.8 12.8zm96 0h22.4c6.4 0 12.8-6.4 12.8-12.8V204.8c0-6.4-6.4-12.8-12.8-12.8h-22.4c-6.4 0-12.8 6.4-12.8 12.8v134.4c0 6.4 6.4 12.8 12.8 12.8zM496 400H48V80c0-8.84-7.16-16-16-16H16C7.16 64 0 71.16 0 80v336c0 17.67 14.33 32 32 32h464c8.84 0 16-7.16 16-16v-16c0-8.84-7.16-16-16-16zm-387.2-48h22.4c6.4 0 12.8-6.4 12.8-12.8v-70.4c0-6.4-6.4-12.8-12.8-12.8h-22.4c-6.4 0-12.8 6.4-12.8 12.8v70.4c0 6.4 6.4 12.8 12.8 12.8z\" class=\"\"><\/path><\/svg><\/i> <img loading=\"lazy\" decoding=\"async\" width=\"16\" height=\"16\" alt=\"Loading\" src=\"https:\/\/temucotelevision.cl\/web\/wp-content\/plugins\/page-views-count\/ajax-loader-2x.gif\" border=0 \/><\/p><div class=\"pvc_clear\"><\/div>\n<blockquote class=\"wp-block-quote is-layout-flow wp-block-quote-is-layout-flow\"><p>En la audiencia de formalizaci\u00f3n (causa rol 1.423-2020), la magistrada Leticia Rivera Reyes orden\u00f3 el ingreso de Llaitul Carrillanca al Centro de Cumplimiento Penitenciario B\u00edo B\u00edo de Concepci\u00f3n, por considerar que la libertad del imputado constituye un peligro para la seguridad de la sociedad y de fuga. Adem\u00e1s, fij\u00f3 en 30 d\u00edas el plazo de investigaci\u00f3n.<\/p><\/blockquote>\n\n\n\n<p>El Juzgado de Garant\u00eda de Temuco dej\u00f3 hoy \u2013jueves 25 de agosto\u2013 sujeto a la medida cautelar de prisi\u00f3n preventiva a H\u00e9ctor Javier Llaitul Carrillanca, imputado por el Ministerio P\u00fablico como autor de delitos consumados contemplado en la ley seguridad del Estado, usurpaci\u00f3n violenta de predios, hurto madera y atentado a la autoridad. Il\u00edcitos que habr\u00eda perpetrado a partir de noviembre de 2020.<\/p>\n\n\n\n<p>En la audiencia de formalizaci\u00f3n, la magistrada Leticia Rivera Reyes orden\u00f3 el ingreso de Llaitul Carrillanca al Centro de Cumplimiento Penitenciario B\u00edo B\u00edo de Concepci\u00f3n, por considerar que la libertad del imputado constituye un peligro para la seguridad de la sociedad y de fuga. Adem\u00e1s, fij\u00f3 en 30 d\u00edas el plazo de investigaci\u00f3n.<\/p>\n\n\n\n<p>Al decretar la privaci\u00f3n de libertad del imputado, la jueza Rivera Reyes sostuvo que: \u201cEl tribunal no puede desconocer en esta etapa procesal, que el imputado debe comparecer compulsivamente, el n\u00famero de delitos que se le imputan, el car\u00e1cter de los mismos; que los hechos tres y cuatro fueron cometidos en grupo o pandilla y la pena probable que arriesga, toda vez que, aun en el m\u00e1s acabado an\u00e1lisis de la determinaci\u00f3n de penas favorables, incluso desatendiendo aquellos que tienen pena alternativa de multa, no es posible arribar a una pena menor que la de presidio mayor en su grado m\u00ednimo, lo que le impedir\u00eda el cumplimiento en libertad. Lo anterior sin considerar el mal causado, el que aun cuando no fuere parte del dolo de la gente, en teor\u00eda, lo cierto es que la alegaci\u00f3n efectuada por el representante de la v\u00edctima, sumada a las consecuencias de conocimiento p\u00fablico que estos hechos ocasionan en la comunidad, es posible desprender que la libertad del imputado constituye un peligro para la seguridad de la sociedad y un peligro de fuga\u201d.<\/p>\n\n\n\n<p>\u201cPor esta consideraci\u00f3n se resuelve primero: que este tribunal se declara competente para conocer de los hechos que motivan la presente causa. Segundo: que se decreta la prisi\u00f3n preventiva del imputado debiendo ingresar a cumplir al Centro Cumplimiento Penitenciario del B\u00edo B\u00edo, Octava Regi\u00f3n, lugar que previa coordinaci\u00f3n dispuso Gendarmer\u00eda de Chile en el \u00e1mbito de sus facultades\u201d, a\u00f1adi\u00f3.<\/p>\n\n\n\n<p>Seg\u00fan el ente persecutor, a partir de una querella por ley de seguridad del Estado, presentada por el gobierno de la \u00e9poca, por declaraciones formuladas por el imputado durante 2020, en calidad de l\u00edder de la Coordinadora Arauco Malleco (CAM), se inici\u00f3 una investigaci\u00f3n por una serie de ataques incendiarios y acciones violentas en la Regi\u00f3n de La Araucan\u00eda, que se extendieron a otras zonas de la denominada macrozona sur, ejecutados por los \u00d3rganos de Resistencia Territorial (ORT). Entre ellas, la usurpaci\u00f3n violenta de predios forestales, como la que afect\u00f3, en febrero del a\u00f1o pasado al fundo San Esteban, ubicado en la comuna de Victoria, lugar donde, adem\u00e1s, se registr\u00f3 un enfrentamiento con armas de fuego con personal de Carabineros.<\/p>\n\n\n\n<p>En tanto, en marzo de 2021, miembros de la CAM, coordinados por el imputado ingresaron al fundo Renaco Pastales, de la empresa forestal Bosques Caut\u00edn de la comuna de Cholchol, predio donde habr\u00edan procedido a hurtar madera, provocando un perjuicio avaluado en $87.500.000 (ochenta y siete millones quinientos mil pesos) y adem\u00e1s resultaron heridos dos carabineros por proyectiles bal\u00edsticos.<\/p>\n\n\n\n<iframe loading=\"lazy\" src=\"https:\/\/www.facebook.com\/plugins\/video.php?height=314&#038;href=https%3A%2F%2Fwww.facebook.com%2FTemucoTelevision%2Fvideos%2F1418270568673956%2F&#038;show_text=true&#038;width=560&#038;t=0\" width=\"560\" height=\"429\" style=\"border:none;overflow:hidden\" scrolling=\"no\" frameborder=\"0\" allowfullscreen=\"true\" allow=\"autoplay; clipboard-write; encrypted-media; picture-in-picture; web-share\" allowFullScreen=\"true\"><\/iframe>\n","protected":false},"excerpt":{"rendered":"<div class=\"pvc_clear\"><\/div>\n<p id=\"pvc_stats_34729\" class=\"pvc_stats total_only  \" data-element-id=\"34729\" style=\"\"><i class=\"pvc-stats-icon large\" aria-hidden=\"true\"><svg aria-hidden=\"true\" focusable=\"false\" data-prefix=\"far\" data-icon=\"chart-bar\" role=\"img\" xmlns=\"http:\/\/www.w3.org\/2000\/svg\" viewBox=\"0 0 512 512\" class=\"svg-inline--fa fa-chart-bar fa-w-16 fa-2x\"><path fill=\"currentColor\" d=\"M396.8 352h22.4c6.4 0 12.8-6.4 12.8-12.8V108.8c0-6.4-6.4-12.8-12.8-12.8h-22.4c-6.4 0-12.8 6.4-12.8 12.8v230.4c0 6.4 6.4 12.8 12.8 12.8zm-192 0h22.4c6.4 0 12.8-6.4 12.8-12.8V140.8c0-6.4-6.4-12.8-12.8-12.8h-22.4c-6.4 0-12.8 6.4-12.8 12.8v198.4c0 6.4 6.4 12.8 12.8 12.8zm96 0h22.4c6.4 0 12.8-6.4 12.8-12.8V204.8c0-6.4-6.4-12.8-12.8-12.8h-22.4c-6.4 0-12.8 6.4-12.8 12.8v134.4c0 6.4 6.4 12.8 12.8 12.8zM496 400H48V80c0-8.84-7.16-16-16-16H16C7.16 64 0 71.16 0 80v336c0 17.67 14.33 32 32 32h464c8.84 0 16-7.16 16-16v-16c0-8.84-7.16-16-16-16zm-387.2-48h22.4c6.4 0 12.8-6.4 12.8-12.8v-70.4c0-6.4-6.4-12.8-12.8-12.8h-22.4c-6.4 0-12.8 6.4-12.8 12.8v70.4c0 6.4 6.4 12.8 12.8 12.8z\" class=\"\"><\/path><\/svg><\/i> <img loading=\"lazy\" decoding=\"async\" width=\"16\" height=\"16\" alt=\"Loading\" src=\"https:\/\/temucotelevision.cl\/web\/wp-content\/plugins\/page-views-count\/ajax-loader-2x.gif\" border=0 \/><\/p>\n<div class=\"pvc_clear\"><\/div>\n<p>En la audiencia de formalizaci\u00f3n (causa rol 1.423-2020), la magistrada Leticia Rivera Reyes orden\u00f3 el ingreso de Llaitul Carrillanca al<\/p>\n","protected":false},"author":1,"featured_media":34730,"comment_status":"open","ping_status":"open","sticky":false,"template":"","format":"standard","meta":{"colormag_page_container_layout":"default_layout","colormag_page_sidebar_layout":"default_layout","footnotes":""},"categories":[15],"tags":[1296,792,979,2149,541],"class_list":["post-34729","post","type-post","status-publish","format-standard","has-post-thumbnail","hentry","category-la-araucania","tag-cam","tag-imputado","tag-juzgado","tag-llaitul","tag-prision"],"a3_pvc":{"activated":true,"total_views":77,"today_views":0},"_links":{"self":[{"href":"https:\/\/temucotelevision.cl\/web\/wp-json\/wp\/v2\/posts\/34729","targetHints":{"allow":["GET"]}}],"collection":[{"href":"https:\/\/temucotelevision.cl\/web\/wp-json\/wp\/v2\/posts"}],"about":[{"href":"https:\/\/temucotelevision.cl\/web\/wp-json\/wp\/v2\/types\/post"}],"author":[{"embeddable":true,"href":"https:\/\/temucotelevision.cl\/web\/wp-json\/wp\/v2\/users\/1"}],"replies":[{"embeddable":true,"href":"https:\/\/temucotelevision.cl\/web\/wp-json\/wp\/v2\/comments?post=34729"}],"version-history":[{"count":1,"href":"https:\/\/temucotelevision.cl\/web\/wp-json\/wp\/v2\/posts\/34729\/revisions"}],"predecessor-version":[{"id":34731,"href":"https:\/\/temucotelevision.cl\/web\/wp-json\/wp\/v2\/posts\/34729\/revisions\/34731"}],"wp:featuredmedia":[{"embeddable":true,"href":"https:\/\/temucotelevision.cl\/web\/wp-json\/wp\/v2\/media\/34730"}],"wp:attachment":[{"href":"https:\/\/temucotelevision.cl\/web\/wp-json\/wp\/v2\/media?parent=34729"}],"wp:term":[{"taxonomy":"category","embeddable":true,"href":"https:\/\/temucotelevision.cl\/web\/wp-json\/wp\/v2\/categories?post=34729"},{"taxonomy":"post_tag","embeddable":true,"href":"https:\/\/temucotelevision.cl\/web\/wp-json\/wp\/v2\/tags?post=34729"}],"curies":[{"name":"wp","href":"https:\/\/api.w.org\/{rel}","templated":true}]}}