{"id":34727,"date":"2022-08-25T17:11:25","date_gmt":"2022-08-25T20:11:25","guid":{"rendered":"https:\/\/temucotelevision.cl\/web\/?p=34727"},"modified":"2022-08-25T17:11:26","modified_gmt":"2022-08-25T20:11:26","slug":"diputada-naveillan-por-contacto-telefonico-entre-gobierno-y-hector-llaitul-que-buscaban-con-esta-reunion","status":"publish","type":"post","link":"https:\/\/temucotelevision.cl\/web\/2022\/08\/25\/diputada-naveillan-por-contacto-telefonico-entre-gobierno-y-hector-llaitul-que-buscaban-con-esta-reunion\/","title":{"rendered":"Diputada Naveillan por contacto telef\u00f3nico entre gobierno y H\u00e9ctor Llaitul: \u00bfQu\u00e9 buscaban con esta reuni\u00f3n?"},"content":{"rendered":"<div class=\"pvc_clear\"><\/div><p id=\"pvc_stats_34727\" class=\"pvc_stats total_only  \" data-element-id=\"34727\" style=\"\"><i class=\"pvc-stats-icon large\" aria-hidden=\"true\"><svg aria-hidden=\"true\" focusable=\"false\" data-prefix=\"far\" data-icon=\"chart-bar\" role=\"img\" xmlns=\"http:\/\/www.w3.org\/2000\/svg\" viewBox=\"0 0 512 512\" class=\"svg-inline--fa fa-chart-bar fa-w-16 fa-2x\"><path fill=\"currentColor\" d=\"M396.8 352h22.4c6.4 0 12.8-6.4 12.8-12.8V108.8c0-6.4-6.4-12.8-12.8-12.8h-22.4c-6.4 0-12.8 6.4-12.8 12.8v230.4c0 6.4 6.4 12.8 12.8 12.8zm-192 0h22.4c6.4 0 12.8-6.4 12.8-12.8V140.8c0-6.4-6.4-12.8-12.8-12.8h-22.4c-6.4 0-12.8 6.4-12.8 12.8v198.4c0 6.4 6.4 12.8 12.8 12.8zm96 0h22.4c6.4 0 12.8-6.4 12.8-12.8V204.8c0-6.4-6.4-12.8-12.8-12.8h-22.4c-6.4 0-12.8 6.4-12.8 12.8v134.4c0 6.4 6.4 12.8 12.8 12.8zM496 400H48V80c0-8.84-7.16-16-16-16H16C7.16 64 0 71.16 0 80v336c0 17.67 14.33 32 32 32h464c8.84 0 16-7.16 16-16v-16c0-8.84-7.16-16-16-16zm-387.2-48h22.4c6.4 0 12.8-6.4 12.8-12.8v-70.4c0-6.4-6.4-12.8-12.8-12.8h-22.4c-6.4 0-12.8 6.4-12.8 12.8v70.4c0 6.4 6.4 12.8 12.8 12.8z\" class=\"\"><\/path><\/svg><\/i> <img loading=\"lazy\" decoding=\"async\" width=\"16\" height=\"16\" alt=\"Loading\" src=\"https:\/\/temucotelevision.cl\/web\/wp-content\/plugins\/page-views-count\/ajax-loader-2x.gif\" border=0 \/><\/p><div class=\"pvc_clear\"><\/div>\n<p><em>La legisladora cr\u00edtico lo dado a conocer por un medio de comunicaci\u00f3n, donde se consigna un llamado telef\u00f3nico entre el ministerio de Desarrollo Social y el l\u00edder de la CAM<\/em><\/p>\n\n\n\n<p>La diputada Gloria Naveillan, reaccion\u00f3 a lo revelado por el medio digital Exante.cl, el cual dio a conocer un informe privado de la Polic\u00eda de Investigaciones donde se consigna que una de las asesoras de la ministra de Desarrollo Social, Jeannette Vega, se contact\u00f3 por tel\u00e9fono con el l\u00edder de la Coordinadora Arauco Malleco, H\u00e9ctor Llaitul, para establecer un contacto directo entre Vega y el cabecilla de la CAM.<\/p>\n\n\n\n<p><em>&#8220;Yo quisiera saber como consigui\u00f3 el tel\u00e9fono de H\u00e9ctor Llaitul esta asesora del ministerio de Desarrollo Social<\/em>. Por qu\u00e9, si en el gobierno sab\u00edan que hab\u00eda una orden de persecuci\u00f3n a H\u00e9ctor Llaitul y una querella de por medio en la cual les cost\u00f3 harto pero finalmente se hicieron parte, \u00bfNo dio a conocer la ministra Jeannette Vega o su asesora para saber d\u00f3nde estaba H\u00e9ctor Llaitul?&#8221;, manifest\u00f3 la diputada.<\/p>\n\n\n\n<p>De acuerdo al informe de la PDI, el llamado telef\u00f3nico se dio el pasado 11 de mayo, d\u00edas antes de que la ministra Vega se\u00f1alar\u00e1 en una entrevista en un medio de comunicaci\u00f3n que en Chile existen presos pol\u00edticos.<\/p>\n\n\n\n<p>Respecto al prop\u00f3sito de este contacto entre Vega y Llaitul, la diputada Naveillan se\u00f1al\u00f3: Yo quisiera saber, \u00bfQu\u00e9 buscaba con esta reuni\u00f3n? Impresentable qu\u00e9 el gobierno haya tenido contacto telef\u00f3nico a trav\u00e9s de una asesora de la ministra de Desarrollo Social con un terrorista. Yo quiero saber qu\u00e9 relaci\u00f3n hay entre esta asesora y con quien se consigui\u00f3 el tel\u00e9fono, porque esto es de la m\u00e1xima gravedad&#8221;.<\/p>\n","protected":false},"excerpt":{"rendered":"<div class=\"pvc_clear\"><\/div>\n<p id=\"pvc_stats_34727\" class=\"pvc_stats total_only  \" data-element-id=\"34727\" style=\"\"><i class=\"pvc-stats-icon large\" aria-hidden=\"true\"><svg aria-hidden=\"true\" focusable=\"false\" data-prefix=\"far\" data-icon=\"chart-bar\" role=\"img\" xmlns=\"http:\/\/www.w3.org\/2000\/svg\" viewBox=\"0 0 512 512\" class=\"svg-inline--fa fa-chart-bar fa-w-16 fa-2x\"><path fill=\"currentColor\" d=\"M396.8 352h22.4c6.4 0 12.8-6.4 12.8-12.8V108.8c0-6.4-6.4-12.8-12.8-12.8h-22.4c-6.4 0-12.8 6.4-12.8 12.8v230.4c0 6.4 6.4 12.8 12.8 12.8zm-192 0h22.4c6.4 0 12.8-6.4 12.8-12.8V140.8c0-6.4-6.4-12.8-12.8-12.8h-22.4c-6.4 0-12.8 6.4-12.8 12.8v198.4c0 6.4 6.4 12.8 12.8 12.8zm96 0h22.4c6.4 0 12.8-6.4 12.8-12.8V204.8c0-6.4-6.4-12.8-12.8-12.8h-22.4c-6.4 0-12.8 6.4-12.8 12.8v134.4c0 6.4 6.4 12.8 12.8 12.8zM496 400H48V80c0-8.84-7.16-16-16-16H16C7.16 64 0 71.16 0 80v336c0 17.67 14.33 32 32 32h464c8.84 0 16-7.16 16-16v-16c0-8.84-7.16-16-16-16zm-387.2-48h22.4c6.4 0 12.8-6.4 12.8-12.8v-70.4c0-6.4-6.4-12.8-12.8-12.8h-22.4c-6.4 0-12.8 6.4-12.8 12.8v70.4c0 6.4 6.4 12.8 12.8 12.8z\" class=\"\"><\/path><\/svg><\/i> <img loading=\"lazy\" decoding=\"async\" width=\"16\" height=\"16\" alt=\"Loading\" src=\"https:\/\/temucotelevision.cl\/web\/wp-content\/plugins\/page-views-count\/ajax-loader-2x.gif\" border=0 \/><\/p>\n<div class=\"pvc_clear\"><\/div>\n<p>La legisladora cr\u00edtico lo dado a conocer por un medio de comunicaci\u00f3n, donde se consigna un llamado telef\u00f3nico entre el<\/p>\n","protected":false},"author":1,"featured_media":34571,"comment_status":"open","ping_status":"open","sticky":false,"template":"","format":"standard","meta":{"colormag_page_container_layout":"default_layout","colormag_page_sidebar_layout":"default_layout","footnotes":""},"categories":[84],"tags":[],"class_list":["post-34727","post","type-post","status-publish","format-standard","has-post-thumbnail","hentry","category-politica"],"a3_pvc":{"activated":true,"total_views":30,"today_views":0},"_links":{"self":[{"href":"https:\/\/temucotelevision.cl\/web\/wp-json\/wp\/v2\/posts\/34727","targetHints":{"allow":["GET"]}}],"collection":[{"href":"https:\/\/temucotelevision.cl\/web\/wp-json\/wp\/v2\/posts"}],"about":[{"href":"https:\/\/temucotelevision.cl\/web\/wp-json\/wp\/v2\/types\/post"}],"author":[{"embeddable":true,"href":"https:\/\/temucotelevision.cl\/web\/wp-json\/wp\/v2\/users\/1"}],"replies":[{"embeddable":true,"href":"https:\/\/temucotelevision.cl\/web\/wp-json\/wp\/v2\/comments?post=34727"}],"version-history":[{"count":1,"href":"https:\/\/temucotelevision.cl\/web\/wp-json\/wp\/v2\/posts\/34727\/revisions"}],"predecessor-version":[{"id":34728,"href":"https:\/\/temucotelevision.cl\/web\/wp-json\/wp\/v2\/posts\/34727\/revisions\/34728"}],"wp:featuredmedia":[{"embeddable":true,"href":"https:\/\/temucotelevision.cl\/web\/wp-json\/wp\/v2\/media\/34571"}],"wp:attachment":[{"href":"https:\/\/temucotelevision.cl\/web\/wp-json\/wp\/v2\/media?parent=34727"}],"wp:term":[{"taxonomy":"category","embeddable":true,"href":"https:\/\/temucotelevision.cl\/web\/wp-json\/wp\/v2\/categories?post=34727"},{"taxonomy":"post_tag","embeddable":true,"href":"https:\/\/temucotelevision.cl\/web\/wp-json\/wp\/v2\/tags?post=34727"}],"curies":[{"name":"wp","href":"https:\/\/api.w.org\/{rel}","templated":true}]}}