{"id":34724,"date":"2022-08-25T14:39:41","date_gmt":"2022-08-25T17:39:41","guid":{"rendered":"https:\/\/temucotelevision.cl\/web\/?p=34724"},"modified":"2022-08-25T14:39:42","modified_gmt":"2022-08-25T17:39:42","slug":"cartelera-bar-de-rene-semana-del-24-al-27-de-agosto","status":"publish","type":"post","link":"https:\/\/temucotelevision.cl\/web\/2022\/08\/25\/cartelera-bar-de-rene-semana-del-24-al-27-de-agosto\/","title":{"rendered":"Cartelera Bar de Ren\u00e9: Semana del 24 al 27 de agosto"},"content":{"rendered":"<div class=\"pvc_clear\"><\/div><p id=\"pvc_stats_34724\" class=\"pvc_stats total_only  \" data-element-id=\"34724\" style=\"\"><i class=\"pvc-stats-icon large\" aria-hidden=\"true\"><svg aria-hidden=\"true\" focusable=\"false\" data-prefix=\"far\" data-icon=\"chart-bar\" role=\"img\" xmlns=\"http:\/\/www.w3.org\/2000\/svg\" viewBox=\"0 0 512 512\" class=\"svg-inline--fa fa-chart-bar fa-w-16 fa-2x\"><path fill=\"currentColor\" d=\"M396.8 352h22.4c6.4 0 12.8-6.4 12.8-12.8V108.8c0-6.4-6.4-12.8-12.8-12.8h-22.4c-6.4 0-12.8 6.4-12.8 12.8v230.4c0 6.4 6.4 12.8 12.8 12.8zm-192 0h22.4c6.4 0 12.8-6.4 12.8-12.8V140.8c0-6.4-6.4-12.8-12.8-12.8h-22.4c-6.4 0-12.8 6.4-12.8 12.8v198.4c0 6.4 6.4 12.8 12.8 12.8zm96 0h22.4c6.4 0 12.8-6.4 12.8-12.8V204.8c0-6.4-6.4-12.8-12.8-12.8h-22.4c-6.4 0-12.8 6.4-12.8 12.8v134.4c0 6.4 6.4 12.8 12.8 12.8zM496 400H48V80c0-8.84-7.16-16-16-16H16C7.16 64 0 71.16 0 80v336c0 17.67 14.33 32 32 32h464c8.84 0 16-7.16 16-16v-16c0-8.84-7.16-16-16-16zm-387.2-48h22.4c6.4 0 12.8-6.4 12.8-12.8v-70.4c0-6.4-6.4-12.8-12.8-12.8h-22.4c-6.4 0-12.8 6.4-12.8 12.8v70.4c0 6.4 6.4 12.8 12.8 12.8z\" class=\"\"><\/path><\/svg><\/i> <img loading=\"lazy\" decoding=\"async\" width=\"16\" height=\"16\" alt=\"Loading\" src=\"https:\/\/temucotelevision.cl\/web\/wp-content\/plugins\/page-views-count\/ajax-loader-2x.gif\" border=0 \/><\/p><div class=\"pvc_clear\"><\/div>\n<p>El ic\u00f3nico y transversal\u00a0<strong>Bar de Ren\u00e9<\/strong>, propone semana a semana una cartelera diversa, para conocer m\u00fasicos emergentes y bandas consagradas, abriendo sus\u00a0puertas al p\u00fablico en general.\u00a0<\/p>\n\n\n\n<p>Como es habitual, el bar\u00a0nos deleita con las mejores bandas regionales y nacionales, en un grato ambiente familiar y cultural.<\/p>\n\n\n\n<p>Comienza la \u00faltima semana de agosto con\u00a0\u00a0<strong>&#8220;Mal de Chagas&#8221;\u00a0<\/strong>agrupaci\u00f3n que se inicia en la m\u00fasica desde 1999 y nos trae su interesante\u00a0y poderosa mezcla de rap y metal con matices de funk y ritmos latinos, un show imperdible para el mi\u00e9rcoles 24 de agosto.<\/p>\n\n\n\n<p>Jueves 25 de agosto contin\u00faa\u00a0<strong>&#8220;Adelaida&#8221;<\/strong>\u00a0banda liderada por Jurel S\u00f3nico cantante de lis\u00e9rgico rock con influencias del grunge noventero y algo de shoegaze brit\u00e1nico de fines de los ochentas, es lo que nos presenta\u00a0esta emblem\u00e1tica banda de Valpara\u00edso.\u00a0<\/p>\n\n\n\n<p>Cierra la jornada\u00a0<strong>&#8220;Fugazes&#8221;<\/strong>\u00a0agrupaci\u00f3n Rock Pop de Vi\u00f1a del Mar fundada en etapa de pandemia, nos presentan el material de su primera producci\u00f3n del que destaca su single &#8220;Cada vez&#8221;.<\/p>\n\n\n\n<p>El d\u00eda viernes 26 de agosto sube al escenario\u00a0\u00a0<strong>&#8220;El lobo del hombre&#8221; r<\/strong>ock psicod\u00e9lico made in Chile, show de despedida de esta gran banda que har\u00e1 un recorrido por lo mejor de sus dos producciones.<\/p>\n\n\n\n<p>Cierra el \u00faltimo s\u00e1bado de agosto\u00a0<strong>&#8220;Jurel tipo Salm\u00f3n&#8221;<\/strong>, banda que define su estilo como punk rock mel\u00f3dico, con mas de 20 a\u00f1os de trayectoria su ultima producci\u00f3n data del 2019 &#8220;Carnada&#8221;.<\/p>\n\n\n\n<figure class=\"wp-block-image is-resized\"><img loading=\"lazy\" decoding=\"async\" src=\"https:\/\/mcusercontent.com\/79a86e888635868c7967a8ae8\/images\/83228956-a939-8515-8908-22462d54d167.jpg\" alt=\"\" width=\"806\" height=\"1007\"\/><\/figure>\n","protected":false},"excerpt":{"rendered":"<div class=\"pvc_clear\"><\/div>\n<p id=\"pvc_stats_34724\" class=\"pvc_stats total_only  \" data-element-id=\"34724\" style=\"\"><i class=\"pvc-stats-icon large\" aria-hidden=\"true\"><svg aria-hidden=\"true\" focusable=\"false\" data-prefix=\"far\" data-icon=\"chart-bar\" role=\"img\" xmlns=\"http:\/\/www.w3.org\/2000\/svg\" viewBox=\"0 0 512 512\" class=\"svg-inline--fa fa-chart-bar fa-w-16 fa-2x\"><path fill=\"currentColor\" d=\"M396.8 352h22.4c6.4 0 12.8-6.4 12.8-12.8V108.8c0-6.4-6.4-12.8-12.8-12.8h-22.4c-6.4 0-12.8 6.4-12.8 12.8v230.4c0 6.4 6.4 12.8 12.8 12.8zm-192 0h22.4c6.4 0 12.8-6.4 12.8-12.8V140.8c0-6.4-6.4-12.8-12.8-12.8h-22.4c-6.4 0-12.8 6.4-12.8 12.8v198.4c0 6.4 6.4 12.8 12.8 12.8zm96 0h22.4c6.4 0 12.8-6.4 12.8-12.8V204.8c0-6.4-6.4-12.8-12.8-12.8h-22.4c-6.4 0-12.8 6.4-12.8 12.8v134.4c0 6.4 6.4 12.8 12.8 12.8zM496 400H48V80c0-8.84-7.16-16-16-16H16C7.16 64 0 71.16 0 80v336c0 17.67 14.33 32 32 32h464c8.84 0 16-7.16 16-16v-16c0-8.84-7.16-16-16-16zm-387.2-48h22.4c6.4 0 12.8-6.4 12.8-12.8v-70.4c0-6.4-6.4-12.8-12.8-12.8h-22.4c-6.4 0-12.8 6.4-12.8 12.8v70.4c0 6.4 6.4 12.8 12.8 12.8z\" class=\"\"><\/path><\/svg><\/i> <img loading=\"lazy\" decoding=\"async\" width=\"16\" height=\"16\" alt=\"Loading\" src=\"https:\/\/temucotelevision.cl\/web\/wp-content\/plugins\/page-views-count\/ajax-loader-2x.gif\" border=0 \/><\/p>\n<div class=\"pvc_clear\"><\/div>\n<p>El ic\u00f3nico y transversal\u00a0Bar de Ren\u00e9, propone semana a semana una cartelera diversa, para conocer m\u00fasicos emergentes y bandas consagradas,<\/p>\n","protected":false},"author":1,"featured_media":34725,"comment_status":"open","ping_status":"open","sticky":false,"template":"","format":"standard","meta":{"colormag_page_container_layout":"default_layout","colormag_page_sidebar_layout":"default_layout","footnotes":""},"categories":[369],"tags":[],"class_list":["post-34724","post","type-post","status-publish","format-standard","has-post-thumbnail","hentry","category-musica"],"a3_pvc":{"activated":true,"total_views":43,"today_views":0},"_links":{"self":[{"href":"https:\/\/temucotelevision.cl\/web\/wp-json\/wp\/v2\/posts\/34724","targetHints":{"allow":["GET"]}}],"collection":[{"href":"https:\/\/temucotelevision.cl\/web\/wp-json\/wp\/v2\/posts"}],"about":[{"href":"https:\/\/temucotelevision.cl\/web\/wp-json\/wp\/v2\/types\/post"}],"author":[{"embeddable":true,"href":"https:\/\/temucotelevision.cl\/web\/wp-json\/wp\/v2\/users\/1"}],"replies":[{"embeddable":true,"href":"https:\/\/temucotelevision.cl\/web\/wp-json\/wp\/v2\/comments?post=34724"}],"version-history":[{"count":1,"href":"https:\/\/temucotelevision.cl\/web\/wp-json\/wp\/v2\/posts\/34724\/revisions"}],"predecessor-version":[{"id":34726,"href":"https:\/\/temucotelevision.cl\/web\/wp-json\/wp\/v2\/posts\/34724\/revisions\/34726"}],"wp:featuredmedia":[{"embeddable":true,"href":"https:\/\/temucotelevision.cl\/web\/wp-json\/wp\/v2\/media\/34725"}],"wp:attachment":[{"href":"https:\/\/temucotelevision.cl\/web\/wp-json\/wp\/v2\/media?parent=34724"}],"wp:term":[{"taxonomy":"category","embeddable":true,"href":"https:\/\/temucotelevision.cl\/web\/wp-json\/wp\/v2\/categories?post=34724"},{"taxonomy":"post_tag","embeddable":true,"href":"https:\/\/temucotelevision.cl\/web\/wp-json\/wp\/v2\/tags?post=34724"}],"curies":[{"name":"wp","href":"https:\/\/api.w.org\/{rel}","templated":true}]}}