{"id":34712,"date":"2022-08-24T21:58:19","date_gmt":"2022-08-25T00:58:19","guid":{"rendered":"https:\/\/temucotelevision.cl\/web\/?p=34712"},"modified":"2022-08-24T21:58:20","modified_gmt":"2022-08-25T00:58:20","slug":"declaracion-publica-multigremial-de-la-araucania-este-es-el-momento-en-que-el-poder-judicial-debe-demostrar-que-puede-actuar-con-firmeza-frente-al-maximo-terrorista-que-opera-en-chile","status":"publish","type":"post","link":"https:\/\/temucotelevision.cl\/web\/2022\/08\/24\/declaracion-publica-multigremial-de-la-araucania-este-es-el-momento-en-que-el-poder-judicial-debe-demostrar-que-puede-actuar-con-firmeza-frente-al-maximo-terrorista-que-opera-en-chile\/","title":{"rendered":"Declaraci\u00f3n P\u00fablica Multigremial de La Araucan\u00eda: \u201cEste es el momento en que el Poder Judicial debe demostrar que puede actuar con firmeza frente al m\u00e1ximo terrorista que opera en Chile\u201d"},"content":{"rendered":"<div class=\"pvc_clear\"><\/div><p id=\"pvc_stats_34712\" class=\"pvc_stats total_only  \" data-element-id=\"34712\" style=\"\"><i class=\"pvc-stats-icon large\" aria-hidden=\"true\"><svg aria-hidden=\"true\" focusable=\"false\" data-prefix=\"far\" data-icon=\"chart-bar\" role=\"img\" xmlns=\"http:\/\/www.w3.org\/2000\/svg\" viewBox=\"0 0 512 512\" class=\"svg-inline--fa fa-chart-bar fa-w-16 fa-2x\"><path fill=\"currentColor\" d=\"M396.8 352h22.4c6.4 0 12.8-6.4 12.8-12.8V108.8c0-6.4-6.4-12.8-12.8-12.8h-22.4c-6.4 0-12.8 6.4-12.8 12.8v230.4c0 6.4 6.4 12.8 12.8 12.8zm-192 0h22.4c6.4 0 12.8-6.4 12.8-12.8V140.8c0-6.4-6.4-12.8-12.8-12.8h-22.4c-6.4 0-12.8 6.4-12.8 12.8v198.4c0 6.4 6.4 12.8 12.8 12.8zm96 0h22.4c6.4 0 12.8-6.4 12.8-12.8V204.8c0-6.4-6.4-12.8-12.8-12.8h-22.4c-6.4 0-12.8 6.4-12.8 12.8v134.4c0 6.4 6.4 12.8 12.8 12.8zM496 400H48V80c0-8.84-7.16-16-16-16H16C7.16 64 0 71.16 0 80v336c0 17.67 14.33 32 32 32h464c8.84 0 16-7.16 16-16v-16c0-8.84-7.16-16-16-16zm-387.2-48h22.4c6.4 0 12.8-6.4 12.8-12.8v-70.4c0-6.4-6.4-12.8-12.8-12.8h-22.4c-6.4 0-12.8 6.4-12.8 12.8v70.4c0 6.4 6.4 12.8 12.8 12.8z\" class=\"\"><\/path><\/svg><\/i> <img loading=\"lazy\" decoding=\"async\" width=\"16\" height=\"16\" alt=\"Loading\" src=\"https:\/\/temucotelevision.cl\/web\/wp-content\/plugins\/page-views-count\/ajax-loader-2x.gif\" border=0 \/><\/p><div class=\"pvc_clear\"><\/div>\n<p>Frente a la reciente detenci\u00f3n del l\u00edder de la Coordinadora Arauco-Malleco (CAM), H\u00e9ctor Llaitul, la Multigremial de La Araucan\u00eda que representa a las empresas y familias de la regi\u00f3n declara lo siguiente:&nbsp;<\/p>\n\n\n\n<p>\u25cf&nbsp;&nbsp;&nbsp;&nbsp;&nbsp;&nbsp;&nbsp;H\u00e9ctor Llaitul es el l\u00edder de una organizaci\u00f3n terrorista que lleva operando m\u00e1s de 25 a\u00f1os en La Araucan\u00eda y que ha expandido sus redes criminales hacia otras regiones como la Regi\u00f3n de Biob\u00edo \u2013donde fue capturado- y, recientemente en la Regi\u00f3n de Los R\u00edos.&nbsp;<\/p>\n\n\n\n<p>\u25cf&nbsp;&nbsp;&nbsp;&nbsp;&nbsp;&nbsp;&nbsp;Debido a su alta peligrosidad y la gravedad de los hechos cometidos por la organizaci\u00f3n que lidera y sus redes asociadas, existe un alto peligro de fuga y riesgo para la poblaci\u00f3n de nuestra regi\u00f3n si Llaitul permanece en la Regi\u00f3n, una vez que sea formalizado.&nbsp;<\/p>\n\n\n\n<p>\u25cf&nbsp;&nbsp;&nbsp;&nbsp;&nbsp;&nbsp;&nbsp;Es por esta raz\u00f3n que&nbsp;<strong>solicitamos se le aplique la medida cautelar m\u00e1s gravosa, que es la prisi\u00f3n preventiva y esta sea cumplida en la C\u00e1rcel de Alta Seguridad en Santiago, Regi\u00f3n Metropolitana<\/strong>.&nbsp;<\/p>\n\n\n\n<p>\u25cf&nbsp;&nbsp;&nbsp;&nbsp;&nbsp;&nbsp;&nbsp;Creemos que este es el momento&nbsp;<strong>en que el Poder Judicial debe demostrar que puede actuar con firmeza frente al m\u00e1ximo terrorista que opera en Chile&nbsp;<\/strong>y por fin sea juzgado por los graves delitos cometidos por su organizaci\u00f3n y que tanto da\u00f1o han causado a la poblaci\u00f3n civil de nuestra regi\u00f3n y el resto de la Macrozona Sur.&nbsp;<\/p>\n\n\n\n<p>\u25cf&nbsp;&nbsp;&nbsp;&nbsp;&nbsp;&nbsp;&nbsp;Creemos que&nbsp;<strong>no solo el robo de madera financia el terrorismo, sino que tambi\u00e9n el narcotr\u00e1fico y otras actividades il\u00edcitas ejecutadas<\/strong>&nbsp;por verdaderas redes criminales que deben ser desarticuladas a partir de la detenci\u00f3n de H\u00e9ctor Llaitul.&nbsp;<\/p>\n\n\n\n<p>\u25cf&nbsp;&nbsp;&nbsp;&nbsp;&nbsp;&nbsp;&nbsp;Pedimos&nbsp; que se debe maximizar la seguridad en el sur de Chile, fortalecer en el Estado de Emergencia, aumentar la cantidad de efectivos policiales, para garantizar la protecci\u00f3n de la comunidad ante eventuales represalias ejecutados por estos grupos de terroristas y criminales.<\/p>\n\n\n\n<p>\u25cf&nbsp;&nbsp;&nbsp;&nbsp;&nbsp;&nbsp;&nbsp;<strong>Es hora que al sur llegue un poco de justicia<\/strong>, frente a tanta impunidad que hemos tenido a lo largo de estos a\u00f1os.<\/p>\n","protected":false},"excerpt":{"rendered":"<div class=\"pvc_clear\"><\/div>\n<p id=\"pvc_stats_34712\" class=\"pvc_stats total_only  \" data-element-id=\"34712\" style=\"\"><i class=\"pvc-stats-icon large\" aria-hidden=\"true\"><svg aria-hidden=\"true\" focusable=\"false\" data-prefix=\"far\" data-icon=\"chart-bar\" role=\"img\" xmlns=\"http:\/\/www.w3.org\/2000\/svg\" viewBox=\"0 0 512 512\" class=\"svg-inline--fa fa-chart-bar fa-w-16 fa-2x\"><path fill=\"currentColor\" d=\"M396.8 352h22.4c6.4 0 12.8-6.4 12.8-12.8V108.8c0-6.4-6.4-12.8-12.8-12.8h-22.4c-6.4 0-12.8 6.4-12.8 12.8v230.4c0 6.4 6.4 12.8 12.8 12.8zm-192 0h22.4c6.4 0 12.8-6.4 12.8-12.8V140.8c0-6.4-6.4-12.8-12.8-12.8h-22.4c-6.4 0-12.8 6.4-12.8 12.8v198.4c0 6.4 6.4 12.8 12.8 12.8zm96 0h22.4c6.4 0 12.8-6.4 12.8-12.8V204.8c0-6.4-6.4-12.8-12.8-12.8h-22.4c-6.4 0-12.8 6.4-12.8 12.8v134.4c0 6.4 6.4 12.8 12.8 12.8zM496 400H48V80c0-8.84-7.16-16-16-16H16C7.16 64 0 71.16 0 80v336c0 17.67 14.33 32 32 32h464c8.84 0 16-7.16 16-16v-16c0-8.84-7.16-16-16-16zm-387.2-48h22.4c6.4 0 12.8-6.4 12.8-12.8v-70.4c0-6.4-6.4-12.8-12.8-12.8h-22.4c-6.4 0-12.8 6.4-12.8 12.8v70.4c0 6.4 6.4 12.8 12.8 12.8z\" class=\"\"><\/path><\/svg><\/i> <img loading=\"lazy\" decoding=\"async\" width=\"16\" height=\"16\" alt=\"Loading\" src=\"https:\/\/temucotelevision.cl\/web\/wp-content\/plugins\/page-views-count\/ajax-loader-2x.gif\" border=0 \/><\/p>\n<div class=\"pvc_clear\"><\/div>\n<p>Frente a la reciente detenci\u00f3n del l\u00edder de la Coordinadora Arauco-Malleco (CAM), H\u00e9ctor Llaitul, la Multigremial de La Araucan\u00eda que<\/p>\n","protected":false},"author":1,"featured_media":34713,"comment_status":"open","ping_status":"open","sticky":false,"template":"","format":"standard","meta":{"colormag_page_container_layout":"default_layout","colormag_page_sidebar_layout":"default_layout","footnotes":""},"categories":[15],"tags":[1296,2438,198,441,1728,2847],"class_list":["post-34712","post","type-post","status-publish","format-standard","has-post-thumbnail","hentry","category-la-araucania","tag-cam","tag-declaracion","tag-justicia","tag-lider","tag-multigremial","tag-poder-judicial"],"a3_pvc":{"activated":true,"total_views":51,"today_views":0},"_links":{"self":[{"href":"https:\/\/temucotelevision.cl\/web\/wp-json\/wp\/v2\/posts\/34712","targetHints":{"allow":["GET"]}}],"collection":[{"href":"https:\/\/temucotelevision.cl\/web\/wp-json\/wp\/v2\/posts"}],"about":[{"href":"https:\/\/temucotelevision.cl\/web\/wp-json\/wp\/v2\/types\/post"}],"author":[{"embeddable":true,"href":"https:\/\/temucotelevision.cl\/web\/wp-json\/wp\/v2\/users\/1"}],"replies":[{"embeddable":true,"href":"https:\/\/temucotelevision.cl\/web\/wp-json\/wp\/v2\/comments?post=34712"}],"version-history":[{"count":1,"href":"https:\/\/temucotelevision.cl\/web\/wp-json\/wp\/v2\/posts\/34712\/revisions"}],"predecessor-version":[{"id":34714,"href":"https:\/\/temucotelevision.cl\/web\/wp-json\/wp\/v2\/posts\/34712\/revisions\/34714"}],"wp:featuredmedia":[{"embeddable":true,"href":"https:\/\/temucotelevision.cl\/web\/wp-json\/wp\/v2\/media\/34713"}],"wp:attachment":[{"href":"https:\/\/temucotelevision.cl\/web\/wp-json\/wp\/v2\/media?parent=34712"}],"wp:term":[{"taxonomy":"category","embeddable":true,"href":"https:\/\/temucotelevision.cl\/web\/wp-json\/wp\/v2\/categories?post=34712"},{"taxonomy":"post_tag","embeddable":true,"href":"https:\/\/temucotelevision.cl\/web\/wp-json\/wp\/v2\/tags?post=34712"}],"curies":[{"name":"wp","href":"https:\/\/api.w.org\/{rel}","templated":true}]}}