{"id":34710,"date":"2022-08-24T21:29:56","date_gmt":"2022-08-25T00:29:56","guid":{"rendered":"https:\/\/temucotelevision.cl\/web\/?p=34710"},"modified":"2022-08-24T21:29:57","modified_gmt":"2022-08-25T00:29:57","slug":"comunicado-de-la-cam-por-detencion-de-hector-llaitul","status":"publish","type":"post","link":"https:\/\/temucotelevision.cl\/web\/2022\/08\/24\/comunicado-de-la-cam-por-detencion-de-hector-llaitul\/","title":{"rendered":"Comunicado de la CAM por detenci\u00f3n de Hector Llaitul"},"content":{"rendered":"<div class=\"pvc_clear\"><\/div><p id=\"pvc_stats_34710\" class=\"pvc_stats total_only  \" data-element-id=\"34710\" style=\"\"><i class=\"pvc-stats-icon large\" aria-hidden=\"true\"><svg aria-hidden=\"true\" focusable=\"false\" data-prefix=\"far\" data-icon=\"chart-bar\" role=\"img\" xmlns=\"http:\/\/www.w3.org\/2000\/svg\" viewBox=\"0 0 512 512\" class=\"svg-inline--fa fa-chart-bar fa-w-16 fa-2x\"><path fill=\"currentColor\" d=\"M396.8 352h22.4c6.4 0 12.8-6.4 12.8-12.8V108.8c0-6.4-6.4-12.8-12.8-12.8h-22.4c-6.4 0-12.8 6.4-12.8 12.8v230.4c0 6.4 6.4 12.8 12.8 12.8zm-192 0h22.4c6.4 0 12.8-6.4 12.8-12.8V140.8c0-6.4-6.4-12.8-12.8-12.8h-22.4c-6.4 0-12.8 6.4-12.8 12.8v198.4c0 6.4 6.4 12.8 12.8 12.8zm96 0h22.4c6.4 0 12.8-6.4 12.8-12.8V204.8c0-6.4-6.4-12.8-12.8-12.8h-22.4c-6.4 0-12.8 6.4-12.8 12.8v134.4c0 6.4 6.4 12.8 12.8 12.8zM496 400H48V80c0-8.84-7.16-16-16-16H16C7.16 64 0 71.16 0 80v336c0 17.67 14.33 32 32 32h464c8.84 0 16-7.16 16-16v-16c0-8.84-7.16-16-16-16zm-387.2-48h22.4c6.4 0 12.8-6.4 12.8-12.8v-70.4c0-6.4-6.4-12.8-12.8-12.8h-22.4c-6.4 0-12.8 6.4-12.8 12.8v70.4c0 6.4 6.4 12.8 12.8 12.8z\" class=\"\"><\/path><\/svg><\/i> <img loading=\"lazy\" decoding=\"async\" width=\"16\" height=\"16\" alt=\"Loading\" src=\"https:\/\/temucotelevision.cl\/web\/wp-content\/plugins\/page-views-count\/ajax-loader-2x.gif\" border=0 \/><\/p><div class=\"pvc_clear\"><\/div>\n<p><strong>COMUNICADO P\u00daBLICO \u2013 CAM<\/strong><\/p>\n\n\n\n<p>A nuestro pueblo naci\u00f3n mapuche, a los lof y organizaciones en resistencia, a la opini\u00f3n p\u00fablica chilena e internacional. Ante la detenci\u00f3n de nuestro vocero pol\u00edtico, werken Hector Llaitul Carrillanca, comunicamos lo siguiente:<\/p>\n\n\n\n<p>Ki\u00f1e: Que la decisi\u00f3n de este gobierno de pseudo izquierda de dar continuidad a lo que fue antes la Concertaci\u00f3n, pone una vez m\u00e1s su administraci\u00f3n al servicio de las oligarqu\u00edas y conglomerados econ\u00f3micos que tienen sus intereses puestos en nuestro territorio ancestral mapuche. Claro ejemplo de \u00e9sto es la designaci\u00f3n de operadores pol\u00edticos de inteligencia como lo son Manuel Monsalve, Humberto Toro y dem\u00e1s personas en su gabinete que vienen de la formaci\u00f3n de Mahamud Aleuy y que, a lo largo de estos a\u00f1os, no han hecho m\u00e1s que cuadrarse siempre con el empresariado.<\/p>\n\n\n\n<p>Todo esto tambi\u00e9n de la mano del partido comunista, quienes incre\u00edblemente han respaldado la presencia de militares en el Wallmapu y permitido operaciones pol\u00edticas de esta \u00edndole en contra del movimiento mapuche autonomista, como la llevada a cabo el d\u00eda de hoy.<\/p>\n\n\n\n<p>Epu: Que, la detenci\u00f3n de nuestro vocero y dirigente hist\u00f3rico Hector Llaitul, busca amedrentar el proyecto pol\u00edtico \u2013 estrat\u00e9gico que llevan adelante familias, comunidades y weichafe dignamente. Quienes, masivamente, hemos vuelto a ocupar territorios que hasta ahora estaban bajo control de la industria forestal y el latifundio. Hoy, este proceso es parte de la reconstrucci\u00f3n nacional de nuestro pueblo y de la autonom\u00eda ejercida a trav\u00e9s de un verdadero y digno control territorial que nada tiene que ver con mafias de madera y narcotr\u00e1fico, de lo cual nos hemos siempre desligado tajantemente, siendo esto muy bien sabido por los entes persecutores.<\/p>\n\n\n\n<p>Este proyecto pol\u00edtico \u2013 estrat\u00e9gico, llevado adelante por la CAM, ha sido la matriz del movimiento mapuche autonomista y de liberaci\u00f3n nacional de nuestro pueblo hace ya 25 a\u00f1os. Es por esto que, declaramos esta detenci\u00f3n como la materializaci\u00f3n de la persecuci\u00f3n pol\u00edtica en contra de nuestro proyecto pol\u00edtico, el cual ha permeado en comunidades que hoy mantienen en jaque la presencia de la industria forestal principalmente.<\/p>\n\n\n\n<p>K\u00fcla: Que, la detenci\u00f3n de nuestro pe\u00f1i y lamgen es, sin duda, un punto de inflecci\u00f3n para el movimiento mapuche autonomista revolucionario que, contrapone tajantemente la confrontaci\u00f3n a este Estado colonial y su pol\u00edtica de integraci\u00f3n forzada. O luchamos de verdad por la reconstrucci\u00f3n nacional mapuche o s\u00f3lo es discurso y presi\u00f3n para recibir migajas que ofrece el Estado.<br>A nosotros nos quieren callar por tener una verdad INCONTRARRESTABLE de no dialogar si no es por territorio y autonom\u00eda pero, lamentablemente, hoy siguen existiendo algunos yanakona que, diciendo estar a favor del di\u00e1logo, no hacen m\u00e1s que esperar r\u00e9ditos personales y un indigno reconocimiento y posicionamiento otorgado por la mano opresora de su propio pueblo.<\/p>\n\n\n\n<p>MELI: por \u00faltimo, hacemos un llamado a las dem\u00e1s dignas expresiones del weichan, a los lof y comunidades en resistencia del meli witxan mapu a continuar y comenzar nuevos procesos de recuperaci\u00f3n en contra del gran capital, a trav\u00e9s de un verdadero control territorial. A continuar con la resistencia y sabotajes en contra, principalmente, de la industria forestal, hidroel\u00e9ctrica, minera y salmonera.<br>A no dejarse amedrentar por este gobierno que se ha puesto de rodillas ante el empresariado y que, a trav\u00e9s de su plan buen vivir, busca cooptar y dividir a nuestra gente.<br>A tomar newen y dar continuidad con mayor convicci\u00f3n al proceso de reconstrucci\u00f3n y liberaci\u00f3n de nuestro pueblo naci\u00f3n mapuche.<br>A no olvidar a nuestros ca\u00eddos en el weichan y a no traicionar el digno legado que nos heredaron nuestro kuifikecheyem, que es luchar por nuestra libertad.<\/p>\n\n\n\n<p>LIBERTAD A H\u00c9CTOR LLAITUL CARRILLANCA!<br>LIBERTAD A DANIEL CANIO, LUIS V\u00c1SQUEZ TRAMOLAO Y LUIS COLLONAO PICHUN Y TODOS LOS PPM!<br>FUERA FORESTALES Y TODA INVERSI\u00d3N CAPITALISTA DEL WALLMAPU!<br>EN MEMORIA DE NUESTROS WEICHAFE CA\u00cdDOS!<br>POR TERRITORIO Y AUTONOM\u00cdA PARA LA NACI\u00d3N MAPUCHE<br>AMULEPE TAI\u00d1 WEICHAN!<\/p>\n\n\n\n<p>WEUWAI\u00d1<br>MARICHIWEU!!<\/p>\n","protected":false},"excerpt":{"rendered":"<div class=\"pvc_clear\"><\/div>\n<p id=\"pvc_stats_34710\" class=\"pvc_stats total_only  \" data-element-id=\"34710\" style=\"\"><i class=\"pvc-stats-icon large\" aria-hidden=\"true\"><svg aria-hidden=\"true\" focusable=\"false\" data-prefix=\"far\" data-icon=\"chart-bar\" role=\"img\" xmlns=\"http:\/\/www.w3.org\/2000\/svg\" viewBox=\"0 0 512 512\" class=\"svg-inline--fa fa-chart-bar fa-w-16 fa-2x\"><path fill=\"currentColor\" d=\"M396.8 352h22.4c6.4 0 12.8-6.4 12.8-12.8V108.8c0-6.4-6.4-12.8-12.8-12.8h-22.4c-6.4 0-12.8 6.4-12.8 12.8v230.4c0 6.4 6.4 12.8 12.8 12.8zm-192 0h22.4c6.4 0 12.8-6.4 12.8-12.8V140.8c0-6.4-6.4-12.8-12.8-12.8h-22.4c-6.4 0-12.8 6.4-12.8 12.8v198.4c0 6.4 6.4 12.8 12.8 12.8zm96 0h22.4c6.4 0 12.8-6.4 12.8-12.8V204.8c0-6.4-6.4-12.8-12.8-12.8h-22.4c-6.4 0-12.8 6.4-12.8 12.8v134.4c0 6.4 6.4 12.8 12.8 12.8zM496 400H48V80c0-8.84-7.16-16-16-16H16C7.16 64 0 71.16 0 80v336c0 17.67 14.33 32 32 32h464c8.84 0 16-7.16 16-16v-16c0-8.84-7.16-16-16-16zm-387.2-48h22.4c6.4 0 12.8-6.4 12.8-12.8v-70.4c0-6.4-6.4-12.8-12.8-12.8h-22.4c-6.4 0-12.8 6.4-12.8 12.8v70.4c0 6.4 6.4 12.8 12.8 12.8z\" class=\"\"><\/path><\/svg><\/i> <img loading=\"lazy\" decoding=\"async\" width=\"16\" height=\"16\" alt=\"Loading\" src=\"https:\/\/temucotelevision.cl\/web\/wp-content\/plugins\/page-views-count\/ajax-loader-2x.gif\" border=0 \/><\/p>\n<div class=\"pvc_clear\"><\/div>\n<p>COMUNICADO P\u00daBLICO \u2013 CAM A nuestro pueblo naci\u00f3n mapuche, a los lof y organizaciones en resistencia, a la opini\u00f3n p\u00fablica<\/p>\n","protected":false},"author":1,"featured_media":34700,"comment_status":"open","ping_status":"open","sticky":false,"template":"","format":"standard","meta":{"colormag_page_container_layout":"default_layout","colormag_page_sidebar_layout":"default_layout","footnotes":""},"categories":[14],"tags":[1296,839,934,5733],"class_list":["post-34710","post","type-post","status-publish","format-standard","has-post-thumbnail","hentry","category-temuco","tag-cam","tag-comunicado","tag-detencion","tag-hector-laitul"],"a3_pvc":{"activated":true,"total_views":33,"today_views":0},"_links":{"self":[{"href":"https:\/\/temucotelevision.cl\/web\/wp-json\/wp\/v2\/posts\/34710","targetHints":{"allow":["GET"]}}],"collection":[{"href":"https:\/\/temucotelevision.cl\/web\/wp-json\/wp\/v2\/posts"}],"about":[{"href":"https:\/\/temucotelevision.cl\/web\/wp-json\/wp\/v2\/types\/post"}],"author":[{"embeddable":true,"href":"https:\/\/temucotelevision.cl\/web\/wp-json\/wp\/v2\/users\/1"}],"replies":[{"embeddable":true,"href":"https:\/\/temucotelevision.cl\/web\/wp-json\/wp\/v2\/comments?post=34710"}],"version-history":[{"count":1,"href":"https:\/\/temucotelevision.cl\/web\/wp-json\/wp\/v2\/posts\/34710\/revisions"}],"predecessor-version":[{"id":34711,"href":"https:\/\/temucotelevision.cl\/web\/wp-json\/wp\/v2\/posts\/34710\/revisions\/34711"}],"wp:featuredmedia":[{"embeddable":true,"href":"https:\/\/temucotelevision.cl\/web\/wp-json\/wp\/v2\/media\/34700"}],"wp:attachment":[{"href":"https:\/\/temucotelevision.cl\/web\/wp-json\/wp\/v2\/media?parent=34710"}],"wp:term":[{"taxonomy":"category","embeddable":true,"href":"https:\/\/temucotelevision.cl\/web\/wp-json\/wp\/v2\/categories?post=34710"},{"taxonomy":"post_tag","embeddable":true,"href":"https:\/\/temucotelevision.cl\/web\/wp-json\/wp\/v2\/tags?post=34710"}],"curies":[{"name":"wp","href":"https:\/\/api.w.org\/{rel}","templated":true}]}}