{"id":34707,"date":"2022-08-24T20:07:17","date_gmt":"2022-08-24T23:07:17","guid":{"rendered":"https:\/\/temucotelevision.cl\/web\/?p=34707"},"modified":"2022-08-24T20:07:18","modified_gmt":"2022-08-24T23:07:18","slug":"diputado-rathgeb-por-ataque-a-trabajador-en-ruta-angol-collipulli-los-dementes-siguen-actuando-y-el-gobierno-no-dice-nada","status":"publish","type":"post","link":"https:\/\/temucotelevision.cl\/web\/2022\/08\/24\/diputado-rathgeb-por-ataque-a-trabajador-en-ruta-angol-collipulli-los-dementes-siguen-actuando-y-el-gobierno-no-dice-nada\/","title":{"rendered":"Diputado Rathgeb por ataque a trabajador en ruta Angol-Collipulli: \u201cLos dementes siguen actuando y el Gobierno no dice nada\u201d"},"content":{"rendered":"<div class=\"pvc_clear\"><\/div><p id=\"pvc_stats_34707\" class=\"pvc_stats total_only  \" data-element-id=\"34707\" style=\"\"><i class=\"pvc-stats-icon large\" aria-hidden=\"true\"><svg aria-hidden=\"true\" focusable=\"false\" data-prefix=\"far\" data-icon=\"chart-bar\" role=\"img\" xmlns=\"http:\/\/www.w3.org\/2000\/svg\" viewBox=\"0 0 512 512\" class=\"svg-inline--fa fa-chart-bar fa-w-16 fa-2x\"><path fill=\"currentColor\" d=\"M396.8 352h22.4c6.4 0 12.8-6.4 12.8-12.8V108.8c0-6.4-6.4-12.8-12.8-12.8h-22.4c-6.4 0-12.8 6.4-12.8 12.8v230.4c0 6.4 6.4 12.8 12.8 12.8zm-192 0h22.4c6.4 0 12.8-6.4 12.8-12.8V140.8c0-6.4-6.4-12.8-12.8-12.8h-22.4c-6.4 0-12.8 6.4-12.8 12.8v198.4c0 6.4 6.4 12.8 12.8 12.8zm96 0h22.4c6.4 0 12.8-6.4 12.8-12.8V204.8c0-6.4-6.4-12.8-12.8-12.8h-22.4c-6.4 0-12.8 6.4-12.8 12.8v134.4c0 6.4 6.4 12.8 12.8 12.8zM496 400H48V80c0-8.84-7.16-16-16-16H16C7.16 64 0 71.16 0 80v336c0 17.67 14.33 32 32 32h464c8.84 0 16-7.16 16-16v-16c0-8.84-7.16-16-16-16zm-387.2-48h22.4c6.4 0 12.8-6.4 12.8-12.8v-70.4c0-6.4-6.4-12.8-12.8-12.8h-22.4c-6.4 0-12.8 6.4-12.8 12.8v70.4c0 6.4 6.4 12.8 12.8 12.8z\" class=\"\"><\/path><\/svg><\/i> <img loading=\"lazy\" decoding=\"async\" width=\"16\" height=\"16\" alt=\"Loading\" src=\"https:\/\/temucotelevision.cl\/web\/wp-content\/plugins\/page-views-count\/ajax-loader-2x.gif\" border=0 \/><\/p><div class=\"pvc_clear\"><\/div>\n<p><strong>El parlamentario indic\u00f3 que si no se ponen los puntos sobre la \u201ci\u201d las familias de la Regi\u00f3n seguir\u00e1n sufriendo por el actual escenario de inseguridad que se est\u00e1 dando en La Araucan\u00eda y que hijos de trabajadores est\u00e1n intranquilos porque temen que sus padres puedan ser v\u00edctimas de un hecho de violencia.<\/strong><\/p>\n\n\n\n<p>Un contratista result\u00f3 con lesiones en su rostro tras recibir el impacto de esquirlas del parabrisas de la camioneta que conduc\u00eda, luego que esta fuera alcanzada por disparos de sujetos armados que intentaron quitarle el veh\u00edculo, hecho ocurrido en la ruta que une Angol con Collipulli.<\/p>\n\n\n\n<p>El diputado de Renovaci\u00f3n Nacional por La Araucan\u00eda y presidente regional de la colectividad, Jorge Rathgeb Schifferli, indic\u00f3 que esto refleja que el Gobierno sigue mostrando descoordinaciones graves en materia de seguridad y que a\u00fan no se ponen los puntos sobre la \u201ci\u201d, lo que sigue afectando a las familias.<\/p>\n\n\n\n<p>Rathgeb coment\u00f3 que la sensaci\u00f3n de inseguridad denota que el Ejecutivo no tiene ning\u00fan plan al respecto, que carecen de una hoja de ruta y que todo ha sido improvisar sobre la marcha con iniciativas que nunca estuvieron en sus planes.<\/p>\n\n\n\n<p>El legislador coment\u00f3 que en la actualidad el Ejecutivo no tiene mayor preocupaci\u00f3n por estos hechos y por eso el completo silencio ante esta clase de ataques contra trabajadores.<\/p>\n\n\n\n<p>\u201cNuevamente un hecho de violencia con este conductor lesionado gravemente producto de los impactos que recibi\u00f3, aqu\u00ed necesitamos la presencia del Presidente de la Rep\u00fablica o como lo he indicado de un personero o un ministro de Estado con residencia permanente que se aboque a ver el tema de seguridad en La Araucan\u00eda, porque esto se ha transformado en algo insoportable\u201d, fueron las palabras del diputado.<\/p>\n\n\n\n<p>Rathgeb coment\u00f3 que ac\u00e1 el Gobierno no repara que son las familias las que est\u00e1n sufriendo por la violencia y que muchos ni\u00f1os no est\u00e1n tranquilos por el temor a que sus padres puedan ser v\u00edctimas de alg\u00fan ataque.<\/p>\n","protected":false},"excerpt":{"rendered":"<div class=\"pvc_clear\"><\/div>\n<p id=\"pvc_stats_34707\" class=\"pvc_stats total_only  \" data-element-id=\"34707\" style=\"\"><i class=\"pvc-stats-icon large\" aria-hidden=\"true\"><svg aria-hidden=\"true\" focusable=\"false\" data-prefix=\"far\" data-icon=\"chart-bar\" role=\"img\" xmlns=\"http:\/\/www.w3.org\/2000\/svg\" viewBox=\"0 0 512 512\" class=\"svg-inline--fa fa-chart-bar fa-w-16 fa-2x\"><path fill=\"currentColor\" d=\"M396.8 352h22.4c6.4 0 12.8-6.4 12.8-12.8V108.8c0-6.4-6.4-12.8-12.8-12.8h-22.4c-6.4 0-12.8 6.4-12.8 12.8v230.4c0 6.4 6.4 12.8 12.8 12.8zm-192 0h22.4c6.4 0 12.8-6.4 12.8-12.8V140.8c0-6.4-6.4-12.8-12.8-12.8h-22.4c-6.4 0-12.8 6.4-12.8 12.8v198.4c0 6.4 6.4 12.8 12.8 12.8zm96 0h22.4c6.4 0 12.8-6.4 12.8-12.8V204.8c0-6.4-6.4-12.8-12.8-12.8h-22.4c-6.4 0-12.8 6.4-12.8 12.8v134.4c0 6.4 6.4 12.8 12.8 12.8zM496 400H48V80c0-8.84-7.16-16-16-16H16C7.16 64 0 71.16 0 80v336c0 17.67 14.33 32 32 32h464c8.84 0 16-7.16 16-16v-16c0-8.84-7.16-16-16-16zm-387.2-48h22.4c6.4 0 12.8-6.4 12.8-12.8v-70.4c0-6.4-6.4-12.8-12.8-12.8h-22.4c-6.4 0-12.8 6.4-12.8 12.8v70.4c0 6.4 6.4 12.8 12.8 12.8z\" class=\"\"><\/path><\/svg><\/i> <img loading=\"lazy\" decoding=\"async\" width=\"16\" height=\"16\" alt=\"Loading\" src=\"https:\/\/temucotelevision.cl\/web\/wp-content\/plugins\/page-views-count\/ajax-loader-2x.gif\" border=0 \/><\/p>\n<div class=\"pvc_clear\"><\/div>\n<p>El parlamentario indic\u00f3 que si no se ponen los puntos sobre la \u201ci\u201d las familias de la Regi\u00f3n seguir\u00e1n sufriendo<\/p>\n","protected":false},"author":1,"featured_media":34708,"comment_status":"open","ping_status":"open","sticky":false,"template":"","format":"standard","meta":{"colormag_page_container_layout":"default_layout","colormag_page_sidebar_layout":"default_layout","footnotes":""},"categories":[84],"tags":[349,154,695,1890],"class_list":["post-34707","post","type-post","status-publish","format-standard","has-post-thumbnail","hentry","category-politica","tag-ataque","tag-diputado","tag-ruta","tag-trabajador"],"a3_pvc":{"activated":true,"total_views":34,"today_views":0},"_links":{"self":[{"href":"https:\/\/temucotelevision.cl\/web\/wp-json\/wp\/v2\/posts\/34707","targetHints":{"allow":["GET"]}}],"collection":[{"href":"https:\/\/temucotelevision.cl\/web\/wp-json\/wp\/v2\/posts"}],"about":[{"href":"https:\/\/temucotelevision.cl\/web\/wp-json\/wp\/v2\/types\/post"}],"author":[{"embeddable":true,"href":"https:\/\/temucotelevision.cl\/web\/wp-json\/wp\/v2\/users\/1"}],"replies":[{"embeddable":true,"href":"https:\/\/temucotelevision.cl\/web\/wp-json\/wp\/v2\/comments?post=34707"}],"version-history":[{"count":1,"href":"https:\/\/temucotelevision.cl\/web\/wp-json\/wp\/v2\/posts\/34707\/revisions"}],"predecessor-version":[{"id":34709,"href":"https:\/\/temucotelevision.cl\/web\/wp-json\/wp\/v2\/posts\/34707\/revisions\/34709"}],"wp:featuredmedia":[{"embeddable":true,"href":"https:\/\/temucotelevision.cl\/web\/wp-json\/wp\/v2\/media\/34708"}],"wp:attachment":[{"href":"https:\/\/temucotelevision.cl\/web\/wp-json\/wp\/v2\/media?parent=34707"}],"wp:term":[{"taxonomy":"category","embeddable":true,"href":"https:\/\/temucotelevision.cl\/web\/wp-json\/wp\/v2\/categories?post=34707"},{"taxonomy":"post_tag","embeddable":true,"href":"https:\/\/temucotelevision.cl\/web\/wp-json\/wp\/v2\/tags?post=34707"}],"curies":[{"name":"wp","href":"https:\/\/api.w.org\/{rel}","templated":true}]}}