{"id":34705,"date":"2022-08-24T19:56:50","date_gmt":"2022-08-24T22:56:50","guid":{"rendered":"https:\/\/temucotelevision.cl\/web\/?p=34705"},"modified":"2022-08-24T19:56:51","modified_gmt":"2022-08-24T22:56:51","slug":"senadora-carmen-gloria-aravena-por-detencion-hector-llaitul-para-recuperar-la-paz-en-la-macrozona-sur-el-estado-de-derecho-y-el-orden-publico-es-desarticular-a-estas-organizaciones-criminales","status":"publish","type":"post","link":"https:\/\/temucotelevision.cl\/web\/2022\/08\/24\/senadora-carmen-gloria-aravena-por-detencion-hector-llaitul-para-recuperar-la-paz-en-la-macrozona-sur-el-estado-de-derecho-y-el-orden-publico-es-desarticular-a-estas-organizaciones-criminales\/","title":{"rendered":"Senadora Carmen Gloria Aravena por detenci\u00f3n H\u00e9ctor Llaitul: &#8220;para recuperar la paz en la Macrozona Sur, el estado de derecho y el orden p\u00fablico, es desarticular a estas organizaciones criminales &#8220;"},"content":{"rendered":"<div class=\"pvc_clear\"><\/div><p id=\"pvc_stats_34705\" class=\"pvc_stats total_only  \" data-element-id=\"34705\" style=\"\"><i class=\"pvc-stats-icon large\" aria-hidden=\"true\"><svg aria-hidden=\"true\" focusable=\"false\" data-prefix=\"far\" data-icon=\"chart-bar\" role=\"img\" xmlns=\"http:\/\/www.w3.org\/2000\/svg\" viewBox=\"0 0 512 512\" class=\"svg-inline--fa fa-chart-bar fa-w-16 fa-2x\"><path fill=\"currentColor\" d=\"M396.8 352h22.4c6.4 0 12.8-6.4 12.8-12.8V108.8c0-6.4-6.4-12.8-12.8-12.8h-22.4c-6.4 0-12.8 6.4-12.8 12.8v230.4c0 6.4 6.4 12.8 12.8 12.8zm-192 0h22.4c6.4 0 12.8-6.4 12.8-12.8V140.8c0-6.4-6.4-12.8-12.8-12.8h-22.4c-6.4 0-12.8 6.4-12.8 12.8v198.4c0 6.4 6.4 12.8 12.8 12.8zm96 0h22.4c6.4 0 12.8-6.4 12.8-12.8V204.8c0-6.4-6.4-12.8-12.8-12.8h-22.4c-6.4 0-12.8 6.4-12.8 12.8v134.4c0 6.4 6.4 12.8 12.8 12.8zM496 400H48V80c0-8.84-7.16-16-16-16H16C7.16 64 0 71.16 0 80v336c0 17.67 14.33 32 32 32h464c8.84 0 16-7.16 16-16v-16c0-8.84-7.16-16-16-16zm-387.2-48h22.4c6.4 0 12.8-6.4 12.8-12.8v-70.4c0-6.4-6.4-12.8-12.8-12.8h-22.4c-6.4 0-12.8 6.4-12.8 12.8v70.4c0 6.4 6.4 12.8 12.8 12.8z\" class=\"\"><\/path><\/svg><\/i> <img loading=\"lazy\" decoding=\"async\" width=\"16\" height=\"16\" alt=\"Loading\" src=\"https:\/\/temucotelevision.cl\/web\/wp-content\/plugins\/page-views-count\/ajax-loader-2x.gif\" border=0 \/><\/p><div class=\"pvc_clear\"><\/div>\n<p>Valoro y felicito el trabajo de la Fiscal\u00eda y las polic\u00edas por lograr la detenci\u00f3n de H\u00e9ctor Llaitul. Es lo que venia planteando hace rato como Senadora, ya que el principal camino para recuperar la paz en la Macrozona Sur, el estado de derecho y el orden p\u00fablico, es desarticular a estas organizaciones criminales y detener a sus integrantes.<\/p>\n\n\n\n<p>El Estado debe recuperar su presencia en esta parte del territorio nacional y as\u00ed garantizar la seguridad e integridad de la poblaci\u00f3n ante incesantes ataques que por m\u00e1s de 24 a\u00f1os han vivido los habitantes de la Araucan\u00eda de los que son v\u00edctimas a diario.<\/p>\n\n\n\n<p>Este es un buen primer paso y una se\u00f1al positiva, quede debe ir acompa\u00f1ada de reforzar los controles y la labor de las polic\u00edas y las Fuerzas Armadas en el estado de excepci\u00f3n, y prevenir eventuales represalias de grupos armados que adhieren a la CAM.<\/p>\n\n\n\n<p>Esto reafirma lo importante que hubiese sido en esta circunstancia haber tenido promulgada la ley de infraestructura Cr\u00edtica que rechaz\u00f3 la C\u00e1mara de Diputados.<\/p>\n","protected":false},"excerpt":{"rendered":"<div class=\"pvc_clear\"><\/div>\n<p id=\"pvc_stats_34705\" class=\"pvc_stats total_only  \" data-element-id=\"34705\" style=\"\"><i class=\"pvc-stats-icon large\" aria-hidden=\"true\"><svg aria-hidden=\"true\" focusable=\"false\" data-prefix=\"far\" data-icon=\"chart-bar\" role=\"img\" xmlns=\"http:\/\/www.w3.org\/2000\/svg\" viewBox=\"0 0 512 512\" class=\"svg-inline--fa fa-chart-bar fa-w-16 fa-2x\"><path fill=\"currentColor\" d=\"M396.8 352h22.4c6.4 0 12.8-6.4 12.8-12.8V108.8c0-6.4-6.4-12.8-12.8-12.8h-22.4c-6.4 0-12.8 6.4-12.8 12.8v230.4c0 6.4 6.4 12.8 12.8 12.8zm-192 0h22.4c6.4 0 12.8-6.4 12.8-12.8V140.8c0-6.4-6.4-12.8-12.8-12.8h-22.4c-6.4 0-12.8 6.4-12.8 12.8v198.4c0 6.4 6.4 12.8 12.8 12.8zm96 0h22.4c6.4 0 12.8-6.4 12.8-12.8V204.8c0-6.4-6.4-12.8-12.8-12.8h-22.4c-6.4 0-12.8 6.4-12.8 12.8v134.4c0 6.4 6.4 12.8 12.8 12.8zM496 400H48V80c0-8.84-7.16-16-16-16H16C7.16 64 0 71.16 0 80v336c0 17.67 14.33 32 32 32h464c8.84 0 16-7.16 16-16v-16c0-8.84-7.16-16-16-16zm-387.2-48h22.4c6.4 0 12.8-6.4 12.8-12.8v-70.4c0-6.4-6.4-12.8-12.8-12.8h-22.4c-6.4 0-12.8 6.4-12.8 12.8v70.4c0 6.4 6.4 12.8 12.8 12.8z\" class=\"\"><\/path><\/svg><\/i> <img loading=\"lazy\" decoding=\"async\" width=\"16\" height=\"16\" alt=\"Loading\" src=\"https:\/\/temucotelevision.cl\/web\/wp-content\/plugins\/page-views-count\/ajax-loader-2x.gif\" border=0 \/><\/p>\n<div class=\"pvc_clear\"><\/div>\n<p>Valoro y felicito el trabajo de la Fiscal\u00eda y las polic\u00edas por lograr la detenci\u00f3n de H\u00e9ctor Llaitul. Es lo<\/p>\n","protected":false},"author":1,"featured_media":34700,"comment_status":"open","ping_status":"open","sticky":false,"template":"","format":"standard","meta":{"colormag_page_container_layout":"default_layout","colormag_page_sidebar_layout":"default_layout","footnotes":""},"categories":[84],"tags":[934,2149,2065],"class_list":["post-34705","post","type-post","status-publish","format-standard","has-post-thumbnail","hentry","category-politica","tag-detencion","tag-llaitul","tag-senadora"],"a3_pvc":{"activated":true,"total_views":54,"today_views":0},"_links":{"self":[{"href":"https:\/\/temucotelevision.cl\/web\/wp-json\/wp\/v2\/posts\/34705","targetHints":{"allow":["GET"]}}],"collection":[{"href":"https:\/\/temucotelevision.cl\/web\/wp-json\/wp\/v2\/posts"}],"about":[{"href":"https:\/\/temucotelevision.cl\/web\/wp-json\/wp\/v2\/types\/post"}],"author":[{"embeddable":true,"href":"https:\/\/temucotelevision.cl\/web\/wp-json\/wp\/v2\/users\/1"}],"replies":[{"embeddable":true,"href":"https:\/\/temucotelevision.cl\/web\/wp-json\/wp\/v2\/comments?post=34705"}],"version-history":[{"count":1,"href":"https:\/\/temucotelevision.cl\/web\/wp-json\/wp\/v2\/posts\/34705\/revisions"}],"predecessor-version":[{"id":34706,"href":"https:\/\/temucotelevision.cl\/web\/wp-json\/wp\/v2\/posts\/34705\/revisions\/34706"}],"wp:featuredmedia":[{"embeddable":true,"href":"https:\/\/temucotelevision.cl\/web\/wp-json\/wp\/v2\/media\/34700"}],"wp:attachment":[{"href":"https:\/\/temucotelevision.cl\/web\/wp-json\/wp\/v2\/media?parent=34705"}],"wp:term":[{"taxonomy":"category","embeddable":true,"href":"https:\/\/temucotelevision.cl\/web\/wp-json\/wp\/v2\/categories?post=34705"},{"taxonomy":"post_tag","embeddable":true,"href":"https:\/\/temucotelevision.cl\/web\/wp-json\/wp\/v2\/tags?post=34705"}],"curies":[{"name":"wp","href":"https:\/\/api.w.org\/{rel}","templated":true}]}}