{"id":34695,"date":"2022-08-24T11:24:53","date_gmt":"2022-08-24T14:24:53","guid":{"rendered":"https:\/\/temucotelevision.cl\/web\/?p=34695"},"modified":"2022-08-24T11:24:53","modified_gmt":"2022-08-24T14:24:53","slug":"diputado-rathgeb-insiste-en-que-el-presidente-boric-debe-visitar-la-araucania-o-tener-a-un-ministro-o-un-personero-de-gobierno-con-residencia-en-la-macrozona-sur","status":"publish","type":"post","link":"https:\/\/temucotelevision.cl\/web\/2022\/08\/24\/diputado-rathgeb-insiste-en-que-el-presidente-boric-debe-visitar-la-araucania-o-tener-a-un-ministro-o-un-personero-de-gobierno-con-residencia-en-la-macrozona-sur\/","title":{"rendered":"Diputado Rathgeb insiste en que el Presidente Boric debe visitar La Araucan\u00eda o tener a un ministro o un personero de Gobierno con residencia en la Macrozona Sur"},"content":{"rendered":"<div class=\"pvc_clear\"><\/div><p id=\"pvc_stats_34695\" class=\"pvc_stats total_only  \" data-element-id=\"34695\" style=\"\"><i class=\"pvc-stats-icon large\" aria-hidden=\"true\"><svg aria-hidden=\"true\" focusable=\"false\" data-prefix=\"far\" data-icon=\"chart-bar\" role=\"img\" xmlns=\"http:\/\/www.w3.org\/2000\/svg\" viewBox=\"0 0 512 512\" class=\"svg-inline--fa fa-chart-bar fa-w-16 fa-2x\"><path fill=\"currentColor\" d=\"M396.8 352h22.4c6.4 0 12.8-6.4 12.8-12.8V108.8c0-6.4-6.4-12.8-12.8-12.8h-22.4c-6.4 0-12.8 6.4-12.8 12.8v230.4c0 6.4 6.4 12.8 12.8 12.8zm-192 0h22.4c6.4 0 12.8-6.4 12.8-12.8V140.8c0-6.4-6.4-12.8-12.8-12.8h-22.4c-6.4 0-12.8 6.4-12.8 12.8v198.4c0 6.4 6.4 12.8 12.8 12.8zm96 0h22.4c6.4 0 12.8-6.4 12.8-12.8V204.8c0-6.4-6.4-12.8-12.8-12.8h-22.4c-6.4 0-12.8 6.4-12.8 12.8v134.4c0 6.4 6.4 12.8 12.8 12.8zM496 400H48V80c0-8.84-7.16-16-16-16H16C7.16 64 0 71.16 0 80v336c0 17.67 14.33 32 32 32h464c8.84 0 16-7.16 16-16v-16c0-8.84-7.16-16-16-16zm-387.2-48h22.4c6.4 0 12.8-6.4 12.8-12.8v-70.4c0-6.4-6.4-12.8-12.8-12.8h-22.4c-6.4 0-12.8 6.4-12.8 12.8v70.4c0 6.4 6.4 12.8 12.8 12.8z\" class=\"\"><\/path><\/svg><\/i> <img loading=\"lazy\" decoding=\"async\" width=\"16\" height=\"16\" alt=\"Loading\" src=\"https:\/\/temucotelevision.cl\/web\/wp-content\/plugins\/page-views-count\/ajax-loader-2x.gif\" border=0 \/><\/p><div class=\"pvc_clear\"><\/div>\n<p><strong>El congresista est\u00e1 exigiendo al Gobierno que exista un personero que pueda tomar resoluciones en terreno y no estar dependiendo de lo que se resuelva en el nivel central en materia de seguridad.<\/strong><\/p>\n\n\n\n<p>Tras los dichos del Presidente Gabriel Boric que anunci\u00f3 que visitar\u00e1 La Araucan\u00eda una vez que el Plan \u201cBuen Vivir\u201d tenga mayores resultados, el diputado de Renovaci\u00f3n Nacional por la Regi\u00f3n, Jorge Rathgeb Schifferli, lo emplaz\u00f3 a que si no quiere venir en el corto plazo, pueda tener un ministro con residencia en la Macrozona Sur y que tome decisiones en terreno.<\/p>\n\n\n\n<p>Para Rathgeb, la compleja situaci\u00f3n en materia de seguridad que se est\u00e1 viviendo tanto en las provincias de Malleco como tambi\u00e9n de Caut\u00edn, a lo que se suma Arauco y Los R\u00edos, hacen hoy en d\u00eda indispensable que alguien del nivel central est\u00e9 presente en la zona y pueda resolver las contingencias sin esperar llamados desde Santiago.<\/p>\n\n\n\n<p>El parlamentario emplaz\u00f3 al Presidente Boric a visitar La Araucan\u00eda, que no tenga miedos y que eso ser\u00eda un gesto que requieren los habitantes, porque dar\u00eda cuenta de un inter\u00e9s para avanzar en distintas materias, algo que hoy se ve ausente en la agenda del Gobierno.<\/p>\n\n\n\n<p>Rathgeb se\u00f1al\u00f3 que, si el mandatario est\u00e1 timorato de visitar la Regi\u00f3n, tome la determinaci\u00f3n de tener un personero del Ejecutivo con dedicaci\u00f3n exclusiva para destrabar temas y por eso es indispensable que tenga residencia en la Macrozona Sur.<\/p>\n\n\n\n<p>\u201cEl Presidente Boric debe entender que un Gobierno no funciona con control remoto y que es indispensable que tiene que estar en terreno y m\u00e1s en La Araucan\u00eda donde estamos pasando por episodios constantes de violencia, ataques incendiarios sumado tambi\u00e9n a los \u00edndices de pobreza, por eso si no quiere venir, debe designar un ministro o un personero que pueda tomar decisiones sin esperar llamados u \u00f3rdenes desde Santiago, porque ya estamos cansados de la burocracia y la lentitud para que reaccionen las autoridades\u201d, indic\u00f3 Rathgeb.<\/p>\n\n\n\n<p>El congresista concluy\u00f3 sus dichos comentando que la dif\u00edcil situaci\u00f3n que tambi\u00e9n est\u00e1n pasando las familias, los agricultores, los trabajadores, hacen imperiosa la necesidad de que el Ejecutivo adopte medidas y no desaparezca de una Regi\u00f3n que requiere m\u00e1s apoyo.<\/p>\n","protected":false},"excerpt":{"rendered":"<div class=\"pvc_clear\"><\/div>\n<p id=\"pvc_stats_34695\" class=\"pvc_stats total_only  \" data-element-id=\"34695\" style=\"\"><i class=\"pvc-stats-icon large\" aria-hidden=\"true\"><svg aria-hidden=\"true\" focusable=\"false\" data-prefix=\"far\" data-icon=\"chart-bar\" role=\"img\" xmlns=\"http:\/\/www.w3.org\/2000\/svg\" viewBox=\"0 0 512 512\" class=\"svg-inline--fa fa-chart-bar fa-w-16 fa-2x\"><path fill=\"currentColor\" d=\"M396.8 352h22.4c6.4 0 12.8-6.4 12.8-12.8V108.8c0-6.4-6.4-12.8-12.8-12.8h-22.4c-6.4 0-12.8 6.4-12.8 12.8v230.4c0 6.4 6.4 12.8 12.8 12.8zm-192 0h22.4c6.4 0 12.8-6.4 12.8-12.8V140.8c0-6.4-6.4-12.8-12.8-12.8h-22.4c-6.4 0-12.8 6.4-12.8 12.8v198.4c0 6.4 6.4 12.8 12.8 12.8zm96 0h22.4c6.4 0 12.8-6.4 12.8-12.8V204.8c0-6.4-6.4-12.8-12.8-12.8h-22.4c-6.4 0-12.8 6.4-12.8 12.8v134.4c0 6.4 6.4 12.8 12.8 12.8zM496 400H48V80c0-8.84-7.16-16-16-16H16C7.16 64 0 71.16 0 80v336c0 17.67 14.33 32 32 32h464c8.84 0 16-7.16 16-16v-16c0-8.84-7.16-16-16-16zm-387.2-48h22.4c6.4 0 12.8-6.4 12.8-12.8v-70.4c0-6.4-6.4-12.8-12.8-12.8h-22.4c-6.4 0-12.8 6.4-12.8 12.8v70.4c0 6.4 6.4 12.8 12.8 12.8z\" class=\"\"><\/path><\/svg><\/i> <img loading=\"lazy\" decoding=\"async\" width=\"16\" height=\"16\" alt=\"Loading\" src=\"https:\/\/temucotelevision.cl\/web\/wp-content\/plugins\/page-views-count\/ajax-loader-2x.gif\" border=0 \/><\/p>\n<div class=\"pvc_clear\"><\/div>\n<p>El congresista est\u00e1 exigiendo al Gobierno que exista un personero que pueda tomar resoluciones en terreno y no estar dependiendo<\/p>\n","protected":false},"author":1,"featured_media":28850,"comment_status":"open","ping_status":"open","sticky":false,"template":"","format":"standard","meta":{"colormag_page_container_layout":"default_layout","colormag_page_sidebar_layout":"default_layout","footnotes":""},"categories":[84],"tags":[732,154,206,318,5732,176,617],"class_list":["post-34695","post","type-post","status-publish","format-standard","has-post-thumbnail","hentry","category-politica","tag-cargo","tag-diputado","tag-gobierno","tag-ministro","tag-personero","tag-presidente","tag-visita"],"a3_pvc":{"activated":true,"total_views":30,"today_views":0},"_links":{"self":[{"href":"https:\/\/temucotelevision.cl\/web\/wp-json\/wp\/v2\/posts\/34695","targetHints":{"allow":["GET"]}}],"collection":[{"href":"https:\/\/temucotelevision.cl\/web\/wp-json\/wp\/v2\/posts"}],"about":[{"href":"https:\/\/temucotelevision.cl\/web\/wp-json\/wp\/v2\/types\/post"}],"author":[{"embeddable":true,"href":"https:\/\/temucotelevision.cl\/web\/wp-json\/wp\/v2\/users\/1"}],"replies":[{"embeddable":true,"href":"https:\/\/temucotelevision.cl\/web\/wp-json\/wp\/v2\/comments?post=34695"}],"version-history":[{"count":1,"href":"https:\/\/temucotelevision.cl\/web\/wp-json\/wp\/v2\/posts\/34695\/revisions"}],"predecessor-version":[{"id":34696,"href":"https:\/\/temucotelevision.cl\/web\/wp-json\/wp\/v2\/posts\/34695\/revisions\/34696"}],"wp:featuredmedia":[{"embeddable":true,"href":"https:\/\/temucotelevision.cl\/web\/wp-json\/wp\/v2\/media\/28850"}],"wp:attachment":[{"href":"https:\/\/temucotelevision.cl\/web\/wp-json\/wp\/v2\/media?parent=34695"}],"wp:term":[{"taxonomy":"category","embeddable":true,"href":"https:\/\/temucotelevision.cl\/web\/wp-json\/wp\/v2\/categories?post=34695"},{"taxonomy":"post_tag","embeddable":true,"href":"https:\/\/temucotelevision.cl\/web\/wp-json\/wp\/v2\/tags?post=34695"}],"curies":[{"name":"wp","href":"https:\/\/api.w.org\/{rel}","templated":true}]}}