{"id":34686,"date":"2022-08-23T18:11:29","date_gmt":"2022-08-23T21:11:29","guid":{"rendered":"https:\/\/temucotelevision.cl\/web\/?p=34686"},"modified":"2022-08-23T18:11:30","modified_gmt":"2022-08-23T21:11:30","slug":"seremi-de-gobierno-lopez-videla-anuncia-segunda-entrega-de-textos-de-la-propuesta-constitucional-en-la-araucania","status":"publish","type":"post","link":"https:\/\/temucotelevision.cl\/web\/2022\/08\/23\/seremi-de-gobierno-lopez-videla-anuncia-segunda-entrega-de-textos-de-la-propuesta-constitucional-en-la-araucania\/","title":{"rendered":"Seremi de Gobierno L\u00f3pez-Videla anuncia segunda entrega de textos de la propuesta constitucional en La Araucan\u00eda"},"content":{"rendered":"<div class=\"pvc_clear\"><\/div><p id=\"pvc_stats_34686\" class=\"pvc_stats total_only  \" data-element-id=\"34686\" style=\"\"><i class=\"pvc-stats-icon large\" aria-hidden=\"true\"><svg aria-hidden=\"true\" focusable=\"false\" data-prefix=\"far\" data-icon=\"chart-bar\" role=\"img\" xmlns=\"http:\/\/www.w3.org\/2000\/svg\" viewBox=\"0 0 512 512\" class=\"svg-inline--fa fa-chart-bar fa-w-16 fa-2x\"><path fill=\"currentColor\" d=\"M396.8 352h22.4c6.4 0 12.8-6.4 12.8-12.8V108.8c0-6.4-6.4-12.8-12.8-12.8h-22.4c-6.4 0-12.8 6.4-12.8 12.8v230.4c0 6.4 6.4 12.8 12.8 12.8zm-192 0h22.4c6.4 0 12.8-6.4 12.8-12.8V140.8c0-6.4-6.4-12.8-12.8-12.8h-22.4c-6.4 0-12.8 6.4-12.8 12.8v198.4c0 6.4 6.4 12.8 12.8 12.8zm96 0h22.4c6.4 0 12.8-6.4 12.8-12.8V204.8c0-6.4-6.4-12.8-12.8-12.8h-22.4c-6.4 0-12.8 6.4-12.8 12.8v134.4c0 6.4 6.4 12.8 12.8 12.8zM496 400H48V80c0-8.84-7.16-16-16-16H16C7.16 64 0 71.16 0 80v336c0 17.67 14.33 32 32 32h464c8.84 0 16-7.16 16-16v-16c0-8.84-7.16-16-16-16zm-387.2-48h22.4c6.4 0 12.8-6.4 12.8-12.8v-70.4c0-6.4-6.4-12.8-12.8-12.8h-22.4c-6.4 0-12.8 6.4-12.8 12.8v70.4c0 6.4 6.4 12.8 12.8 12.8z\" class=\"\"><\/path><\/svg><\/i> <img loading=\"lazy\" decoding=\"async\" width=\"16\" height=\"16\" alt=\"Loading\" src=\"https:\/\/temucotelevision.cl\/web\/wp-content\/plugins\/page-views-count\/ajax-loader-2x.gif\" border=0 \/><\/p><div class=\"pvc_clear\"><\/div>\n<p>La seremi de Gobierno, Ver\u00f3nica L\u00f3pez-Videla inform\u00f3 que 10.800 nuevos ejemplares de la propuesta de la nueva constituci\u00f3n ser\u00e1n entregados en La Araucan\u00eda, una segunda entrega que se enmarca en el plebiscito de salida del pr\u00f3ximo 4 de septiembre. Instancia obligatoria para todos y todas quienes tengan domicilio electoral en Chile.<\/p>\n\n\n\n<p>\u201cLuego de distribuir m\u00e1s de 30 mil propuestas de la nueva constituci\u00f3n en toda la regi\u00f3n, a clubes deportivos, juntas de vecinos, talleres laborales y todo tipo de organizaciones, llegaron 10.800 copias m\u00e1s que est\u00e1n a disposici\u00f3n de la ciudadan\u00eda en el edificio de la ex intendencia hoy Delegaci\u00f3n Presidencial. Vamos a estar todos los d\u00edas de la semana de 9 a 13 hrs. entregando ejemplares, el acceso ser\u00e1 por calle Claro Solar y en las tardes de las 15 a 17 hrs. Por calle Manuel Bulnes\u201d, explic\u00f3 la vocera de Gobierno de La Araucan\u00eda, Ver\u00f3nica L\u00f3pez-Videla.<\/p>\n\n\n\n<p>La autoridad agreg\u00f3 que \u201clos invitamos a que tengan el texto, es el oficial que se va a someter a plebiscito el 4 de septiembre, que nadie le diga c\u00f3mo votar y sobre todo no se dejen llevar por informaci\u00f3n enga\u00f1osa que hoy d\u00eda circula en redes sociales y por grupo de WhatsApp. Por eso la invitaci\u00f3n es a que lean el texto que realmente vale para votar cualquiera de las dos opciones el pr\u00f3ximo 4 de septiembre\u201d.<\/p>\n\n\n\n<p>Cabe destacar que se informar\u00e1 a trav\u00e9s de redes sociales (Vocer\u00eda de Gobierno Araucan\u00eda) los otros puntos de distribuci\u00f3n que se desplazar\u00e1n en distintos lugares de la regi\u00f3n durante los pr\u00f3ximos d\u00edas.&nbsp;<\/p>\n\n\n\n<p>Finalmente recordemos que en una primera instancia se entreg\u00f3 alrededor de 30 mil ejemplares, lo cual tuvo una alta demanda por parte de la ciudadan\u00eda.<\/p>\n","protected":false},"excerpt":{"rendered":"<div class=\"pvc_clear\"><\/div>\n<p id=\"pvc_stats_34686\" class=\"pvc_stats total_only  \" data-element-id=\"34686\" style=\"\"><i class=\"pvc-stats-icon large\" aria-hidden=\"true\"><svg aria-hidden=\"true\" focusable=\"false\" data-prefix=\"far\" data-icon=\"chart-bar\" role=\"img\" xmlns=\"http:\/\/www.w3.org\/2000\/svg\" viewBox=\"0 0 512 512\" class=\"svg-inline--fa fa-chart-bar fa-w-16 fa-2x\"><path fill=\"currentColor\" d=\"M396.8 352h22.4c6.4 0 12.8-6.4 12.8-12.8V108.8c0-6.4-6.4-12.8-12.8-12.8h-22.4c-6.4 0-12.8 6.4-12.8 12.8v230.4c0 6.4 6.4 12.8 12.8 12.8zm-192 0h22.4c6.4 0 12.8-6.4 12.8-12.8V140.8c0-6.4-6.4-12.8-12.8-12.8h-22.4c-6.4 0-12.8 6.4-12.8 12.8v198.4c0 6.4 6.4 12.8 12.8 12.8zm96 0h22.4c6.4 0 12.8-6.4 12.8-12.8V204.8c0-6.4-6.4-12.8-12.8-12.8h-22.4c-6.4 0-12.8 6.4-12.8 12.8v134.4c0 6.4 6.4 12.8 12.8 12.8zM496 400H48V80c0-8.84-7.16-16-16-16H16C7.16 64 0 71.16 0 80v336c0 17.67 14.33 32 32 32h464c8.84 0 16-7.16 16-16v-16c0-8.84-7.16-16-16-16zm-387.2-48h22.4c6.4 0 12.8-6.4 12.8-12.8v-70.4c0-6.4-6.4-12.8-12.8-12.8h-22.4c-6.4 0-12.8 6.4-12.8 12.8v70.4c0 6.4 6.4 12.8 12.8 12.8z\" class=\"\"><\/path><\/svg><\/i> <img loading=\"lazy\" decoding=\"async\" width=\"16\" height=\"16\" alt=\"Loading\" src=\"https:\/\/temucotelevision.cl\/web\/wp-content\/plugins\/page-views-count\/ajax-loader-2x.gif\" border=0 \/><\/p>\n<div class=\"pvc_clear\"><\/div>\n<p>La seremi de Gobierno, Ver\u00f3nica L\u00f3pez-Videla inform\u00f3 que 10.800 nuevos ejemplares de la propuesta de la nueva constituci\u00f3n ser\u00e1n entregados<\/p>\n","protected":false},"author":1,"featured_media":34687,"comment_status":"open","ping_status":"open","sticky":false,"template":"","format":"standard","meta":{"colormag_page_container_layout":"default_layout","colormag_page_sidebar_layout":"default_layout","footnotes":""},"categories":[14],"tags":[3592,206,2575,232,661],"class_list":["post-34686","post","type-post","status-publish","format-standard","has-post-thumbnail","hentry","category-temuco","tag-constitucional","tag-gobierno","tag-propuesta","tag-seremi","tag-textos"],"a3_pvc":{"activated":true,"total_views":72,"today_views":0},"_links":{"self":[{"href":"https:\/\/temucotelevision.cl\/web\/wp-json\/wp\/v2\/posts\/34686","targetHints":{"allow":["GET"]}}],"collection":[{"href":"https:\/\/temucotelevision.cl\/web\/wp-json\/wp\/v2\/posts"}],"about":[{"href":"https:\/\/temucotelevision.cl\/web\/wp-json\/wp\/v2\/types\/post"}],"author":[{"embeddable":true,"href":"https:\/\/temucotelevision.cl\/web\/wp-json\/wp\/v2\/users\/1"}],"replies":[{"embeddable":true,"href":"https:\/\/temucotelevision.cl\/web\/wp-json\/wp\/v2\/comments?post=34686"}],"version-history":[{"count":1,"href":"https:\/\/temucotelevision.cl\/web\/wp-json\/wp\/v2\/posts\/34686\/revisions"}],"predecessor-version":[{"id":34688,"href":"https:\/\/temucotelevision.cl\/web\/wp-json\/wp\/v2\/posts\/34686\/revisions\/34688"}],"wp:featuredmedia":[{"embeddable":true,"href":"https:\/\/temucotelevision.cl\/web\/wp-json\/wp\/v2\/media\/34687"}],"wp:attachment":[{"href":"https:\/\/temucotelevision.cl\/web\/wp-json\/wp\/v2\/media?parent=34686"}],"wp:term":[{"taxonomy":"category","embeddable":true,"href":"https:\/\/temucotelevision.cl\/web\/wp-json\/wp\/v2\/categories?post=34686"},{"taxonomy":"post_tag","embeddable":true,"href":"https:\/\/temucotelevision.cl\/web\/wp-json\/wp\/v2\/tags?post=34686"}],"curies":[{"name":"wp","href":"https:\/\/api.w.org\/{rel}","templated":true}]}}