{"id":3468,"date":"2019-05-06T14:02:15","date_gmt":"2019-05-06T17:02:15","guid":{"rendered":"https:\/\/temucotelevision.cl\/web\/?p=3468"},"modified":"2019-05-06T14:02:15","modified_gmt":"2019-05-06T17:02:15","slug":"bono-invierno-anuncian-que-beneficiados-seran-mas-de-88-mil-pensionados-en-la-araucania","status":"publish","type":"post","link":"https:\/\/temucotelevision.cl\/web\/2019\/05\/06\/bono-invierno-anuncian-que-beneficiados-seran-mas-de-88-mil-pensionados-en-la-araucania\/","title":{"rendered":"Bono Invierno: Anuncian que beneficiados ser\u00e1n m\u00e1s de 88 mil pensionados en La Araucan\u00eda"},"content":{"rendered":"<div class=\"pvc_clear\"><\/div>\n<p id=\"pvc_stats_3468\" class=\"pvc_stats total_only  \" data-element-id=\"3468\" style=\"\"><i class=\"pvc-stats-icon large\" aria-hidden=\"true\"><svg aria-hidden=\"true\" focusable=\"false\" data-prefix=\"far\" data-icon=\"chart-bar\" role=\"img\" xmlns=\"http:\/\/www.w3.org\/2000\/svg\" viewBox=\"0 0 512 512\" class=\"svg-inline--fa fa-chart-bar fa-w-16 fa-2x\"><path fill=\"currentColor\" d=\"M396.8 352h22.4c6.4 0 12.8-6.4 12.8-12.8V108.8c0-6.4-6.4-12.8-12.8-12.8h-22.4c-6.4 0-12.8 6.4-12.8 12.8v230.4c0 6.4 6.4 12.8 12.8 12.8zm-192 0h22.4c6.4 0 12.8-6.4 12.8-12.8V140.8c0-6.4-6.4-12.8-12.8-12.8h-22.4c-6.4 0-12.8 6.4-12.8 12.8v198.4c0 6.4 6.4 12.8 12.8 12.8zm96 0h22.4c6.4 0 12.8-6.4 12.8-12.8V204.8c0-6.4-6.4-12.8-12.8-12.8h-22.4c-6.4 0-12.8 6.4-12.8 12.8v134.4c0 6.4 6.4 12.8 12.8 12.8zM496 400H48V80c0-8.84-7.16-16-16-16H16C7.16 64 0 71.16 0 80v336c0 17.67 14.33 32 32 32h464c8.84 0 16-7.16 16-16v-16c0-8.84-7.16-16-16-16zm-387.2-48h22.4c6.4 0 12.8-6.4 12.8-12.8v-70.4c0-6.4-6.4-12.8-12.8-12.8h-22.4c-6.4 0-12.8 6.4-12.8 12.8v70.4c0 6.4 6.4 12.8 12.8 12.8z\" class=\"\"><\/path><\/svg><\/i> <img loading=\"lazy\" decoding=\"async\" width=\"16\" height=\"16\" alt=\"Loading\" src=\"https:\/\/temucotelevision.cl\/web\/wp-content\/plugins\/page-views-count\/ajax-loader-2x.gif\" border=0 \/><\/p>\n<div class=\"pvc_clear\"><\/div>\n<p style=\"text-align: justify;\">A partir del 2 de mayo el Gobierno del Presidente Pi\u00f1era, comenz\u00f3 a entregar el esperado Bono de Invierno para los adultos mayores que cumplen con los requisitos. Para este 2019, el monto del beneficio asciende a $62.791 por pensionado.<\/p>\n<p style=\"text-align: justify;\">El IPS y su red ChileAtiende ya tienen todo coordinado para iniciar el pago del Bono de Invierno que este a\u00f1o llegar\u00e1 a todas las personas que reciban pensiones inferiores o iguales a $161.680. As\u00ed lo inform\u00f3 las autoridades regionales que se dieron cita en las oficinas de ChileAtiende de la ciudad de Temuco.<\/p>\n<p style=\"text-align: justify;\">\u201cPara el Gobierno del Presidente Pi\u00f1era es muy importante entregar una ayuda adicional al presupuesto de los adultos mayores en esta \u00e9poca del a\u00f1o. En esta \u00e9poca dif\u00edcil de a\u00f1o por los gastos que conlleva en calefacci\u00f3n y tantas otras cosas, el Estado quiere ayudar a los adultos mayores para que puedan pasar un mejor invierno\u201d se\u00f1alo la Seremi de Gobierno, P\u00eda Bersezio.<\/p>\n<p style=\"text-align: justify;\">Una de las recientes beneficiarias es do\u00f1a In\u00e9s Vidal, que por primera vez recibir\u00e1 este aporte estatal \u201cestoy muy contenta con la llegada de esta platita, me servir\u00e1 mucho para poder comprar calefacci\u00f3n, unos remedios y una que otra cosita\u201d.<\/p>\n<p style=\"text-align: justify;\">\u00bfQu\u00e9 es el Bono de Invierno?<\/p>\n<p style=\"text-align: justify;\">Se trata de un beneficio en dinero que entrega el Gobierno durante el mes de mayo a los pensionados y pensionadas que cumplan con los requisitos establecidos en la ley, con el objetivo de ayudarles para que puedan enfrentar de mejor manera los gastos que surgen en \u00e9poca invernal.<\/p>\n<p style=\"text-align: justify;\">Tienen derecho al Bono de Invierno los siguientes grupos de pensionados: del Instituto de Previsi\u00f3n Social, IPS; de Pensiones B\u00e1sicas Solidarias (PBS); del Instituto de Seguridad Laboral; de la Direcci\u00f3n de Previsi\u00f3n de Carabineros de Chile (Dipreca), de la Caja de Previsi\u00f3n de la Defensa Nacional (Capredena); de las Mutualidades de Empleadores de la Ley 16.744 de Accidentes del Trabajo y Enfermedades Profesionales; de AFP y Compa\u00f1\u00edas de Seguro que perciban en el mes de mayo el beneficio de Aporte Previsional Solidario de Vejez y de AFP y Compa\u00f1\u00edas de Seguro que reciban pensiones m\u00ednimas con Garant\u00eda Estatal.<\/p>\n<p style=\"text-align: justify;\">El Seremi (S) del Trabajo y Previsi\u00f3n Social, Claudio C\u00e1rcamo se refiri\u00f3 a la cantidad de beneficiarios en la regi\u00f3n, recalcando que \u201ca partir del 2 de mayo m\u00e1s de 88 mil pensionadas y pensionados de nuestro pa\u00eds comenzar\u00e1n a recibir su Bono de Invierno. El Estado desembolsar\u00e1 un monto superior a los 5.500 mil millones de pesos en la entrega de esta ayuda social a los pensionados m\u00e1s vulnerables\u201d.<\/p>\n<p style=\"text-align: justify;\">El IPS ha generado todas las acciones para que a partir del 2 de mayo sus pensionados comiencen a recibir el pago del bono, el cual se incluye en la liquidaci\u00f3n de pago de pensi\u00f3n de ese mes. No deben hacer ning\u00fan tr\u00e1mite adicional para recibir el beneficio.<\/p>\n<p style=\"text-align: justify;\">A su vez, la red de atenci\u00f3n ChileAtiende del IPS estar\u00e1 disponible para atender todas las consultas e inquietudes que puedan tener las personas respecto a este beneficio. De esta forma lo se\u00f1alo, Joaqu\u00edn N\u00fa\u00f1ez, Director Regional (S) del IPS \u201cEn el caso de los beneficiarios y beneficiarias del IPS, el Bono de Invierno se incluy\u00f3, como es habitual, en la liquidaci\u00f3n de pago de pensi\u00f3n del mes de mayo de 2019. Nuestros pensionados no tienen que hacer ning\u00fan tr\u00e1mite para recibir esta ayuda econ\u00f3mica que les entrega el Estado. M\u00e1s informaci\u00f3n sobre el Bono de Invierno en www.ips.gob.cl, www.chileatiende.cl o llame al Call Center 101\u201d.<\/p>\n<p style=\"text-align: justify;\">Adem\u00e1s, la autoridad del IPS, se\u00f1al\u00f3 que \u201ccomo IPS nos interesa proteger la integridad de nuestros pensionados, por eso es recomendable que usted tome ciertas precauciones a la hora de ir a cobrar su pensi\u00f3n:<\/p>\n<p style=\"text-align: justify;\">&#8211; Procure acudir al local de pago acompa\u00f1ado<br \/>\n&#8211; Evite el di\u00e1logo con personas desconocidas a la salida de local<br \/>\n&#8211; Cuente el dinero al interior de las oficinas de pago<br \/>\n&#8211; Guarde su dinero en un lugar seguro antes de abandonar el lugar de pago<br \/>\n&#8211; Sus dudas o consultas h\u00e1gaselas saber a los funcionarios del IPS que est\u00e1n debidamente acreditados o al personal de los locales de pago que est\u00e9n correctamente identificados\u201d.<\/p>\n<p style=\"text-align: justify;\">A nivel nacional, incluyendo el IPS y las otras instituciones de previsi\u00f3n, se estima que el Bono de Invierno llegar\u00e1 a 1 mill\u00f3n 262 mil 600 pensionados. Para la entrega de este beneficio el Estado estima un gasto superior a los 79 mil millones de pesos.<\/p>\n","protected":false},"excerpt":{"rendered":"<div class=\"pvc_clear\"><\/div>\n<p id=\"pvc_stats_3468\" class=\"pvc_stats total_only  \" data-element-id=\"3468\" style=\"\"><i class=\"pvc-stats-icon large\" aria-hidden=\"true\"><svg aria-hidden=\"true\" focusable=\"false\" data-prefix=\"far\" data-icon=\"chart-bar\" role=\"img\" xmlns=\"http:\/\/www.w3.org\/2000\/svg\" viewBox=\"0 0 512 512\" class=\"svg-inline--fa fa-chart-bar fa-w-16 fa-2x\"><path fill=\"currentColor\" d=\"M396.8 352h22.4c6.4 0 12.8-6.4 12.8-12.8V108.8c0-6.4-6.4-12.8-12.8-12.8h-22.4c-6.4 0-12.8 6.4-12.8 12.8v230.4c0 6.4 6.4 12.8 12.8 12.8zm-192 0h22.4c6.4 0 12.8-6.4 12.8-12.8V140.8c0-6.4-6.4-12.8-12.8-12.8h-22.4c-6.4 0-12.8 6.4-12.8 12.8v198.4c0 6.4 6.4 12.8 12.8 12.8zm96 0h22.4c6.4 0 12.8-6.4 12.8-12.8V204.8c0-6.4-6.4-12.8-12.8-12.8h-22.4c-6.4 0-12.8 6.4-12.8 12.8v134.4c0 6.4 6.4 12.8 12.8 12.8zM496 400H48V80c0-8.84-7.16-16-16-16H16C7.16 64 0 71.16 0 80v336c0 17.67 14.33 32 32 32h464c8.84 0 16-7.16 16-16v-16c0-8.84-7.16-16-16-16zm-387.2-48h22.4c6.4 0 12.8-6.4 12.8-12.8v-70.4c0-6.4-6.4-12.8-12.8-12.8h-22.4c-6.4 0-12.8 6.4-12.8 12.8v70.4c0 6.4 6.4 12.8 12.8 12.8z\" class=\"\"><\/path><\/svg><\/i> <img loading=\"lazy\" decoding=\"async\" width=\"16\" height=\"16\" alt=\"Loading\" src=\"https:\/\/temucotelevision.cl\/web\/wp-content\/plugins\/page-views-count\/ajax-loader-2x.gif\" border=0 \/><\/p>\n<div class=\"pvc_clear\"><\/div>\n<p>A partir del 2 de mayo el Gobierno del Presidente Pi\u00f1era, comenz\u00f3 a entregar el esperado Bono de Invierno para<\/p>\n","protected":false},"author":1,"featured_media":3469,"comment_status":"open","ping_status":"open","sticky":false,"template":"","format":"standard","meta":{"colormag_page_container_layout":"default_layout","colormag_page_sidebar_layout":"default_layout","footnotes":""},"categories":[15],"tags":[1363,1365,1364],"class_list":["post-3468","post","type-post","status-publish","format-standard","has-post-thumbnail","hentry","category-la-araucania","tag-bono-invierno","tag-ips","tag-pensionados"],"a3_pvc":{"activated":true,"total_views":18,"today_views":0},"_links":{"self":[{"href":"https:\/\/temucotelevision.cl\/web\/wp-json\/wp\/v2\/posts\/3468","targetHints":{"allow":["GET"]}}],"collection":[{"href":"https:\/\/temucotelevision.cl\/web\/wp-json\/wp\/v2\/posts"}],"about":[{"href":"https:\/\/temucotelevision.cl\/web\/wp-json\/wp\/v2\/types\/post"}],"author":[{"embeddable":true,"href":"https:\/\/temucotelevision.cl\/web\/wp-json\/wp\/v2\/users\/1"}],"replies":[{"embeddable":true,"href":"https:\/\/temucotelevision.cl\/web\/wp-json\/wp\/v2\/comments?post=3468"}],"version-history":[{"count":1,"href":"https:\/\/temucotelevision.cl\/web\/wp-json\/wp\/v2\/posts\/3468\/revisions"}],"predecessor-version":[{"id":3470,"href":"https:\/\/temucotelevision.cl\/web\/wp-json\/wp\/v2\/posts\/3468\/revisions\/3470"}],"wp:featuredmedia":[{"embeddable":true,"href":"https:\/\/temucotelevision.cl\/web\/wp-json\/wp\/v2\/media\/3469"}],"wp:attachment":[{"href":"https:\/\/temucotelevision.cl\/web\/wp-json\/wp\/v2\/media?parent=3468"}],"wp:term":[{"taxonomy":"category","embeddable":true,"href":"https:\/\/temucotelevision.cl\/web\/wp-json\/wp\/v2\/categories?post=3468"},{"taxonomy":"post_tag","embeddable":true,"href":"https:\/\/temucotelevision.cl\/web\/wp-json\/wp\/v2\/tags?post=3468"}],"curies":[{"name":"wp","href":"https:\/\/api.w.org\/{rel}","templated":true}]}}