{"id":34679,"date":"2022-08-23T13:56:52","date_gmt":"2022-08-23T16:56:52","guid":{"rendered":"https:\/\/temucotelevision.cl\/web\/?p=34679"},"modified":"2022-08-23T13:56:53","modified_gmt":"2022-08-23T16:56:53","slug":"udi-anuncia-reforma-constitucional-para-enfrentar-crimen-organizado-y-acusa-al-gobierno-de-no-tener-un-plan","status":"publish","type":"post","link":"https:\/\/temucotelevision.cl\/web\/2022\/08\/23\/udi-anuncia-reforma-constitucional-para-enfrentar-crimen-organizado-y-acusa-al-gobierno-de-no-tener-un-plan\/","title":{"rendered":"UDI anuncia reforma constitucional para enfrentar crimen organizado y acusa al gobierno de no tener un plan"},"content":{"rendered":"<div class=\"pvc_clear\"><\/div><p id=\"pvc_stats_34679\" class=\"pvc_stats total_only  \" data-element-id=\"34679\" style=\"\"><i class=\"pvc-stats-icon large\" aria-hidden=\"true\"><svg aria-hidden=\"true\" focusable=\"false\" data-prefix=\"far\" data-icon=\"chart-bar\" role=\"img\" xmlns=\"http:\/\/www.w3.org\/2000\/svg\" viewBox=\"0 0 512 512\" class=\"svg-inline--fa fa-chart-bar fa-w-16 fa-2x\"><path fill=\"currentColor\" d=\"M396.8 352h22.4c6.4 0 12.8-6.4 12.8-12.8V108.8c0-6.4-6.4-12.8-12.8-12.8h-22.4c-6.4 0-12.8 6.4-12.8 12.8v230.4c0 6.4 6.4 12.8 12.8 12.8zm-192 0h22.4c6.4 0 12.8-6.4 12.8-12.8V140.8c0-6.4-6.4-12.8-12.8-12.8h-22.4c-6.4 0-12.8 6.4-12.8 12.8v198.4c0 6.4 6.4 12.8 12.8 12.8zm96 0h22.4c6.4 0 12.8-6.4 12.8-12.8V204.8c0-6.4-6.4-12.8-12.8-12.8h-22.4c-6.4 0-12.8 6.4-12.8 12.8v134.4c0 6.4 6.4 12.8 12.8 12.8zM496 400H48V80c0-8.84-7.16-16-16-16H16C7.16 64 0 71.16 0 80v336c0 17.67 14.33 32 32 32h464c8.84 0 16-7.16 16-16v-16c0-8.84-7.16-16-16-16zm-387.2-48h22.4c6.4 0 12.8-6.4 12.8-12.8v-70.4c0-6.4-6.4-12.8-12.8-12.8h-22.4c-6.4 0-12.8 6.4-12.8 12.8v70.4c0 6.4 6.4 12.8 12.8 12.8z\" class=\"\"><\/path><\/svg><\/i> <img loading=\"lazy\" decoding=\"async\" width=\"16\" height=\"16\" alt=\"Loading\" src=\"https:\/\/temucotelevision.cl\/web\/wp-content\/plugins\/page-views-count\/ajax-loader-2x.gif\" border=0 \/><\/p><div class=\"pvc_clear\"><\/div>\n<p>Un proyecto de&nbsp;reforma constitucional anunci\u00f3 este lunes la UDI, con el objetivo de obligar al Presidente de la Rep\u00fablica, con un qu\u00f3rum m\u00ednimo de parlamentarios que lo solicite, a que se pronuncie en un plazo de 30 d\u00edas si usar\u00e1 o no los recursos econ\u00f3micos que corresponden al 2% constitucional.&nbsp;<\/p>\n\n\n\n<p>En la contingencia actual, la idea detr\u00e1s de la propuesta es que se utilice para enfrentar la grave situaci\u00f3n de delincuencia y crimen organizado en el pa\u00eds.<\/p>\n\n\n\n<p>\u201cNosotros queremos ser una oposici\u00f3n colaborativa, y por eso hemos planteado distintas f\u00f3rmulas. Una de esas es el uso del 2% constitucional, como se hizo en 2020 a prop\u00f3sito de la pandemia\u201d,&nbsp;dijo el diputado&nbsp;Juan Manuel Fuenzalida, autor de la reforma, en un punto de prensa junto a la directiva de la UDI.<\/p>\n\n\n\n<p>\u201cEn materia de crimen organizado, de la delincuencia com\u00fan, que es violenta, y en materia de inmigraci\u00f3n ilegal, nos hemos enfrentado a un gobierno que le ha bajado el perfil y que no ha tomado en serio estos temas\u201d, agreg\u00f3.<\/p>\n\n\n\n<p>El parlamentario mencion\u00f3 que ya se le envi\u00f3 una carta al Presidente Gabriel Boric, y que no ha habido respuesta. \u201cPor eso estamos planteando una reforma constitucional que permita obligar al Presidente a que se pronuncie respecto del uso de estos recursos, porque as\u00ed vamos a saber las justificaciones que pueda tener para no usarlo y tambi\u00e9n cu\u00e1les son las acciones a seguir\u201d, explic\u00f3.<\/p>\n\n\n\n<p>En la misma l\u00ednea, el presidente de la UDI, Javier Macaya, cuestion\u00f3 al Mandatario por las declaraciones que dio la noche del domingo, sobre la delincuencia, en una entrevista con Chilevisi\u00f3n. \u201cEl Presidente de la Rep\u00fablica contesta que hay una selecci\u00f3n de datos para causarle un perjuicio al gobierno, tratando de eludir la responsabilidad que le cabe a este gobierno en el combate a la delincuencia\u201d, critic\u00f3 Macaya, junto con se\u00f1alar que \u201cac\u00e1 no se est\u00e1n tomando muestras selectivas de datos\u201d. Y agreg\u00f3: \u201cEl principal problema que tiene el Presidente Boric es el combate de la delincuencia y el terrorismo en la macrozona sur, junto con la inflaci\u00f3n. Me encantar\u00eda ver al gobierno m\u00e1s dedicado a estos temas\u201d.<\/p>\n\n\n\n<p>Asimismo, la secretaria general de la UDI,&nbsp;Mar\u00eda Jos\u00e9 Hoffmann, se refiri\u00f3 a las declaraciones de la ministra del Interior, Izkia Siches, sobre la autonom\u00eda de Carabineros. \u201cCuando una ministra no sabe cu\u00e1les son las funciones de la principal fuerza de orden p\u00fablico, que son Carabineros, perm\u00edtanme preocuparme\u201d, coment\u00f3.<\/p>\n\n\n\n<p>Adem\u00e1s, cuestion\u00f3 la falta de un plan por parte del gobierno frente a la delincuencia. \u201cEn un tema tan relevante como el crimen organizado, que estamos viendo en todos los barrios de Chile, en todas las regiones, no hay un plan puntual para enfrentarlo\u201d, dijo, recalcando que \u201cel gobierno no tiene la voluntad\u201d.<\/p>\n\n\n\n<p>Finalmente, llam\u00f3 al Ejecutivo a darle \u201cprioridad\u201d a la reforma constitucional sobre el uso del 2% constitucional.<\/p>\n","protected":false},"excerpt":{"rendered":"<div class=\"pvc_clear\"><\/div>\n<p id=\"pvc_stats_34679\" class=\"pvc_stats total_only  \" data-element-id=\"34679\" style=\"\"><i class=\"pvc-stats-icon large\" aria-hidden=\"true\"><svg aria-hidden=\"true\" focusable=\"false\" data-prefix=\"far\" data-icon=\"chart-bar\" role=\"img\" xmlns=\"http:\/\/www.w3.org\/2000\/svg\" viewBox=\"0 0 512 512\" class=\"svg-inline--fa fa-chart-bar fa-w-16 fa-2x\"><path fill=\"currentColor\" d=\"M396.8 352h22.4c6.4 0 12.8-6.4 12.8-12.8V108.8c0-6.4-6.4-12.8-12.8-12.8h-22.4c-6.4 0-12.8 6.4-12.8 12.8v230.4c0 6.4 6.4 12.8 12.8 12.8zm-192 0h22.4c6.4 0 12.8-6.4 12.8-12.8V140.8c0-6.4-6.4-12.8-12.8-12.8h-22.4c-6.4 0-12.8 6.4-12.8 12.8v198.4c0 6.4 6.4 12.8 12.8 12.8zm96 0h22.4c6.4 0 12.8-6.4 12.8-12.8V204.8c0-6.4-6.4-12.8-12.8-12.8h-22.4c-6.4 0-12.8 6.4-12.8 12.8v134.4c0 6.4 6.4 12.8 12.8 12.8zM496 400H48V80c0-8.84-7.16-16-16-16H16C7.16 64 0 71.16 0 80v336c0 17.67 14.33 32 32 32h464c8.84 0 16-7.16 16-16v-16c0-8.84-7.16-16-16-16zm-387.2-48h22.4c6.4 0 12.8-6.4 12.8-12.8v-70.4c0-6.4-6.4-12.8-12.8-12.8h-22.4c-6.4 0-12.8 6.4-12.8 12.8v70.4c0 6.4 6.4 12.8 12.8 12.8z\" class=\"\"><\/path><\/svg><\/i> <img loading=\"lazy\" decoding=\"async\" width=\"16\" height=\"16\" alt=\"Loading\" src=\"https:\/\/temucotelevision.cl\/web\/wp-content\/plugins\/page-views-count\/ajax-loader-2x.gif\" border=0 \/><\/p>\n<div class=\"pvc_clear\"><\/div>\n<p>Un proyecto de&nbsp;reforma constitucional anunci\u00f3 este lunes la UDI, con el objetivo de obligar al Presidente de la Rep\u00fablica, con<\/p>\n","protected":false},"author":1,"featured_media":34680,"comment_status":"open","ping_status":"open","sticky":false,"template":"","format":"standard","meta":{"colormag_page_container_layout":"default_layout","colormag_page_sidebar_layout":"default_layout","footnotes":""},"categories":[84],"tags":[3592,2272,206,205,112,1355],"class_list":["post-34679","post","type-post","status-publish","format-standard","has-post-thumbnail","hentry","category-politica","tag-constitucional","tag-crimen","tag-gobierno","tag-plan","tag-reforma","tag-udi"],"a3_pvc":{"activated":true,"total_views":26,"today_views":0},"_links":{"self":[{"href":"https:\/\/temucotelevision.cl\/web\/wp-json\/wp\/v2\/posts\/34679","targetHints":{"allow":["GET"]}}],"collection":[{"href":"https:\/\/temucotelevision.cl\/web\/wp-json\/wp\/v2\/posts"}],"about":[{"href":"https:\/\/temucotelevision.cl\/web\/wp-json\/wp\/v2\/types\/post"}],"author":[{"embeddable":true,"href":"https:\/\/temucotelevision.cl\/web\/wp-json\/wp\/v2\/users\/1"}],"replies":[{"embeddable":true,"href":"https:\/\/temucotelevision.cl\/web\/wp-json\/wp\/v2\/comments?post=34679"}],"version-history":[{"count":1,"href":"https:\/\/temucotelevision.cl\/web\/wp-json\/wp\/v2\/posts\/34679\/revisions"}],"predecessor-version":[{"id":34681,"href":"https:\/\/temucotelevision.cl\/web\/wp-json\/wp\/v2\/posts\/34679\/revisions\/34681"}],"wp:featuredmedia":[{"embeddable":true,"href":"https:\/\/temucotelevision.cl\/web\/wp-json\/wp\/v2\/media\/34680"}],"wp:attachment":[{"href":"https:\/\/temucotelevision.cl\/web\/wp-json\/wp\/v2\/media?parent=34679"}],"wp:term":[{"taxonomy":"category","embeddable":true,"href":"https:\/\/temucotelevision.cl\/web\/wp-json\/wp\/v2\/categories?post=34679"},{"taxonomy":"post_tag","embeddable":true,"href":"https:\/\/temucotelevision.cl\/web\/wp-json\/wp\/v2\/tags?post=34679"}],"curies":[{"name":"wp","href":"https:\/\/api.w.org\/{rel}","templated":true}]}}