{"id":34672,"date":"2022-08-23T11:30:33","date_gmt":"2022-08-23T14:30:33","guid":{"rendered":"https:\/\/temucotelevision.cl\/web\/?p=34672"},"modified":"2022-08-23T11:30:34","modified_gmt":"2022-08-23T14:30:34","slug":"demuelen-exdiscoteque-costa-21-foco-de-riesgo-e-inseguridad-en-el-centro-de-temuco","status":"publish","type":"post","link":"https:\/\/temucotelevision.cl\/web\/2022\/08\/23\/demuelen-exdiscoteque-costa-21-foco-de-riesgo-e-inseguridad-en-el-centro-de-temuco\/","title":{"rendered":"Demuelen exDiscoteque \u201cCosta 21\u201d, foco de riesgo e inseguridad en el centro de Temuco\u00a0"},"content":{"rendered":"<div class=\"pvc_clear\"><\/div><p id=\"pvc_stats_34672\" class=\"pvc_stats total_only  \" data-element-id=\"34672\" style=\"\"><i class=\"pvc-stats-icon large\" aria-hidden=\"true\"><svg aria-hidden=\"true\" focusable=\"false\" data-prefix=\"far\" data-icon=\"chart-bar\" role=\"img\" xmlns=\"http:\/\/www.w3.org\/2000\/svg\" viewBox=\"0 0 512 512\" class=\"svg-inline--fa fa-chart-bar fa-w-16 fa-2x\"><path fill=\"currentColor\" d=\"M396.8 352h22.4c6.4 0 12.8-6.4 12.8-12.8V108.8c0-6.4-6.4-12.8-12.8-12.8h-22.4c-6.4 0-12.8 6.4-12.8 12.8v230.4c0 6.4 6.4 12.8 12.8 12.8zm-192 0h22.4c6.4 0 12.8-6.4 12.8-12.8V140.8c0-6.4-6.4-12.8-12.8-12.8h-22.4c-6.4 0-12.8 6.4-12.8 12.8v198.4c0 6.4 6.4 12.8 12.8 12.8zm96 0h22.4c6.4 0 12.8-6.4 12.8-12.8V204.8c0-6.4-6.4-12.8-12.8-12.8h-22.4c-6.4 0-12.8 6.4-12.8 12.8v134.4c0 6.4 6.4 12.8 12.8 12.8zM496 400H48V80c0-8.84-7.16-16-16-16H16C7.16 64 0 71.16 0 80v336c0 17.67 14.33 32 32 32h464c8.84 0 16-7.16 16-16v-16c0-8.84-7.16-16-16-16zm-387.2-48h22.4c6.4 0 12.8-6.4 12.8-12.8v-70.4c0-6.4-6.4-12.8-12.8-12.8h-22.4c-6.4 0-12.8 6.4-12.8 12.8v70.4c0 6.4 6.4 12.8 12.8 12.8z\" class=\"\"><\/path><\/svg><\/i> <img loading=\"lazy\" decoding=\"async\" width=\"16\" height=\"16\" alt=\"Loading\" src=\"https:\/\/temucotelevision.cl\/web\/wp-content\/plugins\/page-views-count\/ajax-loader-2x.gif\" border=0 \/><\/p><div class=\"pvc_clear\"><\/div>\n<p><em>Alcalde Neira afirm\u00f3 que los due\u00f1os se har\u00e1n finalmente responsables de costear \u00edntegramente los gastos asociados al derrumbe del inmueble.&nbsp;&nbsp;<\/em><\/p>\n\n\n\n<p>Luego de resultar abandonada, ocupada ilegalmente y siniestrada por un incendio, este viernes se concret\u00f3 finalmente la demolici\u00f3n de la exDiscotec Costa 21, tambi\u00e9n exTumbao, propiedad ubicada en calle Aldunate en pleno centro de Temuco.&nbsp;<\/p>\n\n\n\n<p>El alcalde Roberto Neira destac\u00f3 que finalmente ser\u00e1 el propietario del inmueble quien asumir\u00e1 el costo de la demolici\u00f3n en su condici\u00f3n de &#8220;mandante&#8221; y no la Municipalidad de Temuco, que en principio se har\u00eda responsable del costo a trav\u00e9s de un proceso de juicio que realizar\u00eda en contra de los due\u00f1os.<\/p>\n\n\n\n<p>Este inmueble de propiedad privada le fue decretada la orden de demolici\u00f3n con el prop\u00f3sito de dar termino a los m\u00faltiples fen\u00f3menos de inseguridad, incivilidad y conflictos que ocasionaron ocupantes ilegales en contra de vecinos y vecinas del sector.<\/p>\n\n\n\n<p>\u201cDespu\u00e9s de hacer todos los tr\u00e1mites legales y administrativos logramos (la demolici\u00f3n del inmueble) y llegamos a un acuerdo con el due\u00f1o. \u00cdbamos a hacer la demolici\u00f3n con presupuesto municipal y despu\u00e9s recuperar esos recursos mediante juicio contra los due\u00f1os, sin embargo, ellos, para evitarse un juicio futuro decidieron hacer todos los avances para poder demoler por fin Costa 21 que es un centro de mucha problem\u00e1tica, de delincuencia, de afectaci\u00f3n a vecinos que llevan muchos a\u00f1os viviendo en el centro de la ciudad\u201d, indic\u00f3 el alcalde de Temuco, Roberto Neira.&nbsp;<\/p>\n\n\n\n<p><strong>SITIOS INSEGUROS<\/strong><\/p>\n\n\n\n<p>De acuerdo a lo se\u00f1alado por el propio edil de la capital regional y en base a un trabajo investigativo y de gesti\u00f3n de la Direcci\u00f3n de Seguridad P\u00fablica, \u201cTenemos alrededor de 7 edificios abandonados en el centro de Temuco, estamos haciendo un trabajo de catastro, de ubicaci\u00f3n de due\u00f1os, para luego iniciar los tr\u00e1mites de demoliciones. Ahora, estos tr\u00e1mites no son de corto plazo siempre revisten, al ser propiedad privada, varios temas que exige la ley\u201d.<\/p>\n\n\n\n<p>Tal es el caso de la Exf\u00e1brica Rendel, inmueble ubicado al final de calle O\u2019Higgins contiguo a la v\u00eda f\u00e9rrea donde se realizan fiestas y carreras clandestinas; as\u00ed como en la denominada \u201cCasa Rosada\u201d, edificio en el que tambi\u00e9n se han reportado denuncias ciudadanas producto de diversas incivilidades.<\/p>\n\n\n\n<p>\u201cEn F\u00e1brica Rendel ten\u00edamos todo listo para la demolici\u00f3n, hubo un problema para notificar y buscar a uno de los herederos que se encuentra en la zona central y eso ha retrasado la tramitaci\u00f3n (\u2026) en la casa rosada estamos ubicando a los herederos donde se ha provocado fiestas, consumo de alcohol en la v\u00eda p\u00fablica y actos de violencia por parte de los ocupantes en contra de transe\u00fantes y familias. Tenemos un plan de seguridad para abordar d\u00f3nde se producen las incivilidades, nuestro prop\u00f3sito es trabajar siempre por la seguridad de las vecinas y vecinos haciendo el esfuerzo que se requiera\u201d, puntualiz\u00f3 el alcalde Neira.<\/p>\n\n\n\n<p><strong>AFECTADOS<\/strong><\/p>\n\n\n\n<p>\u201cEsta es la felicidad m\u00e1s grande que puedo tener, ya pas\u00f3 el tiempo de incertidumbre y doy gracias que esto ya se termin\u00f3 y que el sector empiece a tener una nueva mirada\u201d, valor\u00f3 Isabel Navarrete, vecina contigua a la exDiscoteque de calle Aldunate.<\/p>\n\n\n\n<p>\u201cTodas las noches no dorm\u00eda tranquila, fueron a\u00f1os por sacarla, el boche, la m\u00fasica, personas alcoholizadas en la calle, peleas, malos olores, ratones y por suerte esta autoridad s\u00ed nos escuch\u00f3 e hizo algo por los vecinos, le doy las gracias al alcalde Roberto Neira porque al fin se pudo solucionar este problema\u201d, agreg\u00f3 Navarrete.&nbsp;<\/p>\n\n\n\n<p>El llamado de la autoridad es a denunciar a Carabineros cuando haya ocupaci\u00f3n ilegal de inmuebles, para realizar el desalojo inmediato durante las primeras 12 horas del hecho, o bien, denunciar al fono municipal de Seguridad Ciudadana 1409, a fin de que el propio municipio, inicie acciones legales cuando el plazo de 12 horas se haya cumplido y cuando \u00e9l o los propietarios no muestren inter\u00e9s en intervenir o denunciar, como ha ocurrido en este caso.&nbsp;<\/p>\n","protected":false},"excerpt":{"rendered":"<div class=\"pvc_clear\"><\/div>\n<p id=\"pvc_stats_34672\" class=\"pvc_stats total_only  \" data-element-id=\"34672\" style=\"\"><i class=\"pvc-stats-icon large\" aria-hidden=\"true\"><svg aria-hidden=\"true\" focusable=\"false\" data-prefix=\"far\" data-icon=\"chart-bar\" role=\"img\" xmlns=\"http:\/\/www.w3.org\/2000\/svg\" viewBox=\"0 0 512 512\" class=\"svg-inline--fa fa-chart-bar fa-w-16 fa-2x\"><path fill=\"currentColor\" d=\"M396.8 352h22.4c6.4 0 12.8-6.4 12.8-12.8V108.8c0-6.4-6.4-12.8-12.8-12.8h-22.4c-6.4 0-12.8 6.4-12.8 12.8v230.4c0 6.4 6.4 12.8 12.8 12.8zm-192 0h22.4c6.4 0 12.8-6.4 12.8-12.8V140.8c0-6.4-6.4-12.8-12.8-12.8h-22.4c-6.4 0-12.8 6.4-12.8 12.8v198.4c0 6.4 6.4 12.8 12.8 12.8zm96 0h22.4c6.4 0 12.8-6.4 12.8-12.8V204.8c0-6.4-6.4-12.8-12.8-12.8h-22.4c-6.4 0-12.8 6.4-12.8 12.8v134.4c0 6.4 6.4 12.8 12.8 12.8zM496 400H48V80c0-8.84-7.16-16-16-16H16C7.16 64 0 71.16 0 80v336c0 17.67 14.33 32 32 32h464c8.84 0 16-7.16 16-16v-16c0-8.84-7.16-16-16-16zm-387.2-48h22.4c6.4 0 12.8-6.4 12.8-12.8v-70.4c0-6.4-6.4-12.8-12.8-12.8h-22.4c-6.4 0-12.8 6.4-12.8 12.8v70.4c0 6.4 6.4 12.8 12.8 12.8z\" class=\"\"><\/path><\/svg><\/i> <img loading=\"lazy\" decoding=\"async\" width=\"16\" height=\"16\" alt=\"Loading\" src=\"https:\/\/temucotelevision.cl\/web\/wp-content\/plugins\/page-views-count\/ajax-loader-2x.gif\" border=0 \/><\/p>\n<div class=\"pvc_clear\"><\/div>\n<p>Alcalde Neira afirm\u00f3 que los due\u00f1os se har\u00e1n finalmente responsables de costear \u00edntegramente los gastos asociados al derrumbe del inmueble.&nbsp;&nbsp;<\/p>\n","protected":false},"author":1,"featured_media":34673,"comment_status":"open","ping_status":"open","sticky":false,"template":"","format":"standard","meta":{"colormag_page_container_layout":"default_layout","colormag_page_sidebar_layout":"default_layout","footnotes":""},"categories":[14],"tags":[202,252,5252,5729,3724,399],"class_list":["post-34672","post","type-post","status-publish","format-standard","has-post-thumbnail","hentry","category-temuco","tag-alcalde","tag-centro","tag-costa21","tag-exdiscoteque","tag-inseguridad","tag-seguridad"],"a3_pvc":{"activated":true,"total_views":82,"today_views":0},"_links":{"self":[{"href":"https:\/\/temucotelevision.cl\/web\/wp-json\/wp\/v2\/posts\/34672","targetHints":{"allow":["GET"]}}],"collection":[{"href":"https:\/\/temucotelevision.cl\/web\/wp-json\/wp\/v2\/posts"}],"about":[{"href":"https:\/\/temucotelevision.cl\/web\/wp-json\/wp\/v2\/types\/post"}],"author":[{"embeddable":true,"href":"https:\/\/temucotelevision.cl\/web\/wp-json\/wp\/v2\/users\/1"}],"replies":[{"embeddable":true,"href":"https:\/\/temucotelevision.cl\/web\/wp-json\/wp\/v2\/comments?post=34672"}],"version-history":[{"count":1,"href":"https:\/\/temucotelevision.cl\/web\/wp-json\/wp\/v2\/posts\/34672\/revisions"}],"predecessor-version":[{"id":34674,"href":"https:\/\/temucotelevision.cl\/web\/wp-json\/wp\/v2\/posts\/34672\/revisions\/34674"}],"wp:featuredmedia":[{"embeddable":true,"href":"https:\/\/temucotelevision.cl\/web\/wp-json\/wp\/v2\/media\/34673"}],"wp:attachment":[{"href":"https:\/\/temucotelevision.cl\/web\/wp-json\/wp\/v2\/media?parent=34672"}],"wp:term":[{"taxonomy":"category","embeddable":true,"href":"https:\/\/temucotelevision.cl\/web\/wp-json\/wp\/v2\/categories?post=34672"},{"taxonomy":"post_tag","embeddable":true,"href":"https:\/\/temucotelevision.cl\/web\/wp-json\/wp\/v2\/tags?post=34672"}],"curies":[{"name":"wp","href":"https:\/\/api.w.org\/{rel}","templated":true}]}}