{"id":34665,"date":"2022-08-22T22:58:00","date_gmt":"2022-08-23T01:58:00","guid":{"rendered":"https:\/\/temucotelevision.cl\/web\/?p=34665"},"modified":"2022-08-22T23:54:32","modified_gmt":"2022-08-23T02:54:32","slug":"temuco-45-mil-personas-vivieron-la-fiesta-ciudadana-de-la-ninez-en-el-parque-isla-cautin","status":"publish","type":"post","link":"https:\/\/temucotelevision.cl\/web\/2022\/08\/22\/temuco-45-mil-personas-vivieron-la-fiesta-ciudadana-de-la-ninez-en-el-parque-isla-cautin\/","title":{"rendered":"Temuco: 45 mil personas vivieron la Fiesta Ciudadana de la Ni\u00f1ez en el Parque Isla Caut\u00edn"},"content":{"rendered":"<div class=\"pvc_clear\"><\/div><p id=\"pvc_stats_34665\" class=\"pvc_stats total_only  \" data-element-id=\"34665\" style=\"\"><i class=\"pvc-stats-icon large\" aria-hidden=\"true\"><svg aria-hidden=\"true\" focusable=\"false\" data-prefix=\"far\" data-icon=\"chart-bar\" role=\"img\" xmlns=\"http:\/\/www.w3.org\/2000\/svg\" viewBox=\"0 0 512 512\" class=\"svg-inline--fa fa-chart-bar fa-w-16 fa-2x\"><path fill=\"currentColor\" d=\"M396.8 352h22.4c6.4 0 12.8-6.4 12.8-12.8V108.8c0-6.4-6.4-12.8-12.8-12.8h-22.4c-6.4 0-12.8 6.4-12.8 12.8v230.4c0 6.4 6.4 12.8 12.8 12.8zm-192 0h22.4c6.4 0 12.8-6.4 12.8-12.8V140.8c0-6.4-6.4-12.8-12.8-12.8h-22.4c-6.4 0-12.8 6.4-12.8 12.8v198.4c0 6.4 6.4 12.8 12.8 12.8zm96 0h22.4c6.4 0 12.8-6.4 12.8-12.8V204.8c0-6.4-6.4-12.8-12.8-12.8h-22.4c-6.4 0-12.8 6.4-12.8 12.8v134.4c0 6.4 6.4 12.8 12.8 12.8zM496 400H48V80c0-8.84-7.16-16-16-16H16C7.16 64 0 71.16 0 80v336c0 17.67 14.33 32 32 32h464c8.84 0 16-7.16 16-16v-16c0-8.84-7.16-16-16-16zm-387.2-48h22.4c6.4 0 12.8-6.4 12.8-12.8v-70.4c0-6.4-6.4-12.8-12.8-12.8h-22.4c-6.4 0-12.8 6.4-12.8 12.8v70.4c0 6.4 6.4 12.8 12.8 12.8z\" class=\"\"><\/path><\/svg><\/i> <img loading=\"lazy\" decoding=\"async\" width=\"16\" height=\"16\" alt=\"Loading\" src=\"https:\/\/temucotelevision.cl\/web\/wp-content\/plugins\/page-views-count\/ajax-loader-2x.gif\" border=0 \/><\/p><div class=\"pvc_clear\"><\/div>\n<p><em>Como el evento masivo m\u00e1s grande desde el a\u00f1o 2019, fue catalogada la &#8220;Fiesta Ciudadana de la Ni\u00f1ez&#8221;, actividad organizada por el municipio de Temuco en el Parque Isla Caut\u00edn, espacio en el que se desarrollaron diferentes actividades infantiles, con el prop\u00f3sito de ofrecer un panorama gratuito de esparcimiento a las familias de Temuco y la Regi\u00f3n.<\/em><\/p>\n\n\n\n<p>Patios de comida, juegos infantiles inflables, pinta caritas, demostraciones de bomberos, trencito para recorrer el parque, demostraci\u00f3n de capoeira, skater, adopci\u00f3n de mascotas, entre otras actividades, todas con las m\u00e1ximas medidas de seguridad y con el prop\u00f3sito de recreaci\u00f3n. El alcalde Roberto Neira valor\u00f3 la instancia, se\u00f1alando, \u201cesta fue una gran actividad que organizamos para las familias de nuestra comuna, adem\u00e1s de entregar un momento de esparcimiento, tambi\u00e9n generamos un espacio para que los emprendedores puedan desarrollar sus actividades comerciales. Estamos muy satisfechos con el resultado y sobre todo con la respuesta de las y los vecinos que han asistido en forma masiva, respaldando este esfuerzo del municipio\u201d, indic\u00f3.<\/p>\n\n\n\n<p>En el marco del apoyo a los emprendimientos locales se habilitaron dos patios de comida con food truck y una feria con artesanos, chocolater\u00edas artesanales, estampados, productos para la belleza, entre otros. Rosana Obreque, emprendedora que particip\u00f3 de la actividad, indic\u00f3, \u201cestoy s\u00faper contenta de esta experiencia, por la invitaci\u00f3n que me hizo a Municipalidad de participar en esta feria que ha sido realmente maravillosa, espectacular, mucha gente, se pas\u00f3 muy bien, as\u00ed que agradezco 100% a la Municipalidad y al Alcalde Don Roberto Neira por esta posibilidad que nos da a los emprendedores de poder participar y poder vender nuestros productos, espero que se siga repitiendo porque este es un maravilloso lugar y as\u00ed le damos mucha m\u00e1s vida a nuestra ciudad\u201d&nbsp;<\/p>\n\n\n\n<p>Las actividades continuaran el pr\u00f3ximo fin de semana con la \u201cFiesta Ciudadana de la Ni\u00f1ez\u201d, actividad organizada por la Direcci\u00f3n de Desarrollo Comunitario (Dideco) en el Museo Ferroviario (Barros Arana #0565), desde las 12.00 hasta las 17.30 horas, con actividades de entretenci\u00f3n y esparcimiento para la familia, enfocada en los ni\u00f1os y ni\u00f1as, con pintacaritas, talleres de globoflexia, pintura, mandalas, malabarismo, concursos y sorpresas.<\/p>\n\n\n\n<figure class=\"wp-block-image size-large\"><img loading=\"lazy\" decoding=\"async\" width=\"1024\" height=\"769\" src=\"https:\/\/temucotelevision.cl\/web\/wp-content\/uploads\/2022\/08\/Fiesta-Ninez3-1024x769.jpeg\" alt=\"\" class=\"wp-image-34667\" srcset=\"https:\/\/temucotelevision.cl\/web\/wp-content\/uploads\/2022\/08\/Fiesta-Ninez3-1024x769.jpeg 1024w, https:\/\/temucotelevision.cl\/web\/wp-content\/uploads\/2022\/08\/Fiesta-Ninez3-768x576.jpeg 768w, https:\/\/temucotelevision.cl\/web\/wp-content\/uploads\/2022\/08\/Fiesta-Ninez3-1536x1153.jpeg 1536w, https:\/\/temucotelevision.cl\/web\/wp-content\/uploads\/2022\/08\/Fiesta-Ninez3.jpeg 2000w\" sizes=\"auto, (max-width: 1024px) 100vw, 1024px\" \/><\/figure>\n\n\n\n<figure class=\"wp-block-image size-large\"><img loading=\"lazy\" decoding=\"async\" width=\"1024\" height=\"579\" src=\"https:\/\/temucotelevision.cl\/web\/wp-content\/uploads\/2022\/08\/Fiesta-Ninez4-1024x579.jpeg\" alt=\"\" class=\"wp-image-34670\" srcset=\"https:\/\/temucotelevision.cl\/web\/wp-content\/uploads\/2022\/08\/Fiesta-Ninez4-1024x579.jpeg 1024w, https:\/\/temucotelevision.cl\/web\/wp-content\/uploads\/2022\/08\/Fiesta-Ninez4-768x434.jpeg 768w, https:\/\/temucotelevision.cl\/web\/wp-content\/uploads\/2022\/08\/Fiesta-Ninez4-1536x868.jpeg 1536w, https:\/\/temucotelevision.cl\/web\/wp-content\/uploads\/2022\/08\/Fiesta-Ninez4.jpeg 2000w\" sizes=\"auto, (max-width: 1024px) 100vw, 1024px\" \/><\/figure>\n","protected":false},"excerpt":{"rendered":"<div class=\"pvc_clear\"><\/div>\n<p id=\"pvc_stats_34665\" class=\"pvc_stats total_only  \" data-element-id=\"34665\" style=\"\"><i class=\"pvc-stats-icon large\" aria-hidden=\"true\"><svg aria-hidden=\"true\" focusable=\"false\" data-prefix=\"far\" data-icon=\"chart-bar\" role=\"img\" xmlns=\"http:\/\/www.w3.org\/2000\/svg\" viewBox=\"0 0 512 512\" class=\"svg-inline--fa fa-chart-bar fa-w-16 fa-2x\"><path fill=\"currentColor\" d=\"M396.8 352h22.4c6.4 0 12.8-6.4 12.8-12.8V108.8c0-6.4-6.4-12.8-12.8-12.8h-22.4c-6.4 0-12.8 6.4-12.8 12.8v230.4c0 6.4 6.4 12.8 12.8 12.8zm-192 0h22.4c6.4 0 12.8-6.4 12.8-12.8V140.8c0-6.4-6.4-12.8-12.8-12.8h-22.4c-6.4 0-12.8 6.4-12.8 12.8v198.4c0 6.4 6.4 12.8 12.8 12.8zm96 0h22.4c6.4 0 12.8-6.4 12.8-12.8V204.8c0-6.4-6.4-12.8-12.8-12.8h-22.4c-6.4 0-12.8 6.4-12.8 12.8v134.4c0 6.4 6.4 12.8 12.8 12.8zM496 400H48V80c0-8.84-7.16-16-16-16H16C7.16 64 0 71.16 0 80v336c0 17.67 14.33 32 32 32h464c8.84 0 16-7.16 16-16v-16c0-8.84-7.16-16-16-16zm-387.2-48h22.4c6.4 0 12.8-6.4 12.8-12.8v-70.4c0-6.4-6.4-12.8-12.8-12.8h-22.4c-6.4 0-12.8 6.4-12.8 12.8v70.4c0 6.4 6.4 12.8 12.8 12.8z\" class=\"\"><\/path><\/svg><\/i> <img loading=\"lazy\" decoding=\"async\" width=\"16\" height=\"16\" alt=\"Loading\" src=\"https:\/\/temucotelevision.cl\/web\/wp-content\/plugins\/page-views-count\/ajax-loader-2x.gif\" border=0 \/><\/p>\n<div class=\"pvc_clear\"><\/div>\n<p>Como el evento masivo m\u00e1s grande desde el a\u00f1o 2019, fue catalogada la &#8220;Fiesta Ciudadana de la Ni\u00f1ez&#8221;, actividad organizada<\/p>\n","protected":false},"author":1,"featured_media":34666,"comment_status":"open","ping_status":"open","sticky":false,"template":"","format":"standard","meta":{"colormag_page_container_layout":"default_layout","colormag_page_sidebar_layout":"default_layout","footnotes":""},"categories":[15,86],"tags":[361,2105,309,3034,279],"class_list":["post-34665","post","type-post","status-publish","format-standard","has-post-thumbnail","hentry","category-la-araucania","category-panoramas","tag-cautin","tag-ciudadana","tag-fiesta","tag-ninez","tag-parque"],"a3_pvc":{"activated":true,"total_views":230,"today_views":0},"_links":{"self":[{"href":"https:\/\/temucotelevision.cl\/web\/wp-json\/wp\/v2\/posts\/34665","targetHints":{"allow":["GET"]}}],"collection":[{"href":"https:\/\/temucotelevision.cl\/web\/wp-json\/wp\/v2\/posts"}],"about":[{"href":"https:\/\/temucotelevision.cl\/web\/wp-json\/wp\/v2\/types\/post"}],"author":[{"embeddable":true,"href":"https:\/\/temucotelevision.cl\/web\/wp-json\/wp\/v2\/users\/1"}],"replies":[{"embeddable":true,"href":"https:\/\/temucotelevision.cl\/web\/wp-json\/wp\/v2\/comments?post=34665"}],"version-history":[{"count":3,"href":"https:\/\/temucotelevision.cl\/web\/wp-json\/wp\/v2\/posts\/34665\/revisions"}],"predecessor-version":[{"id":34671,"href":"https:\/\/temucotelevision.cl\/web\/wp-json\/wp\/v2\/posts\/34665\/revisions\/34671"}],"wp:featuredmedia":[{"embeddable":true,"href":"https:\/\/temucotelevision.cl\/web\/wp-json\/wp\/v2\/media\/34666"}],"wp:attachment":[{"href":"https:\/\/temucotelevision.cl\/web\/wp-json\/wp\/v2\/media?parent=34665"}],"wp:term":[{"taxonomy":"category","embeddable":true,"href":"https:\/\/temucotelevision.cl\/web\/wp-json\/wp\/v2\/categories?post=34665"},{"taxonomy":"post_tag","embeddable":true,"href":"https:\/\/temucotelevision.cl\/web\/wp-json\/wp\/v2\/tags?post=34665"}],"curies":[{"name":"wp","href":"https:\/\/api.w.org\/{rel}","templated":true}]}}