{"id":34659,"date":"2022-08-22T13:28:31","date_gmt":"2022-08-22T16:28:31","guid":{"rendered":"https:\/\/temucotelevision.cl\/web\/?p=34659"},"modified":"2022-08-22T13:28:32","modified_gmt":"2022-08-22T16:28:32","slug":"senador-kast-tras-dichos-de-boric-creo-que-lo-que-corresponde-es-que-el-presidente-se-mantenga-al-margen-de-la-campana","status":"publish","type":"post","link":"https:\/\/temucotelevision.cl\/web\/2022\/08\/22\/senador-kast-tras-dichos-de-boric-creo-que-lo-que-corresponde-es-que-el-presidente-se-mantenga-al-margen-de-la-campana\/","title":{"rendered":"Senador Kast tras dichos de Boric: &#8220;Creo que lo que corresponde es que el presidente se mantenga al margen de la campa\u00f1a&#8221;"},"content":{"rendered":"<div class=\"pvc_clear\"><\/div><p id=\"pvc_stats_34659\" class=\"pvc_stats total_only  \" data-element-id=\"34659\" style=\"\"><i class=\"pvc-stats-icon large\" aria-hidden=\"true\"><svg aria-hidden=\"true\" focusable=\"false\" data-prefix=\"far\" data-icon=\"chart-bar\" role=\"img\" xmlns=\"http:\/\/www.w3.org\/2000\/svg\" viewBox=\"0 0 512 512\" class=\"svg-inline--fa fa-chart-bar fa-w-16 fa-2x\"><path fill=\"currentColor\" d=\"M396.8 352h22.4c6.4 0 12.8-6.4 12.8-12.8V108.8c0-6.4-6.4-12.8-12.8-12.8h-22.4c-6.4 0-12.8 6.4-12.8 12.8v230.4c0 6.4 6.4 12.8 12.8 12.8zm-192 0h22.4c6.4 0 12.8-6.4 12.8-12.8V140.8c0-6.4-6.4-12.8-12.8-12.8h-22.4c-6.4 0-12.8 6.4-12.8 12.8v198.4c0 6.4 6.4 12.8 12.8 12.8zm96 0h22.4c6.4 0 12.8-6.4 12.8-12.8V204.8c0-6.4-6.4-12.8-12.8-12.8h-22.4c-6.4 0-12.8 6.4-12.8 12.8v134.4c0 6.4 6.4 12.8 12.8 12.8zM496 400H48V80c0-8.84-7.16-16-16-16H16C7.16 64 0 71.16 0 80v336c0 17.67 14.33 32 32 32h464c8.84 0 16-7.16 16-16v-16c0-8.84-7.16-16-16-16zm-387.2-48h22.4c6.4 0 12.8-6.4 12.8-12.8v-70.4c0-6.4-6.4-12.8-12.8-12.8h-22.4c-6.4 0-12.8 6.4-12.8 12.8v70.4c0 6.4 6.4 12.8 12.8 12.8z\" class=\"\"><\/path><\/svg><\/i> <img loading=\"lazy\" decoding=\"async\" width=\"16\" height=\"16\" alt=\"Loading\" src=\"https:\/\/temucotelevision.cl\/web\/wp-content\/plugins\/page-views-count\/ajax-loader-2x.gif\" border=0 \/><\/p><div class=\"pvc_clear\"><\/div>\n<p><em>El parlamentario cuestion\u00f3 que el presidente intentara \u201cpautar\u201d el futuro del proceso constituyente en caso de ganar el Rechazo.<\/em><\/p>\n\n\n\n<p>El senador por la Araucan\u00eda, Felipe Kast, se refiri\u00f3 esta ma\u00f1ana a las declaraciones del presidente Boric, quien en una entrevista el d\u00eda de ayer, descart\u00f3 llamar a un nuevo plebiscito de entrada en caso de ganar el Rechazo, insistiendo en que se debe convocar directamente la elecci\u00f3n de una nueva convenci\u00f3n.<\/p>\n\n\n\n<p>A juicio de Kast, \u201choy d\u00eda el presidente Boric no es un interlocutor v\u00e1lido para nosotros en materia del proceso constituyente, porque en vez de dar garant\u00edas a todos los sectores, se transform\u00f3 en jefe de campa\u00f1a\u201d.<\/p>\n\n\n\n<p>\u201cYo le pedir\u00eda-continu\u00f3-que deje de comentar sobre esta materia porque en el Congreso vamos a impulsar probablemente, en caso de ganar el rechazo, un nuevo proceso constituyente, bien hecho, en forma seria, de manera constructiva y transversal\u201d.<\/p>\n\n\n\n<p>Por \u00faltimo, el legislador se\u00f1al\u00f3 que \u201cno va a ser una tarea del gobierno impulsar ese proceso, sino que creo que va a ser un acuerdo m\u00e1s parecido a lo que se hizo el 15 de noviembre, pero dando garant\u00edas de que tengamos un proceso donde esta vez s\u00ed se haga bien la pega y no que tengamos a personas legislando desde la ducha o casos como el de Rojas Vade\u201d.<\/p>\n","protected":false},"excerpt":{"rendered":"<div class=\"pvc_clear\"><\/div>\n<p id=\"pvc_stats_34659\" class=\"pvc_stats total_only  \" data-element-id=\"34659\" style=\"\"><i class=\"pvc-stats-icon large\" aria-hidden=\"true\"><svg aria-hidden=\"true\" focusable=\"false\" data-prefix=\"far\" data-icon=\"chart-bar\" role=\"img\" xmlns=\"http:\/\/www.w3.org\/2000\/svg\" viewBox=\"0 0 512 512\" class=\"svg-inline--fa fa-chart-bar fa-w-16 fa-2x\"><path fill=\"currentColor\" d=\"M396.8 352h22.4c6.4 0 12.8-6.4 12.8-12.8V108.8c0-6.4-6.4-12.8-12.8-12.8h-22.4c-6.4 0-12.8 6.4-12.8 12.8v230.4c0 6.4 6.4 12.8 12.8 12.8zm-192 0h22.4c6.4 0 12.8-6.4 12.8-12.8V140.8c0-6.4-6.4-12.8-12.8-12.8h-22.4c-6.4 0-12.8 6.4-12.8 12.8v198.4c0 6.4 6.4 12.8 12.8 12.8zm96 0h22.4c6.4 0 12.8-6.4 12.8-12.8V204.8c0-6.4-6.4-12.8-12.8-12.8h-22.4c-6.4 0-12.8 6.4-12.8 12.8v134.4c0 6.4 6.4 12.8 12.8 12.8zM496 400H48V80c0-8.84-7.16-16-16-16H16C7.16 64 0 71.16 0 80v336c0 17.67 14.33 32 32 32h464c8.84 0 16-7.16 16-16v-16c0-8.84-7.16-16-16-16zm-387.2-48h22.4c6.4 0 12.8-6.4 12.8-12.8v-70.4c0-6.4-6.4-12.8-12.8-12.8h-22.4c-6.4 0-12.8 6.4-12.8 12.8v70.4c0 6.4 6.4 12.8 12.8 12.8z\" class=\"\"><\/path><\/svg><\/i> <img loading=\"lazy\" decoding=\"async\" width=\"16\" height=\"16\" alt=\"Loading\" src=\"https:\/\/temucotelevision.cl\/web\/wp-content\/plugins\/page-views-count\/ajax-loader-2x.gif\" border=0 \/><\/p>\n<div class=\"pvc_clear\"><\/div>\n<p>El parlamentario cuestion\u00f3 que el presidente intentara \u201cpautar\u201d el futuro del proceso constituyente en caso de ganar el Rechazo. El<\/p>\n","protected":false},"author":1,"featured_media":30589,"comment_status":"open","ping_status":"open","sticky":false,"template":"","format":"standard","meta":{"colormag_page_container_layout":"default_layout","colormag_page_sidebar_layout":"default_layout","footnotes":""},"categories":[84],"tags":[3989,2148,1761,176,1261],"class_list":["post-34659","post","type-post","status-publish","format-standard","has-post-thumbnail","hentry","category-politica","tag-boric","tag-dichos","tag-kast","tag-presidente","tag-senador"],"a3_pvc":{"activated":true,"total_views":38,"today_views":0},"_links":{"self":[{"href":"https:\/\/temucotelevision.cl\/web\/wp-json\/wp\/v2\/posts\/34659","targetHints":{"allow":["GET"]}}],"collection":[{"href":"https:\/\/temucotelevision.cl\/web\/wp-json\/wp\/v2\/posts"}],"about":[{"href":"https:\/\/temucotelevision.cl\/web\/wp-json\/wp\/v2\/types\/post"}],"author":[{"embeddable":true,"href":"https:\/\/temucotelevision.cl\/web\/wp-json\/wp\/v2\/users\/1"}],"replies":[{"embeddable":true,"href":"https:\/\/temucotelevision.cl\/web\/wp-json\/wp\/v2\/comments?post=34659"}],"version-history":[{"count":1,"href":"https:\/\/temucotelevision.cl\/web\/wp-json\/wp\/v2\/posts\/34659\/revisions"}],"predecessor-version":[{"id":34660,"href":"https:\/\/temucotelevision.cl\/web\/wp-json\/wp\/v2\/posts\/34659\/revisions\/34660"}],"wp:featuredmedia":[{"embeddable":true,"href":"https:\/\/temucotelevision.cl\/web\/wp-json\/wp\/v2\/media\/30589"}],"wp:attachment":[{"href":"https:\/\/temucotelevision.cl\/web\/wp-json\/wp\/v2\/media?parent=34659"}],"wp:term":[{"taxonomy":"category","embeddable":true,"href":"https:\/\/temucotelevision.cl\/web\/wp-json\/wp\/v2\/categories?post=34659"},{"taxonomy":"post_tag","embeddable":true,"href":"https:\/\/temucotelevision.cl\/web\/wp-json\/wp\/v2\/tags?post=34659"}],"curies":[{"name":"wp","href":"https:\/\/api.w.org\/{rel}","templated":true}]}}