{"id":34656,"date":"2022-08-22T13:16:07","date_gmt":"2022-08-22T16:16:07","guid":{"rendered":"https:\/\/temucotelevision.cl\/web\/?p=34656"},"modified":"2022-08-22T13:16:08","modified_gmt":"2022-08-22T16:16:08","slug":"gendarmes-de-la-carcel-de-angol-retoman-manifestacion-contra-el-acuerdo-entre-gendarmeria-y-presos-mapuche","status":"publish","type":"post","link":"https:\/\/temucotelevision.cl\/web\/2022\/08\/22\/gendarmes-de-la-carcel-de-angol-retoman-manifestacion-contra-el-acuerdo-entre-gendarmeria-y-presos-mapuche\/","title":{"rendered":"Gendarmes de la C\u00e1rcel de Angol retoman manifestaci\u00f3n contra el acuerdo entre Gendarmer\u00eda y presos mapuche"},"content":{"rendered":"<div class=\"pvc_clear\"><\/div><p id=\"pvc_stats_34656\" class=\"pvc_stats total_only  \" data-element-id=\"34656\" style=\"\"><i class=\"pvc-stats-icon large\" aria-hidden=\"true\"><svg aria-hidden=\"true\" focusable=\"false\" data-prefix=\"far\" data-icon=\"chart-bar\" role=\"img\" xmlns=\"http:\/\/www.w3.org\/2000\/svg\" viewBox=\"0 0 512 512\" class=\"svg-inline--fa fa-chart-bar fa-w-16 fa-2x\"><path fill=\"currentColor\" d=\"M396.8 352h22.4c6.4 0 12.8-6.4 12.8-12.8V108.8c0-6.4-6.4-12.8-12.8-12.8h-22.4c-6.4 0-12.8 6.4-12.8 12.8v230.4c0 6.4 6.4 12.8 12.8 12.8zm-192 0h22.4c6.4 0 12.8-6.4 12.8-12.8V140.8c0-6.4-6.4-12.8-12.8-12.8h-22.4c-6.4 0-12.8 6.4-12.8 12.8v198.4c0 6.4 6.4 12.8 12.8 12.8zm96 0h22.4c6.4 0 12.8-6.4 12.8-12.8V204.8c0-6.4-6.4-12.8-12.8-12.8h-22.4c-6.4 0-12.8 6.4-12.8 12.8v134.4c0 6.4 6.4 12.8 12.8 12.8zM496 400H48V80c0-8.84-7.16-16-16-16H16C7.16 64 0 71.16 0 80v336c0 17.67 14.33 32 32 32h464c8.84 0 16-7.16 16-16v-16c0-8.84-7.16-16-16-16zm-387.2-48h22.4c6.4 0 12.8-6.4 12.8-12.8v-70.4c0-6.4-6.4-12.8-12.8-12.8h-22.4c-6.4 0-12.8 6.4-12.8 12.8v70.4c0 6.4 6.4 12.8 12.8 12.8z\" class=\"\"><\/path><\/svg><\/i> <img loading=\"lazy\" decoding=\"async\" width=\"16\" height=\"16\" alt=\"Loading\" src=\"https:\/\/temucotelevision.cl\/web\/wp-content\/plugins\/page-views-count\/ajax-loader-2x.gif\" border=0 \/><\/p><div class=\"pvc_clear\"><\/div>\n<p>Esta ma\u00f1ana los funcionarios penitenciarios volver\u00e1n a manifestarse para denunciar su descontento por las precariedades laborales.<\/p>\n\n\n\n<p>El gremio de gendarmes nuevamente se movilizar\u00e1 a las afueras del Centro de Cumplimiento Penitenciario de Angol por la molestia que existe por el traslado de tres comuneros mapuche al CET de la ciudad.<\/p>\n\n\n\n<p>Los funcionarios penitenciarios tambi\u00e9n est\u00e1n en desacuerdo por el trato distinto que recibe el modelo de prisioneros mapuche por parte del Ministerio de Justicia a diferencia del resto de la poblaci\u00f3n penal.<\/p>\n\n\n\n<p>El gremio tambi\u00e9n reclama por mejoras labores puesto que aseguran que el acuerdo firmado entre el Ministerio de Justicia y el longko de Temucuicui, V\u00edctor Queipul, requiere de mayor seguridad con la misma escasez de recursos.<\/p>\n\n\n\n<p>&#8220;El tema de la movilizaci\u00f3n responde netamente a medidas de seguridad y falta de medidas de seguridad por parte del personal que labora en esta unidad penal. Se generaron protocolos de acuerdos que no fueron consultados ni con censuados con el personal. El discurso que nosotros como funcionarios que trabajamos en este unidad penal siempre va ser el mismo: no tenemos problemas en poder ejercer de mejor manera nuestra labor penitenciaria y poder colaborar en lo que se estime conveniente pero nos resulta gravemente hiriente cuando nos faltan los medios tecnol\u00f3gicos, los recursos para ejercer de mejor manera nuestra labor dentro del penal&#8221;, dijo Cesar Padilla, dirigente de la Asociaci\u00f3n Nacional de Funcionarios Penitenciarios, en conversaci\u00f3n con Canal 13.<\/p>\n\n\n\n<p>Gendarmes acusando que ellos sufren las consecuencias de las decisi\u00f3n que toman la autoridad.<\/p>\n","protected":false},"excerpt":{"rendered":"<div class=\"pvc_clear\"><\/div>\n<p id=\"pvc_stats_34656\" class=\"pvc_stats total_only  \" data-element-id=\"34656\" style=\"\"><i class=\"pvc-stats-icon large\" aria-hidden=\"true\"><svg aria-hidden=\"true\" focusable=\"false\" data-prefix=\"far\" data-icon=\"chart-bar\" role=\"img\" xmlns=\"http:\/\/www.w3.org\/2000\/svg\" viewBox=\"0 0 512 512\" class=\"svg-inline--fa fa-chart-bar fa-w-16 fa-2x\"><path fill=\"currentColor\" d=\"M396.8 352h22.4c6.4 0 12.8-6.4 12.8-12.8V108.8c0-6.4-6.4-12.8-12.8-12.8h-22.4c-6.4 0-12.8 6.4-12.8 12.8v230.4c0 6.4 6.4 12.8 12.8 12.8zm-192 0h22.4c6.4 0 12.8-6.4 12.8-12.8V140.8c0-6.4-6.4-12.8-12.8-12.8h-22.4c-6.4 0-12.8 6.4-12.8 12.8v198.4c0 6.4 6.4 12.8 12.8 12.8zm96 0h22.4c6.4 0 12.8-6.4 12.8-12.8V204.8c0-6.4-6.4-12.8-12.8-12.8h-22.4c-6.4 0-12.8 6.4-12.8 12.8v134.4c0 6.4 6.4 12.8 12.8 12.8zM496 400H48V80c0-8.84-7.16-16-16-16H16C7.16 64 0 71.16 0 80v336c0 17.67 14.33 32 32 32h464c8.84 0 16-7.16 16-16v-16c0-8.84-7.16-16-16-16zm-387.2-48h22.4c6.4 0 12.8-6.4 12.8-12.8v-70.4c0-6.4-6.4-12.8-12.8-12.8h-22.4c-6.4 0-12.8 6.4-12.8 12.8v70.4c0 6.4 6.4 12.8 12.8 12.8z\" class=\"\"><\/path><\/svg><\/i> <img loading=\"lazy\" decoding=\"async\" width=\"16\" height=\"16\" alt=\"Loading\" src=\"https:\/\/temucotelevision.cl\/web\/wp-content\/plugins\/page-views-count\/ajax-loader-2x.gif\" border=0 \/><\/p>\n<div class=\"pvc_clear\"><\/div>\n<p>Esta ma\u00f1ana los funcionarios penitenciarios volver\u00e1n a manifestarse para denunciar su descontento por las precariedades laborales. El gremio de gendarmes<\/p>\n","protected":false},"author":1,"featured_media":34657,"comment_status":"open","ping_status":"open","sticky":false,"template":"","format":"standard","meta":{"colormag_page_container_layout":"default_layout","colormag_page_sidebar_layout":"default_layout","footnotes":""},"categories":[84],"tags":[2965,559,505,154,5727,3047,216,4702],"class_list":["post-34656","post","type-post","status-publish","format-standard","has-post-thumbnail","hentry","category-politica","tag-acuerdos","tag-angol","tag-carcel","tag-diputado","tag-gendarmes","tag-manifestacion","tag-mapuche","tag-presos"],"a3_pvc":{"activated":true,"total_views":63,"today_views":0},"_links":{"self":[{"href":"https:\/\/temucotelevision.cl\/web\/wp-json\/wp\/v2\/posts\/34656","targetHints":{"allow":["GET"]}}],"collection":[{"href":"https:\/\/temucotelevision.cl\/web\/wp-json\/wp\/v2\/posts"}],"about":[{"href":"https:\/\/temucotelevision.cl\/web\/wp-json\/wp\/v2\/types\/post"}],"author":[{"embeddable":true,"href":"https:\/\/temucotelevision.cl\/web\/wp-json\/wp\/v2\/users\/1"}],"replies":[{"embeddable":true,"href":"https:\/\/temucotelevision.cl\/web\/wp-json\/wp\/v2\/comments?post=34656"}],"version-history":[{"count":1,"href":"https:\/\/temucotelevision.cl\/web\/wp-json\/wp\/v2\/posts\/34656\/revisions"}],"predecessor-version":[{"id":34658,"href":"https:\/\/temucotelevision.cl\/web\/wp-json\/wp\/v2\/posts\/34656\/revisions\/34658"}],"wp:featuredmedia":[{"embeddable":true,"href":"https:\/\/temucotelevision.cl\/web\/wp-json\/wp\/v2\/media\/34657"}],"wp:attachment":[{"href":"https:\/\/temucotelevision.cl\/web\/wp-json\/wp\/v2\/media?parent=34656"}],"wp:term":[{"taxonomy":"category","embeddable":true,"href":"https:\/\/temucotelevision.cl\/web\/wp-json\/wp\/v2\/categories?post=34656"},{"taxonomy":"post_tag","embeddable":true,"href":"https:\/\/temucotelevision.cl\/web\/wp-json\/wp\/v2\/tags?post=34656"}],"curies":[{"name":"wp","href":"https:\/\/api.w.org\/{rel}","templated":true}]}}