{"id":34649,"date":"2022-08-22T12:00:33","date_gmt":"2022-08-22T15:00:33","guid":{"rendered":"https:\/\/temucotelevision.cl\/web\/?p=34649"},"modified":"2022-08-22T12:00:33","modified_gmt":"2022-08-22T15:00:33","slug":"hoy-seran-los-funerales-del-bombero-insigne-idelfonso-alvarez","status":"publish","type":"post","link":"https:\/\/temucotelevision.cl\/web\/2022\/08\/22\/hoy-seran-los-funerales-del-bombero-insigne-idelfonso-alvarez\/","title":{"rendered":"Hoy ser\u00e1n los funerales del bombero insigne Idelfonso \u00c1lvarez"},"content":{"rendered":"<div class=\"pvc_clear\"><\/div><p id=\"pvc_stats_34649\" class=\"pvc_stats total_only  \" data-element-id=\"34649\" style=\"\"><i class=\"pvc-stats-icon large\" aria-hidden=\"true\"><svg aria-hidden=\"true\" focusable=\"false\" data-prefix=\"far\" data-icon=\"chart-bar\" role=\"img\" xmlns=\"http:\/\/www.w3.org\/2000\/svg\" viewBox=\"0 0 512 512\" class=\"svg-inline--fa fa-chart-bar fa-w-16 fa-2x\"><path fill=\"currentColor\" d=\"M396.8 352h22.4c6.4 0 12.8-6.4 12.8-12.8V108.8c0-6.4-6.4-12.8-12.8-12.8h-22.4c-6.4 0-12.8 6.4-12.8 12.8v230.4c0 6.4 6.4 12.8 12.8 12.8zm-192 0h22.4c6.4 0 12.8-6.4 12.8-12.8V140.8c0-6.4-6.4-12.8-12.8-12.8h-22.4c-6.4 0-12.8 6.4-12.8 12.8v198.4c0 6.4 6.4 12.8 12.8 12.8zm96 0h22.4c6.4 0 12.8-6.4 12.8-12.8V204.8c0-6.4-6.4-12.8-12.8-12.8h-22.4c-6.4 0-12.8 6.4-12.8 12.8v134.4c0 6.4 6.4 12.8 12.8 12.8zM496 400H48V80c0-8.84-7.16-16-16-16H16C7.16 64 0 71.16 0 80v336c0 17.67 14.33 32 32 32h464c8.84 0 16-7.16 16-16v-16c0-8.84-7.16-16-16-16zm-387.2-48h22.4c6.4 0 12.8-6.4 12.8-12.8v-70.4c0-6.4-6.4-12.8-12.8-12.8h-22.4c-6.4 0-12.8 6.4-12.8 12.8v70.4c0 6.4 6.4 12.8 12.8 12.8z\" class=\"\"><\/path><\/svg><\/i> <img loading=\"lazy\" decoding=\"async\" width=\"16\" height=\"16\" alt=\"Loading\" src=\"https:\/\/temucotelevision.cl\/web\/wp-content\/plugins\/page-views-count\/ajax-loader-2x.gif\" border=0 \/><\/p><div class=\"pvc_clear\"><\/div>\n<p>Hoy lunes, a las 19.30 horas, en el Cementerio General de Temuco, ser\u00e1n los funerales del bombero honorario de la Cuarta Compa\u00f1\u00eda \u201cBomba Espa\u00f1a\u201d, honorario del Cuerpo de Bomberos de Temuco e insigne de Chile, Idelfonso \u00c1lvarez Manosalva, de 82 a\u00f1os de edad.<\/p>\n\n\n\n<p>El superintendente del Cuerpo de Bomberos de Temuco, Armin Llanos, junto con lamentar profundamente la p\u00e9rdida de este antiguo voluntario, inform\u00f3 que \u00c1lvarez hab\u00eda ingresado a la instituci\u00f3n el 16 de enero de 1958 y por tanto, era miembro del selecto grupo de voluntarios que ostentan la calidad de \u201cinsignes de Chile\u201d por tener m\u00e1s de medio siglo de servicio a la comunidad, pues en su caso, superaba los 60 a\u00f1os de trabajo bomberil.<\/p>\n\n\n\n<p>Durante su trayectoria como voluntario, el extinto se desempe\u00f1\u00f3 como capit\u00e1n de la Cuarta Compa\u00f1\u00eda, entre los a\u00f1os 1971 a 1973; y antes de aquello, en 1959 hab\u00eda sido secretario de esa misma unidad bomberil, mientras que en 1966 fue secretario general del Cuerpo de Bomberos de Temuco.<\/p>\n\n\n\n<p>Armin Llanos a\u00f1adi\u00f3 que justamente este a\u00f1o recib\u00eda un homenaje por sus a\u00f1os de servicio, pero no pudo asistir personalmente, ya que se encontraba delicado de salud a causa de padecimientos propios de su edad.<\/p>\n\n\n\n<p>Los restos de Idelfonso \u00c1lvarez son velados en su cuartel, la Cuarta Compa\u00f1\u00eda \u201cBomba Espa\u00f1a\u201d de Temuco, en avenida Francisco Salazar, donde a las 18.30 horas se realizar\u00e1 un responso y tras ello, el cortejo se dirigir\u00e1 al Cementerio General de la capital regional, donde se espera que a las 19.30 horas reciba los honores reglamentarios y sea despedido por representantes de todas las compa\u00f1\u00edas de la instituci\u00f3n.<\/p>\n","protected":false},"excerpt":{"rendered":"<div class=\"pvc_clear\"><\/div>\n<p id=\"pvc_stats_34649\" class=\"pvc_stats total_only  \" data-element-id=\"34649\" style=\"\"><i class=\"pvc-stats-icon large\" aria-hidden=\"true\"><svg aria-hidden=\"true\" focusable=\"false\" data-prefix=\"far\" data-icon=\"chart-bar\" role=\"img\" xmlns=\"http:\/\/www.w3.org\/2000\/svg\" viewBox=\"0 0 512 512\" class=\"svg-inline--fa fa-chart-bar fa-w-16 fa-2x\"><path fill=\"currentColor\" d=\"M396.8 352h22.4c6.4 0 12.8-6.4 12.8-12.8V108.8c0-6.4-6.4-12.8-12.8-12.8h-22.4c-6.4 0-12.8 6.4-12.8 12.8v230.4c0 6.4 6.4 12.8 12.8 12.8zm-192 0h22.4c6.4 0 12.8-6.4 12.8-12.8V140.8c0-6.4-6.4-12.8-12.8-12.8h-22.4c-6.4 0-12.8 6.4-12.8 12.8v198.4c0 6.4 6.4 12.8 12.8 12.8zm96 0h22.4c6.4 0 12.8-6.4 12.8-12.8V204.8c0-6.4-6.4-12.8-12.8-12.8h-22.4c-6.4 0-12.8 6.4-12.8 12.8v134.4c0 6.4 6.4 12.8 12.8 12.8zM496 400H48V80c0-8.84-7.16-16-16-16H16C7.16 64 0 71.16 0 80v336c0 17.67 14.33 32 32 32h464c8.84 0 16-7.16 16-16v-16c0-8.84-7.16-16-16-16zm-387.2-48h22.4c6.4 0 12.8-6.4 12.8-12.8v-70.4c0-6.4-6.4-12.8-12.8-12.8h-22.4c-6.4 0-12.8 6.4-12.8 12.8v70.4c0 6.4 6.4 12.8 12.8 12.8z\" class=\"\"><\/path><\/svg><\/i> <img loading=\"lazy\" decoding=\"async\" width=\"16\" height=\"16\" alt=\"Loading\" src=\"https:\/\/temucotelevision.cl\/web\/wp-content\/plugins\/page-views-count\/ajax-loader-2x.gif\" border=0 \/><\/p>\n<div class=\"pvc_clear\"><\/div>\n<p>Hoy lunes, a las 19.30 horas, en el Cementerio General de Temuco, ser\u00e1n los funerales del bombero honorario de la<\/p>\n","protected":false},"author":1,"featured_media":34650,"comment_status":"open","ping_status":"open","sticky":false,"template":"","format":"standard","meta":{"colormag_page_container_layout":"default_layout","colormag_page_sidebar_layout":"default_layout","footnotes":""},"categories":[14],"tags":[699,948,3151,5725,5724],"class_list":["post-34649","post","type-post","status-publish","format-standard","has-post-thumbnail","hentry","category-temuco","tag-bombero","tag-cementerio","tag-funeral","tag-honorario","tag-insigne"],"a3_pvc":{"activated":true,"total_views":38,"today_views":0},"_links":{"self":[{"href":"https:\/\/temucotelevision.cl\/web\/wp-json\/wp\/v2\/posts\/34649","targetHints":{"allow":["GET"]}}],"collection":[{"href":"https:\/\/temucotelevision.cl\/web\/wp-json\/wp\/v2\/posts"}],"about":[{"href":"https:\/\/temucotelevision.cl\/web\/wp-json\/wp\/v2\/types\/post"}],"author":[{"embeddable":true,"href":"https:\/\/temucotelevision.cl\/web\/wp-json\/wp\/v2\/users\/1"}],"replies":[{"embeddable":true,"href":"https:\/\/temucotelevision.cl\/web\/wp-json\/wp\/v2\/comments?post=34649"}],"version-history":[{"count":1,"href":"https:\/\/temucotelevision.cl\/web\/wp-json\/wp\/v2\/posts\/34649\/revisions"}],"predecessor-version":[{"id":34651,"href":"https:\/\/temucotelevision.cl\/web\/wp-json\/wp\/v2\/posts\/34649\/revisions\/34651"}],"wp:featuredmedia":[{"embeddable":true,"href":"https:\/\/temucotelevision.cl\/web\/wp-json\/wp\/v2\/media\/34650"}],"wp:attachment":[{"href":"https:\/\/temucotelevision.cl\/web\/wp-json\/wp\/v2\/media?parent=34649"}],"wp:term":[{"taxonomy":"category","embeddable":true,"href":"https:\/\/temucotelevision.cl\/web\/wp-json\/wp\/v2\/categories?post=34649"},{"taxonomy":"post_tag","embeddable":true,"href":"https:\/\/temucotelevision.cl\/web\/wp-json\/wp\/v2\/tags?post=34649"}],"curies":[{"name":"wp","href":"https:\/\/api.w.org\/{rel}","templated":true}]}}